{"id":134307,"date":"2023-03-03T05:38:11","date_gmt":"2023-03-03T08:38:11","guid":{"rendered":"http:\/\/argentinamunicipal.com.ar\/argentina\/?p=134307"},"modified":"2023-03-02T17:40:12","modified_gmt":"2023-03-02T20:40:12","slug":"lula-da-silva-recibio-al-pepe-mujica-en-brasilia","status":"publish","type":"post","link":"http:\/\/argentinamunicipal.com.ar\/argentina\/lula-da-silva-recibio-al-pepe-mujica-en-brasilia\/","title":{"rendered":"Lula Da Silva recibi\u00f3 al \u00abPepe\u00bb Mujica en Brasilia"},"content":{"rendered":"<p>Del encuentro entre el presidente brasile\u00f1o y el exmandatario uruguayo participaron tambi\u00e9n el titular de Suterh, V\u00edctor Santa Mar\u00eda, y el exministro de Educaci\u00f3n Nicol\u00e1s Trotta, en representaci\u00f3n de la UMET.<\/p>\n<p>El presidente de Brasil, Lula Da Silva, recibi\u00f3 al expresidente uruguayo Jos\u00e9 \u00abPepe\u00bb Mujica en su despacho del Palacio de Planalto, en Brasilia.<\/p>\n<p>En el encuentro \u2014del que tambi\u00e9n participaron el secretario general del Sindicato \u00danico de Trabajadores de Edificios de Renta y Horizontal (Suterh),\u00a0V\u00edctor Santa Mar\u00eda, y el exministro de Educaci\u00f3n\u00a0Nicol\u00e1s Trotta, en representaci\u00f3n de la Universidad Metropolitana para la Educaci\u00f3n y el Trabajo (UMET)\u2014, el dirigente del Frente Amplio reafirm\u00f3 su compromiso con la \u00abpromoci\u00f3n de un espacio regional de cooperaci\u00f3n e integraci\u00f3n\u00bb.<\/p>\n<p>Desde Argentina, a trav\u00e9s de la UMET, se sumaron a la iniciativa mediante el Instituto Futuro Marco Aurelio Garc\u00eda, fundado junto a Lula da Silva en 2017.<\/p>\n<p>Semanas atr\u00e1s, Trotta hab\u00eda publicado en su cuenta de Twitter una foto junto a Mujica. \u00abSiempre una alegr\u00eda visitarlo en su Chacra y poder ser parte de una nueva iniciativa que promueve la cooperaci\u00f3n e integraci\u00f3n en el continente\u00bb, hab\u00eda escrito el exministro de Educaci\u00f3n.<\/p>\n<h6>Fuente: P\u00e1gina 12<\/h6>\n","protected":false},"excerpt":{"rendered":"<p>Del encuentro entre el presidente brasile\u00f1o y el exmandatario uruguayo participaron tambi\u00e9n el titular de Suterh, V\u00edctor Santa Mar\u00eda, y el exministro de Educaci\u00f3n Nicol\u00e1s Trotta, en representaci\u00f3n de la UMET.<\/p>\n","protected":false},"author":2,"featured_media":134308,"comment_status":"closed","ping_status":"closed","sticky":false,"template":"","format":"standard","meta":{"footnotes":""},"categories":[22],"tags":[57],"class_list":["post-134307","post","type-post","status-publish","format-standard","has-post-thumbnail","hentry","category-el-mundo","tag-el-mundo"],"_links":{"self":[{"href":"http:\/\/argentinamunicipal.com.ar\/argentina\/wp-json\/wp\/v2\/posts\/134307","targetHints":{"allow":["GET"]}}],"collection":[{"href":"http:\/\/argentinamunicipal.com.ar\/argentina\/wp-json\/wp\/v2\/posts"}],"about":[{"href":"http:\/\/argentinamunicipal.com.ar\/argentina\/wp-json\/wp\/v2\/types\/post"}],"author":[{"embeddable":true,"href":"http:\/\/argentinamunicipal.com.ar\/argentina\/wp-json\/wp\/v2\/users\/2"}],"replies":[{"embeddable":true,"href":"http:\/\/argentinamunicipal.com.ar\/argentina\/wp-json\/wp\/v2\/comments?post=134307"}],"version-history":[{"count":0,"href":"http:\/\/argentinamunicipal.com.ar\/argentina\/wp-json\/wp\/v2\/posts\/134307\/revisions"}],"wp:featuredmedia":[{"embeddable":true,"href":"http:\/\/argentinamunicipal.com.ar\/argentina\/wp-json\/wp\/v2\/media\/134308"}],"wp:attachment":[{"href":"http:\/\/argentinamunicipal.com.ar\/argentina\/wp-json\/wp\/v2\/media?parent=134307"}],"wp:term":[{"taxonomy":"category","embeddable":true,"href":"http:\/\/argentinamunicipal.com.ar\/argentina\/wp-json\/wp\/v2\/categories?post=134307"},{"taxonomy":"post_tag","embeddable":true,"href":"http:\/\/argentinamunicipal.com.ar\/argentina\/wp-json\/wp\/v2\/tags?post=134307"}],"curies":[{"name":"wp","href":"https:\/\/api.w.org\/{rel}","templated":true}]}}