{"id":134313,"date":"2023-03-03T05:00:08","date_gmt":"2023-03-03T08:00:08","guid":{"rendered":"http:\/\/argentinamunicipal.com.ar\/argentina\/?p=134313"},"modified":"2023-03-02T18:02:45","modified_gmt":"2023-03-02T21:02:45","slug":"residuos-quieren-que-el-nuevo-pliego-amplie-los-contendores-y-sume-recuperadores-urbanos-en-rosario","status":"publish","type":"post","link":"http:\/\/argentinamunicipal.com.ar\/argentina\/residuos-quieren-que-el-nuevo-pliego-amplie-los-contendores-y-sume-recuperadores-urbanos-en-rosario\/","title":{"rendered":"Residuos: quieren que el nuevo pliego ampl\u00ede los contendores y sume recuperadores urbanos en Rosario"},"content":{"rendered":"<p>Ediles de la oposici\u00f3n empezaron a acercar sus consideraciones sobre el sistema de higiene urbana que se viene<\/p>\n<p>El Concejo Municipal ya es el escenario de las primeras discusiones por el pliego que envi\u00f3 la Municipalidad el a\u00f1o pasado para el\u00a0nuevo sistema de higiene urbana de la ciudad. La adjudicaci\u00f3n, que\u00a0incluir\u00e1 la recolecci\u00f3n de residuos, puede demorar hasta un a\u00f1o y medio y en el mientras tanto, los ediles de la oposici\u00f3n que conforman la comisi\u00f3n de Servicios P\u00fablicos, donde comienza el debate, empezaron a\u00a0plantear diversas consideraciones. Entre ellas, la que m\u00e1s resalta es la de quienes\u00a0apuestan por continuar y hasta aumentar la contenerizaci\u00f3n\u00a0de la ciudad, en contraposici\u00f3n con\u00a0otros concejales que aseguran que esta estrategia no funcion\u00f3 y se debe apostar a la inclusi\u00f3n de los recuperadores urbanos.<\/p>\n<p>El concejal Pedro Salinas (Ciudad Futura) explic\u00f3, en di\u00e1logo con\u00a0La Capital, que de la adjudicaci\u00f3n del pliego saldr\u00e1 el financiamiento para el desarrollo del\u00a0\u201cSistema de reciclaje con inclusi\u00f3n social\u201d, aprobado por ordenanza el a\u00f1o pasado e impulsado desde el espacio que conforma el edil. Es que el\u00a0sistema para financiar esta iniciativa saldr\u00e1 de un determinado porcentaje de la certificaci\u00f3n mensual de los nuevos contratos\u00a0con las empresas de recolecci\u00f3n de residuos: un 5% durante el primer a\u00f1o, un 6,5% durante el segundo, 8% en el tercer a\u00f1o y 10% desde el cuarto al \u00faltimo a\u00f1o de contrato. Cabe recordar que el pliego contempla una adjudicaci\u00f3n por ocho a\u00f1os m\u00e1s uno para una eventual pr\u00f3rroga.<\/p>\n<p>\u201cEl\u00a0aporte que hacen los recuperadores tiene un triple impacto: generan sus ingresos, evitan que se entierren residuos y, de forma directa, se ahorran erogaciones dinerarias por las toneladas que no se entierran en Ricardone\u201d, explic\u00f3 Salinas, para agregar: \u201cEste sistema busca incorporar a los recuperadores a la estrategia estatal para la gesti\u00f3n integral de residuos s\u00f3lidos urbanos. Nos parece interesante incorporarlos y escalar el sistema puerta a puerta\u201d.<\/p>\n<p>En los \u00faltimos pliegos, incluido el de ahora, se destina el 2% de la cotizaci\u00f3n de las empresas para financiar el \u201cPrograma relaciones con la comunidad\u201d. Salinas afirm\u00f3 que con el sistema de reciclaje se destinar\u00e1n partidas m\u00e1s importantes para acciones m\u00e1s concretas: \u201cEso deber\u00eda conducir a un cambio de paradigma en c\u00f3mo\u00a0alentar un nuevo sistema de gesti\u00f3n de residuos\u00a0que se recueste en las potencialidades del sector p\u00fablico para articular con los recuperadores urbanos que pueden participar tambi\u00e9n de la prestaci\u00f3n del servicio\u201d.<\/p>\n<p>\u201cEs una cuesti\u00f3n presupuestaria muy significativa y, de esa base, se piensa c\u00f3mo empezamos a crecer un poco m\u00e1s en soberan\u00eda p\u00fablica, adem\u00e1s de tener un\u00a0impacto ambiental importante ya que puede tornar operativa la ordenanza de Basura Cero, sobre la que distintas gestiones no pudieron cumplir ni un \u00edtem\u201d, expres\u00f3, y sum\u00f3: \u201cEn este tipo de cuestiones hay que pensar la manera en la que el Estado municipal pueda ir perdiendo la dependencia que tiene con las empresas prestatarias. Ac\u00e1 se pueden aunar variables a partir de un sector que, para nosotros, est\u00e1 infravalorado por la Municipalidad, que son los recuperadores urbanos o cartoneros. Son los \u00fanicos que garantizan que el municipio no tenga much\u00edsimas m\u00e1s toneladas de disposici\u00f3n final\u201d.<\/p>\n<p>\u201cLa\u00a0estrategia de contenerizaci\u00f3n fracas\u00f3 rotundamente. Eso hace que los n\u00fameros que se estipularon en Basura Cero no se cumplieran\u201d, manifest\u00f3<\/p>\n<p><strong>M\u00e1s contenedores<\/strong><br \/>\nPor su parte, la concejala Silvana Teisa (Todos Hacemos Rosario) mencion\u00f3 que desde su bloque sienten \u201cpreocupaci\u00f3n en cuanto a que\u00a0no se va a sumar contenerizaci\u00f3n, solo se va a reubicar. Ni siquiera se plantea renovar los contenedores que existen\u201d.<\/p>\n<p>\u201cA\u00fan hay\u00a0muchos barrios donde no ingresa el cami\u00f3n recolector\u00a0y donde se dice que ser\u00e1 cubierto por recolecci\u00f3n puerta a puerta, pero no est\u00e1 el personal ni la log\u00edstica para hacerlo a pesar de que el pliego dice que se incorporar\u00e1n peque\u00f1os m\u00f3viles\u201d, expres\u00f3.<\/p>\n<p>En consonancia con Salinas, Teisa dijo que esta es \u201cuna gran oportunidad\u201d para\u00a0\u201cfortalecer y formalizar a los recuperadores urbanos\u201d.\u00a0\u201cHay que acompa\u00f1arlos para que se consoliden como cooperativas y, sobre todo, plantar la infraestructura territorializada porque hoy no est\u00e1\u201d.<\/p>\n<p>En tanto, el edil Carlos Cardozo tambi\u00e9n se\u00f1al\u00f3, al igual que Teisa, que se debe\u00a0extender la zona contenerizada: \u201cEl principal cuestionamiento que tenemos es que no se prev\u00e9 un aumento de la zona contenerizada. Creemos que ser\u00eda de mucha importancia ampliar esa zona, sobre todo a partir de que los barrios vayan contando con cord\u00f3n cuneta, que por suerte son varios\u201d.<\/p>\n<p>Adem\u00e1s, volver\u00e1 a poner sobre la mesa la\u00a0posibilidad de que Rosario lleve parte de la recolecci\u00f3n de los residuos domiciliarios al Centro de Gesti\u00f3n Integral de Residuos S\u00f3lidos Urbanos (Girsu)\u00a0de Villa Gobernador G\u00e1lvez.<\/p>\n<p>\u201cEn el pliego no est\u00e1 contemplada la disposici\u00f3n de residuos en el Girsu. Existe la necesidad de que\u00a0Rosario lleve un tonelaje diario a la planta para ponerla en marcha. Fue una inversi\u00f3n muy grande y est\u00e1 arruin\u00e1ndose\u201d, concluy\u00f3.<\/p>\n<h6>Fuente: La Capital<\/h6>\n","protected":false},"excerpt":{"rendered":"<p>Ediles de la oposici\u00f3n empezaron a acercar sus consideraciones sobre el sistema de higiene urbana que se viene<\/p>\n","protected":false},"author":2,"featured_media":134314,"comment_status":"closed","ping_status":"closed","sticky":false,"template":"","format":"standard","meta":{"footnotes":""},"categories":[2],"tags":[10],"class_list":["post-134313","post","type-post","status-publish","format-standard","has-post-thumbnail","hentry","category-informe-municipal","tag-santa-fe"],"_links":{"self":[{"href":"http:\/\/argentinamunicipal.com.ar\/argentina\/wp-json\/wp\/v2\/posts\/134313","targetHints":{"allow":["GET"]}}],"collection":[{"href":"http:\/\/argentinamunicipal.com.ar\/argentina\/wp-json\/wp\/v2\/posts"}],"about":[{"href":"http:\/\/argentinamunicipal.com.ar\/argentina\/wp-json\/wp\/v2\/types\/post"}],"author":[{"embeddable":true,"href":"http:\/\/argentinamunicipal.com.ar\/argentina\/wp-json\/wp\/v2\/users\/2"}],"replies":[{"embeddable":true,"href":"http:\/\/argentinamunicipal.com.ar\/argentina\/wp-json\/wp\/v2\/comments?post=134313"}],"version-history":[{"count":0,"href":"http:\/\/argentinamunicipal.com.ar\/argentina\/wp-json\/wp\/v2\/posts\/134313\/revisions"}],"wp:featuredmedia":[{"embeddable":true,"href":"http:\/\/argentinamunicipal.com.ar\/argentina\/wp-json\/wp\/v2\/media\/134314"}],"wp:attachment":[{"href":"http:\/\/argentinamunicipal.com.ar\/argentina\/wp-json\/wp\/v2\/media?parent=134313"}],"wp:term":[{"taxonomy":"category","embeddable":true,"href":"http:\/\/argentinamunicipal.com.ar\/argentina\/wp-json\/wp\/v2\/categories?post=134313"},{"taxonomy":"post_tag","embeddable":true,"href":"http:\/\/argentinamunicipal.com.ar\/argentina\/wp-json\/wp\/v2\/tags?post=134313"}],"curies":[{"name":"wp","href":"https:\/\/api.w.org\/{rel}","templated":true}]}}