{"id":134323,"date":"2023-03-03T06:15:31","date_gmt":"2023-03-03T09:15:31","guid":{"rendered":"http:\/\/argentinamunicipal.com.ar\/argentina\/?p=134323"},"modified":"2023-03-03T06:15:31","modified_gmt":"2023-03-03T09:15:31","slug":"fiesta-de-la-vendimia-2023","status":"publish","type":"post","link":"http:\/\/argentinamunicipal.com.ar\/argentina\/fiesta-de-la-vendimia-2023\/","title":{"rendered":"FIESTA DE LA VENDIMIA 2023"},"content":{"rendered":"<p>La Fiesta Nacional de la Vendimia de Mendoza, tambi\u00e9n conocida como el Festival de la Vendimia de Mendoza, es una de las fiestas m\u00e1s importantes de la Provincia de Mendoza y de toda Argentina.<\/p>\n<p>En 2011, la Fiesta de la Vendimia fue destacada como una de las fiestas populares m\u00e1s importantes del mundo. Adem\u00e1s, es considerada por sus desfiles en las calles como unos de eventos m\u00e1s importantes del planeta junto al Carnaval de R\u00edo de Janeiro (Brasil).<\/p>\n<p>La Nacional de la Vendimia de Mendoza es una celebraci\u00f3n Argentina, realizada en la Regi\u00f3n de Cuyo, Provincia de Mendoza, que ha logrado posicionar a Mendoza como destino tur\u00edstico y referente de la vitivinicultura. Su celebraci\u00f3n es la expresi\u00f3n del trabajo realizado en la transformaci\u00f3n de la uva en vino, gracias al esfuerzo de bodegueros, productores, vi\u00f1ateros y toda la industria vitivin\u00edcola.<\/p>\n<p>La fiesta se desarrolla en cuatro eventos, a lo largo de 40 d\u00edas. Comienza con la\u00a0Bendici\u00f3n de los Frutos, generalmente la \u00faltima semana de febrero (doming). Luego continua con la\u00a0V\u00eda Blanca, en la primer semana de marzo (viernes),\u00a0Carrusel\u00a0y\u00a0Acto Central\u00a0(el primer domingo de marzo). Siendo esta \u00faltima celebraci\u00f3n, la m\u00e1s significativa y convocante a nivel nacional e internacional, realizada en el teatro griego \u201cFrank Romero Day\u201d.<\/p>\n<p>Durante los meses de diciembre, enero y febrero se realizan fiestas secundarias en cada departamento de la provincia de Mendoza en donde compiten artistas: actores, bailarines y tambi\u00e9n es elegida la reina para competir en la fiesta en marzo.<\/p>\n<p>HISTORIA<br \/>\nEl origen de la Fiesta de la Vendimia se remonta a mediados del siglo XVII cuando comenz\u00f3 a cultivarse la vid en Cuyo para fines religiosos. Los colonizadores dispusieron un espacio para el cultivo junto a cada capilla del lugar. Luego, una vez finalizada la cosecha y la elaboraci\u00f3n de los vinos, los pobladores se reun\u00edan en las calles con m\u00fasica, bailes y se coronaba a la mujer m\u00e1s bella con hojas de vid y racimos de uva.<\/p>\n<p>Conforme pasaron los a\u00f1os, la tradici\u00f3n se mantuvo adapt\u00e1ndose a las vicisitudes de cada \u00e9poca. A comienzos de abril de 1913 se incorpor\u00f3 un desfile de los vendimiadores y carrozas aleg\u00f3ricas. Sin embargo, fue hasta abril de 1936 que el ingeniero Frank Romero Day hizo un decreto adjudicando el nombre que recibe la fiesta actualmente. Por tal motivo, podr\u00eda decirse que\u00a0la primera edici\u00f3n \u00abformal\u00bb de la Fiesta de la Vendimia se realiz\u00f3 en el a\u00f1o 1936.<\/p>\n<p>\u00bfCU\u00c1NDO EMPIEZA LA FIESTA DE LA VENDIMIA?<br \/>\nLa Fiesta de la Vendimia 2023 comienza el\u00a0viernes 3 de marzo de 2023.<\/p>\n<p>\u00bfCU\u00c1NDO FINALIZA LA FIESTA DE LA VENDIMIA?<br \/>\nLa Fiesta de la Vendimia 2023 finaliza el\u00a0lunes 6 de marzo de 2023.<\/p>\n<p>TEATRO GRIEGO FRANK ROMERO DAY<br \/>\n\u00bfD\u00d3NDE SE REALIZA LA FIESTA DE LA VENDIMIA?<br \/>\nLa Fiesta de la Vendimia se lleva a cabo en el\u00a0Teatro Griego Frank Romero Day, ubicado en el Parque General San Mart\u00edn.<\/p>\n<h6>Fuente: festivalear.com<\/h6>\n","protected":false},"excerpt":{"rendered":"<p>La\u00a0Fiesta Nacional de la Vendimia de Mendoza, tambi\u00e9n conocida como el\u00a0Festival de la Vendimia de Mendoza, es una de las fiestas m\u00e1s importantes de la\u00a0Provincia de Mendoza\u00a0y de toda\u00a0Argentina.<\/p>\n","protected":false},"author":2,"featured_media":134324,"comment_status":"closed","ping_status":"closed","sticky":false,"template":"","format":"standard","meta":{"footnotes":""},"categories":[47],"tags":[31],"class_list":["post-134323","post","type-post","status-publish","format-standard","has-post-thumbnail","hentry","category-fiestas","tag-mendoza"],"_links":{"self":[{"href":"http:\/\/argentinamunicipal.com.ar\/argentina\/wp-json\/wp\/v2\/posts\/134323","targetHints":{"allow":["GET"]}}],"collection":[{"href":"http:\/\/argentinamunicipal.com.ar\/argentina\/wp-json\/wp\/v2\/posts"}],"about":[{"href":"http:\/\/argentinamunicipal.com.ar\/argentina\/wp-json\/wp\/v2\/types\/post"}],"author":[{"embeddable":true,"href":"http:\/\/argentinamunicipal.com.ar\/argentina\/wp-json\/wp\/v2\/users\/2"}],"replies":[{"embeddable":true,"href":"http:\/\/argentinamunicipal.com.ar\/argentina\/wp-json\/wp\/v2\/comments?post=134323"}],"version-history":[{"count":0,"href":"http:\/\/argentinamunicipal.com.ar\/argentina\/wp-json\/wp\/v2\/posts\/134323\/revisions"}],"wp:featuredmedia":[{"embeddable":true,"href":"http:\/\/argentinamunicipal.com.ar\/argentina\/wp-json\/wp\/v2\/media\/134324"}],"wp:attachment":[{"href":"http:\/\/argentinamunicipal.com.ar\/argentina\/wp-json\/wp\/v2\/media?parent=134323"}],"wp:term":[{"taxonomy":"category","embeddable":true,"href":"http:\/\/argentinamunicipal.com.ar\/argentina\/wp-json\/wp\/v2\/categories?post=134323"},{"taxonomy":"post_tag","embeddable":true,"href":"http:\/\/argentinamunicipal.com.ar\/argentina\/wp-json\/wp\/v2\/tags?post=134323"}],"curies":[{"name":"wp","href":"https:\/\/api.w.org\/{rel}","templated":true}]}}