{"id":134335,"date":"2023-03-06T06:00:06","date_gmt":"2023-03-06T09:00:06","guid":{"rendered":"http:\/\/argentinamunicipal.com.ar\/argentina\/?p=134335"},"modified":"2023-03-06T06:00:06","modified_gmt":"2023-03-06T09:00:06","slug":"el-8m-en-clave-economica-crecio-la-brecha-entre-varones-y-mujeres","status":"publish","type":"post","link":"http:\/\/argentinamunicipal.com.ar\/argentina\/el-8m-en-clave-economica-crecio-la-brecha-entre-varones-y-mujeres\/","title":{"rendered":"El 8M en clave econ\u00f3mica: creci\u00f3 la brecha entre varones y mujeres"},"content":{"rendered":"<p>A pesar de que la recuperaci\u00f3n econ\u00f3mica se ubica por encima del promedio de los \u00faltimos siete a\u00f1os y que las mujeres alcanzaron una tasa de actividad hist\u00f3rica, la brecha con los varones se ampli\u00f3. Tienen mayores tasas de desocupaci\u00f3n y, cuando acceden a un trabajo, es de menor calidad y peor pago que el de los hombres. Las herramientas presupuestarias para avanzar hacia la igualdad<\/p>\n<p>Pese a que la recuperaci\u00f3n econ\u00f3mica que se reflej\u00f3 en el tercer trimestre de 2022 se ubica por encima del promedio de los \u00faltimos 7 a\u00f1os, y que las mujeres alcanzaron una tasa de actividad trimestral r\u00e9cord desde 2016 (llegaron al 51,1%), \u00abla brecha con los varones se ampli\u00f3\u00bb. A pocos d\u00edas del 8M, un informe del Observatorio de G\u00e9nero del Centro de Econom\u00eda Pol\u00edtica Argentina (CEPA) se\u00f1ala que en t\u00e9rminos generales \u201clas mujeres siguen teniendo menor tasa de actividad, mayor desocupaci\u00f3n, y cuando acceden al trabajo, lo hacen en empleos de menor calidad y en sectores de menor ingreso\u201d. Y en el caso de las personas j\u00f3venes, las mujeres \u201cpresentan una tasa de desocupaci\u00f3n de 16,6 por ciento contra 14,3 por ciento en los varones\u201d.<\/p>\n<p>Los n\u00fameros muestran que ante las desigualdades estructurales las brechas de g\u00e9nero se mantienen, pero se observa una tendencia a revertir los procesos, a partir de las pol\u00edticas p\u00fablicas activas que tienen como eje rector al Ministerio nacional de Mujeres y Diversidades. El informe incorpora la perspectiva de g\u00e9nero al an\u00e1lisis econ\u00f3mico, bajo el t\u00edtulo de \u201cEl 8M en perspectiva econ\u00f3mica: de las brechas de g\u00e9nero como desaf\u00edo estructural, a las herramientas presupuestarias como forma de avanzar (2019-2022)\u201d.<\/p>\n<p>Con un marco de recuperaci\u00f3n econ\u00f3mica sostenida, observada en las variables \u201cproducci\u00f3n y empleo\u201d &#8211;despu\u00e9s del per\u00edodo signado por la crisis del gobierno de Cambiemos (hoy Juntos por el Cambio) y por la pandemia&#8211;, este 8M ofrece la posibilidad de analizar \u201clas desigualdades estructurales que imponen las brechas de g\u00e9nero\u201d, y su relaci\u00f3n con las pol\u00edticas p\u00fablicas destinadas a subsanarlas: hay al menos cincuenta programas y pol\u00edticas activas en este sentido, afirma el CEPA.<\/p>\n<p>Como rasgo distintivo presenta un abordaje de \u201cla pol\u00edtica presupuestaria con perspectiva de g\u00e9nero\u201d, como \u201ceje transversal y reflejo econ\u00f3mico de los avances realizados\u201d. Hay avances, afirman, aun con las limitaciones propias de todo inicio, en un proceso de transformaci\u00f3n estructural. Para evidenciarlo sistematizan las pol\u00edticas p\u00fablicas que son \u201cun avance en la institucionalizaci\u00f3n creciente de la perspectiva\u201d. La creaci\u00f3n del Ministerio de Mujeres, G\u00e9neros y Diversidad de la Naci\u00f3n se ubica como la \u201cm\u00e1xima expresi\u00f3n de esa voluntad\u201d por jerarquizar las pol\u00edticas de g\u00e9nero.<\/p>\n<p>La recuperaci\u00f3n econ\u00f3mica, la ca\u00edda de la desocupaci\u00f3n y una mayor informalidad signan el per\u00edodo seg\u00fan este basado en datos del INDEC y de la Encuesta Permanente de Hogares. Y para un panorama preciso de \u201clas desigualdades estructurales que nos atraviesan por razones de g\u00e9nero\u201d, describe el impacto que generan en \u201cla calidad de vida de mujeres y diversidades\u201d, los instrumentos de Estado destinados a atravesar las brechas de g\u00e9nero \u201cen el \u00e1mbito laboral, de ingresos y patrimonial\u201d. A la par, aborda los datos \u201cde la primera encuesta nacional de uso del tiempo\u201d, y analiza las principales \u201cbrechas de tiempo de cuidado entre varones y mujeres\u201d.<\/p>\n<p><strong>Dato por dato<\/strong><br \/>\nEl informe consigna \u2013respecto al tercer trimestre de 2022&#8211;, que: \u201cla recuperaci\u00f3n econ\u00f3mica se ubica por encima del promedio de los \u00faltimos 7 a\u00f1os. Y las mujeres alcanzaron una tasa de actividad hist\u00f3rica para un tercer trimestre desde 2016, llegando a 51,1 por ciento. Sin embargo, la brecha con los varones, se ampli\u00f3\u201d. En t\u00e9rminos generales \u201clas mujeres siguen teniendo menor tasa de actividad, mayor desocupaci\u00f3n, y cuando acceden al trabajo, lo hacen en empleos de menor calidad y en sectores de menor ingreso\u201d. Y en el caso de las personas j\u00f3venes, las mujeres \u201cpresentan una tasa de desocupaci\u00f3n de 16,6 por ciento contra 14,3 por ciento en los varones\u201d.<\/p>\n<p>Creci\u00f3 la informalidad \u201cque se ubic\u00f3 en el 37,4 por ciento\u201d, y como \u201cuna constante: son mujeres las que tienen mayor participaci\u00f3n en los trabajos informales\u201d. Esta situaci\u00f3n redunda en una asimetr\u00eda en los ingresos: \u201cpara el tercer trimestre del 2022, los varones percibieron un 24,6 por ciento m\u00e1s de ingresos personales y un 22,8 por ciento m\u00e1s de ingresos por ocupaci\u00f3n principal que las mujeres\u201d.<\/p>\n<p>El informe analiza tambi\u00e9n \u201cc\u00f3mo se resuelven las necesidades de cuidado\u201d ya que esto impacta \u00aben la posibilidad de insertarse (o no) en el mercado de trabajo\u00bb. Y se referencia en la Encuesta Nacional de Uso del Tiempo (ENUT) de 2021 \u201cque arroj\u00f3 &#8211;como en 2013&#8211;, a las mujeres dedicadas a trabajo no remunerado un promedio seis horas y media diarias en comparaci\u00f3n a las tres horas y media de los varones\u201d. Esta brecha de casi tres horas se profundiza \u201cen sectores socioecon\u00f3micos de mayor vulnerabilidad que no pueden contratar servicios de cuidado, lo que reduce a su vez las posibilidades de insertarse en el mercado laboral\u201d.<\/p>\n<p>\u201cLa distribuci\u00f3n desigual en el acceso al mercado laboral y a los ingresos entre varones y mujeres tiene como correlato la brecha patrimonial. El an\u00e1lisis de los impuestos directos sobre la riqueza da cuenta de que la misma se encuentra fuertemente masculinizada\u201d. Dicho de otro modo, afirma el informe del CEPA: \u201cLas mujeres ganan menos, poseen menos riqueza y destinan mayor porcentaje de sus ingresos a impuestos indirectos &#8211;y regresivos&#8211; como el IVA\u201d.<\/p>\n<p><strong>Las l\u00edneas de abordaje<\/strong><br \/>\nSe analiza con datos del mundo del trabajo y los ingresos, la evoluci\u00f3n por g\u00e9nero de las tasas de \u201cactividad, desocupaci\u00f3n, desocupaci\u00f3n joven, informalidad\u201d. En materia de ingresos \u201cmedimos las brechas generales pero tambi\u00e9n entre trabajadoras\/es formales e informales\u201d explica el informe. Se aborda adem\u00e1s \u201cel lado \u2018b\u2019 de la feminizaci\u00f3n de la pobreza: la subrrepresentaci\u00f3n de las mujeres en los impuestos que gravan la riqueza\u201d.<\/p>\n<p>Por otro lado, aborda las pol\u00edticas p\u00fablicas destinadas a \u201cerradicar las desigualdades y las violencias por motivos de g\u00e9nero\u201d. Y analiza \u201clas pol\u00edticas de gesti\u00f3n para la igualdad\u201d y las que garantizan el acceso a la salud. Asimismo, presenta una l\u00ednea de trabajo en la pol\u00edtica presupuestaria \u201ccon perspectiva de g\u00e9nero\u201d como eje transversal y reflejo econ\u00f3mico de los avances realizados en estos tres a\u00f1os de gesti\u00f3n del Frente de Todos.<\/p>\n<p>\u201cDesde CEPA entendemos que la herramienta de los presupuestos con perspectiva de g\u00e9nero constituye un instrumento fundamental\u201d y deben ir acompa\u00f1ados de recursos, define el informe que lleva la firma de Amy Palad\u00edn, Agostina Beveraggi, Aldana Denis, Carolina Berardi, Dolores Castell\u00e1, Julia Strada, Mariana I\u00f1iguez, Maria Ruiz Elvira, Martina Lopez, y Valentina Burke.<\/p>\n<p><strong>50 pol\u00edticas de transformaci\u00f3n<\/strong><br \/>\nA m\u00e1s de tres a\u00f1os de gesti\u00f3n del Frente de Todos, en el marco de las\u00a0pol\u00edticas p\u00fablicas con perspectiva de g\u00e9nero del Estado Nacional \u201cse han relevado, sistematizado y agrupado cincuenta pol\u00edticas, programas y medidas que se han llevado a cabo, organizadas en seis categor\u00edas, de acuerdo al objetivo que persiguen. Entre ellas, enumera:<\/p>\n<p>-Pol\u00edticas para prevenir, erradicar y abordar las violencias por motivos de g\u00e9nero: Programa Acompa\u00f1ar y Programa Acompa\u00f1ar Derechos (PAD).<\/p>\n<p>-Pol\u00edticas para reducir, redistribuir y reconocer las tareas de cuidado: reconocimiento de a\u00f1os de aporte para mujeres con hijas\/os y moratorias previsionales, la m\u00e1s reciente aprobada por el Congreso el 28 de febrero de este a\u00f1o.<\/p>\n<p>-Pol\u00edticas para reforzar los ingresos de mujeres y diversidades: Tarjeta Alimentar y Bonos para quienes cobren hasta dos jubilaciones m\u00ednimas, dado que las dos terceras partes de quienes perciben la jubilaci\u00f3n m\u00ednima, son mujeres.<\/p>\n<p>-Pol\u00edticas para mejorar la inserci\u00f3n laboral de mujeres y diversidades: Cupo Laboral Travesti-Trans para el Sector P\u00fablico Nacional.<\/p>\n<p>-Pol\u00edticas de gesti\u00f3n para la igualdad: Ley Micaela y Ley de Equidad de g\u00e9nero en servicios de comunicaci\u00f3n.<\/p>\n<p>-Pol\u00edticas para garantizar el acceso a la salud de mujeres y diversidades: Ley de Interrupci\u00f3n Voluntaria del Embarazo.<\/p>\n<p><strong>Presupuesto con Perspectiva de G\u00e9nero<\/strong><br \/>\nPensar en una organizaci\u00f3n presupuestaria con perspectiva de g\u00e9nero \u201cpermite cuantificar el esfuerzo que realizan los gobiernos a los fines de erradicar las desigualdades y las violencias por motivos de g\u00e9nero\u201d define el informe. Y precisa que con Presupuestos con Perspectiva de G\u00e9nero (PPG) \u201cen 2023 se etiquetaron 49 programas que ejecutan 25 organismos del Estado pertenecientes a 16 ministerios. Ello implicar\u00e1 una inversi\u00f3n anual de $ 4,2 billones de pesos, que representa el 14,7 por ciento del presupuesto total del Estado Nacional\u201d.<\/p>\n<p>La metodolog\u00eda implementada \u201cclasifica a las pol\u00edticas etiquetadas en funci\u00f3n de las brechas de g\u00e9nero que aportan a cerrar: Brecha Laboral, Brecha de Ingresos, Brecha de Violencia (Erradicaci\u00f3n de la Violencia de G\u00e9nero), Brecha de Tiempo y Cuidados y Brecha en Salud y Autonom\u00eda F\u00edsica y Reproductiva.<\/p>\n<p>\u201cEl punto de partida del PPG\u00a0&#8211;afirma el trabajo&#8211; es reconocer que los presupuestos no son neutrales al g\u00e9nero. Dadas las desigualdades estructurales que existen entre varones y mujeres y LGTBI+, el impacto de las pol\u00edticas p\u00fablicas no resulta indiferente. Si pasamos por alto estas brechas, lo m\u00e1s probable es que las estemos reproduciendo, o incluso agravando la desigualdad. En cambio, proponer presupuestos sensibles al g\u00e9nero implica preguntarnos: esta pol\u00edtica p\u00fablica determinada, este cr\u00e9dito asignado para este programa, \u00bfcontribuye a reducir las brechas de desigualdad de g\u00e9nero? \u00bfO por el contrario, mantiene el status quo?\u201d<\/p>\n<p>\u201cDe este modo, podemos valorizar -monetariamente- cu\u00e1nto gasta el Estado para aportar a la igualdad de g\u00e9nero. As\u00ed, se traduce en dinero el compromiso pol\u00edtico asumido de construir un mundo m\u00e1s justo e igualitario en materia de g\u00e9nero\u201d concluye.<\/p>\n<h6>Fuente: P\u00e1gina 12<\/h6>\n","protected":false},"excerpt":{"rendered":"<p>A pesar de que la recuperaci\u00f3n econ\u00f3mica se ubica por encima del promedio de los \u00faltimos siete a\u00f1os y que las mujeres alcanzaron una tasa de actividad hist\u00f3rica, la brecha con los varones se ampli\u00f3.<\/p>\n","protected":false},"author":2,"featured_media":134336,"comment_status":"closed","ping_status":"closed","sticky":false,"template":"","format":"standard","meta":{"footnotes":""},"categories":[8],"tags":[21],"class_list":["post-134335","post","type-post","status-publish","format-standard","has-post-thumbnail","hentry","category-informe-nacional","tag-argentina"],"_links":{"self":[{"href":"http:\/\/argentinamunicipal.com.ar\/argentina\/wp-json\/wp\/v2\/posts\/134335","targetHints":{"allow":["GET"]}}],"collection":[{"href":"http:\/\/argentinamunicipal.com.ar\/argentina\/wp-json\/wp\/v2\/posts"}],"about":[{"href":"http:\/\/argentinamunicipal.com.ar\/argentina\/wp-json\/wp\/v2\/types\/post"}],"author":[{"embeddable":true,"href":"http:\/\/argentinamunicipal.com.ar\/argentina\/wp-json\/wp\/v2\/users\/2"}],"replies":[{"embeddable":true,"href":"http:\/\/argentinamunicipal.com.ar\/argentina\/wp-json\/wp\/v2\/comments?post=134335"}],"version-history":[{"count":0,"href":"http:\/\/argentinamunicipal.com.ar\/argentina\/wp-json\/wp\/v2\/posts\/134335\/revisions"}],"wp:featuredmedia":[{"embeddable":true,"href":"http:\/\/argentinamunicipal.com.ar\/argentina\/wp-json\/wp\/v2\/media\/134336"}],"wp:attachment":[{"href":"http:\/\/argentinamunicipal.com.ar\/argentina\/wp-json\/wp\/v2\/media?parent=134335"}],"wp:term":[{"taxonomy":"category","embeddable":true,"href":"http:\/\/argentinamunicipal.com.ar\/argentina\/wp-json\/wp\/v2\/categories?post=134335"},{"taxonomy":"post_tag","embeddable":true,"href":"http:\/\/argentinamunicipal.com.ar\/argentina\/wp-json\/wp\/v2\/tags?post=134335"}],"curies":[{"name":"wp","href":"https:\/\/api.w.org\/{rel}","templated":true}]}}