{"id":134365,"date":"2023-03-06T20:06:11","date_gmt":"2023-03-06T23:06:11","guid":{"rendered":"http:\/\/argentinamunicipal.com.ar\/argentina\/?p=134365"},"modified":"2023-03-06T20:06:11","modified_gmt":"2023-03-06T23:06:11","slug":"mas-del-60-de-los-comercios-de-santa-fe-cree-que-sus-ventas-aumentaran-pero-el-88-no-sumara-empleados","status":"publish","type":"post","link":"http:\/\/argentinamunicipal.com.ar\/argentina\/mas-del-60-de-los-comercios-de-santa-fe-cree-que-sus-ventas-aumentaran-pero-el-88-no-sumara-empleados\/","title":{"rendered":"M\u00e1s del 60% de los comercios de Santa Fe cree que sus ventas aumentar\u00e1n, pero el 88% no sumar\u00e1 empleados"},"content":{"rendered":"<p>As\u00ed se desprende de un nuevo informe sobre ventas minoristas del Centro Comercial de Santa Fe. El 57 % defini\u00f3 a las ventas de febrero como \u00abbuenas\u00bb y que se incrementar\u00e1n en los pr\u00f3ximos seis meses.<\/p>\n<p>El Centro Comercial de Santa Fe public\u00f3 este lunes los\u00a0resultados de los relevamientos realizados sobre la actividad de los comercios minoristas\u00a0en la ciudad de Santa Fe en el mes de febrero.<\/p>\n<p>Del mismo, se desprende que\u00a0en la comparaci\u00f3n interanual, un 57 % de los encuestados se\u00f1al\u00f3 que su facturaci\u00f3n (nominal) creci\u00f3 entre un 40 y 60 %. Un 19 % dijo que crecieron hasta un 30 % y un 23 % que crecieron un 70 % o m\u00e1s.<\/p>\n<p>Con relaci\u00f3n al mes anterior (enero) el informe revela que un 38,5 % de los consultados incrementaron sus ventas hasta un 40 %; otro 38,5 % las incremento entre un 40 y 60 %; y un 23,1 % dijo que crecieron un 70% m\u00e1s.<\/p>\n<p>Con relaci\u00f3n a la valoraci\u00f3n del desempe\u00f1o de sus ventas, un 57,7 % la calific\u00f3 como \u00abbuenas\u00bb; un 7,7% \u00abmuy buenas\u00bb y un 30,8% \u00abregular\u00bb.<\/p>\n<p>Con relaci\u00f3n a las expectativas para los pr\u00f3ximos seis meses, el 61 % respondi\u00f3 que \u00abaumentar\u00e1n\u00bb; un 30% que se \u00abmantendr\u00e1n\u00bb y un 7,7% \u00abdisminuir\u00e1n\u00bb.<\/p>\n<p>A pesar del optimosmo en materia de ventas para los pr\u00f3ximos meses, el informe se\u00f1ala un 88,5 por ciento no incrementar\u00e1 su planta de personas.<\/p>\n<p>En el mismo sentido, y con relaci\u00f3n a las perspectivas de inversiones, un 76,9 por ciento respondi\u00f3 que \u00abno\u00bb realizar\u00e1; un 15,4% dijo que \u00ablo est\u00e1 evaluando\u00bb y un 7,7% indic\u00f3 que \u00abs\u00ed\u00bb.<\/p>\n<h6>Fuente: Uno<\/h6>\n","protected":false},"excerpt":{"rendered":"<p>As\u00ed se desprende de un nuevo informe sobre ventas minoristas del Centro Comercial de Santa Fe. El 57 % defini\u00f3 a las ventas de febrero como \u00abbuenas\u00bb y que se incrementar\u00e1n en los pr\u00f3ximos seis meses.<\/p>\n","protected":false},"author":2,"featured_media":134366,"comment_status":"closed","ping_status":"closed","sticky":false,"template":"","format":"standard","meta":{"footnotes":""},"categories":[5],"tags":[10],"class_list":["post-134365","post","type-post","status-publish","format-standard","has-post-thumbnail","hentry","category-informe-economico","tag-santa-fe"],"_links":{"self":[{"href":"http:\/\/argentinamunicipal.com.ar\/argentina\/wp-json\/wp\/v2\/posts\/134365","targetHints":{"allow":["GET"]}}],"collection":[{"href":"http:\/\/argentinamunicipal.com.ar\/argentina\/wp-json\/wp\/v2\/posts"}],"about":[{"href":"http:\/\/argentinamunicipal.com.ar\/argentina\/wp-json\/wp\/v2\/types\/post"}],"author":[{"embeddable":true,"href":"http:\/\/argentinamunicipal.com.ar\/argentina\/wp-json\/wp\/v2\/users\/2"}],"replies":[{"embeddable":true,"href":"http:\/\/argentinamunicipal.com.ar\/argentina\/wp-json\/wp\/v2\/comments?post=134365"}],"version-history":[{"count":0,"href":"http:\/\/argentinamunicipal.com.ar\/argentina\/wp-json\/wp\/v2\/posts\/134365\/revisions"}],"wp:featuredmedia":[{"embeddable":true,"href":"http:\/\/argentinamunicipal.com.ar\/argentina\/wp-json\/wp\/v2\/media\/134366"}],"wp:attachment":[{"href":"http:\/\/argentinamunicipal.com.ar\/argentina\/wp-json\/wp\/v2\/media?parent=134365"}],"wp:term":[{"taxonomy":"category","embeddable":true,"href":"http:\/\/argentinamunicipal.com.ar\/argentina\/wp-json\/wp\/v2\/categories?post=134365"},{"taxonomy":"post_tag","embeddable":true,"href":"http:\/\/argentinamunicipal.com.ar\/argentina\/wp-json\/wp\/v2\/tags?post=134365"}],"curies":[{"name":"wp","href":"https:\/\/api.w.org\/{rel}","templated":true}]}}