{"id":134368,"date":"2023-03-07T05:09:05","date_gmt":"2023-03-07T08:09:05","guid":{"rendered":"http:\/\/argentinamunicipal.com.ar\/argentina\/?p=134368"},"modified":"2023-03-06T20:10:58","modified_gmt":"2023-03-06T23:10:58","slug":"san-francisco-sera-sede-del-primer-foro-de-la-red-argentina-de-ciudades-educadoras","status":"publish","type":"post","link":"http:\/\/argentinamunicipal.com.ar\/argentina\/san-francisco-sera-sede-del-primer-foro-de-la-red-argentina-de-ciudades-educadoras\/","title":{"rendered":"San Francisco ser\u00e1 sede del Primer Foro de la Red Argentina de Ciudades Educadoras"},"content":{"rendered":"<p>Con actividades y disertaciones de referentes en la tem\u00e1tica, el encuentro se desarrollar\u00e1 el pr\u00f3ximo 29 de marzo en Tecnoteca y el Superdomo.<\/p>\n<p>A fin de mes San Francisco ser\u00e1 sede del Primer Foro de la Red Argentina de Ciudades Educadoras, un encuentro que se desarrollar\u00e1 bajo el lema \u00abEstrategias para responder desde lo local a los desaf\u00edos de la cultura digital\u00bb.<\/p>\n<p>Con actividades en Tecnoteca y el Superdomo, el encuentro, a realizarse el pr\u00f3ximo 29 de marzo, contar\u00e1 con la presencia estelar de Axel Rivas, un destacado investigador, profesor y escritor argentino, reconocido por su labor investigativa en temas de educaci\u00f3n p\u00fablica y vinculado profesionalmente con la Universidad de Buenos Aires y la Universidad de San Andr\u00e9s.\u200b\u200b En 2016 obtuvo el Premio Konex de Educaci\u00f3n. Actualmente ocupa la Secretar\u00eda de Calidad en Educaci\u00f3n del Consejo Federal de Educaci\u00f3n de la Naci\u00f3n e integrante del Centro de Implementaci\u00f3n de Pol\u00edticas P\u00fablicas para la Equidad y el Crecimiento (Cippec).<\/p>\n<p>En este caso, Rivas ofrecer\u00e1 una disertaci\u00f3n en el Superdomo, sobre el tema \u00abEl desaf\u00edo de las ciudades educadoras en tiempos de pantallas y desigualdades\u00bb. La misma se desarrollar\u00e1 a partir de las 19, para lo cual las inscripciones podr\u00e1n realizarse a trav\u00e9s del siguiente\u00a0link, por medio del cual se podr\u00e1 acceder al formulario que se requiere para participar de la ponencia del especialista.<\/p>\n<p>Se espera adem\u00e1s que concurran a San Francisco representantes de cada una de las diferentes ciudades educadoras que se encuentran en nuestro pa\u00eds para enriquecer con sus experiencias el contenido del foro con el objetivo de encontrar alternativas a los desaf\u00edos que impone la cultura digital, entre los cuales se cuentan representantes de unas 50 ciudades educadoras junto a intendentes y funcionarios de ciudades que a\u00fan no se incorporaron a la red y a partir de esta posibilidad puedan dar el paso decisivo para integrarse.<\/p>\n<p>San Francisco fue reconocida como ciudad educadora el 14 de septiembre de 2012. A poco m\u00e1s de diez a\u00f1os de aquel acontecimiento, se llevaron a cabo m\u00faltiples actividades vinculadas con el apoyo del Estado municipal a la educaci\u00f3n y el aporte de esta al crecimiento de la comunidad.<\/p>\n<p>La Red Argentina de Ciudades Educadoras est\u00e1 integrada por m\u00e1s de un centenar de municipios de todas las provincias del pa\u00eds, entre los cuales se encuentra San Francisco. Adem\u00e1s, esta red forma parte de la Asociaci\u00f3n Internacional de Ciudades Educadoras que tiene sede en Barcelona que nuclea a las m\u00e1s de 400 ciudades en todo el mundo que la integran.<\/p>\n<p>All\u00ed se comparten experiencias, saberes e ideas para abordar las pol\u00edticas p\u00fablicas relacionadas con la educaci\u00f3n. De all\u00ed se desprende la Red Latinoamericana de Ciudades Educadoras que agrupa, entre otras, a la Red Argentina de Ciudades Educadoras.<\/p>\n<p><strong>Actividades del Foro<\/strong><\/p>\n<p>Las actividades comenzar\u00e1n a las 8.30 con una mesa de trabajo integrada por autoridades de la Red Argentina de Ciudades Educadoras junto al equipo de gesti\u00f3n de gobierno de la municipalidad para abordar las estrategias educativas en la transversalidad con las distintas \u00e1reas administrativa del Estado Municipal.<\/p>\n<p>A partir de las 10 se acreditar\u00e1 a los representantes de los diferentes gobiernos locales y media hora m\u00e1s tarde comenzar\u00e1 una reuni\u00f3n de trabajo con integrantes de la Red Argentina de Ciudades Educadoras junto a intendentes de localidades del departamento San Justo y la regi\u00f3n. En paralelo se trabajar\u00e1 en la recolecci\u00f3n de experiencias generadas en diferentes ciudades educadoras.<\/p>\n<p>En horas de la tarde, a partir de las 14, tendr\u00e1 lugar una experiencia en Tecnoteca donde se difundir\u00e1n todas las actividades que se desarrollaron all\u00ed durante 2022.<\/p>\n<p>A partir de las 15.30 est\u00e1 previsto el inicio de un foro como espacio de debate con la tem\u00e1tica de estrategias para responder desde lo local a los desaf\u00edos de la cultura digital. All\u00ed participar\u00e1n representantes de gobiernos locales, de instituciones educativas, centros vecinales y diferentes entidades interesadas en formar parte de este \u00e1mbito de debate.<\/p>\n<p>Las actividades concluir\u00e1n con la disertaci\u00f3n de Axel Rivas en el Superdomo.<\/p>\n<p>El secretario de Desarrollo Econ\u00f3mico, Social y Educativo, Marcelo Moreno junto al director del \u00e1rea, Andr\u00e9s Man\u00edas y la doctora en Educaci\u00f3n y referente de la Mesa Educaci\u00f3n municipalidad de San Francisco, Claudia Maine dieron a conocer los detalles de este encuentro.<\/p>\n<p>En primer momento Moreno se\u00f1al\u00f3 que en este foro \u00abse va a desarrollar una nutrida agenda de reuniones, foros y encuentros donde se va a destacar las experiencias por las que atraviesan diferentes ciudades educadoras en el pa\u00eds\u00bb.<\/p>\n<p>\u00abCon este encuentro buscamos llegar a toda la comunidad regional a los efectos de invitar a participar a los gobiernos locales y la comunidad educativa de la regi\u00f3n para que participen en los distintos foros y reuniones que se van a realizar el pr\u00f3ximo 29 de marzo\u00bb, agreg\u00f3.<\/p>\n<p>Moreno agreg\u00f3 que a trav\u00e9s de este primer foro \u00abvamos a trabajar en la b\u00fasqueda de alternativas de trabajo en conjunto para poder enfrentar de la mejor manera los desaf\u00edos que nos plantea la cultura digital y de esta manera contar con m\u00e1s y mejores respuestas para abordar esta tem\u00e1tica\u00bb.<\/p>\n<p>Posteriormente, Claudia Maine expres\u00f3 que \u00aben San Francisco estamos muy orgullosos de ser una ciudad educadora luego que todo comenzara por iniciativa de la recordada Evelina Feraudo junto con Mart\u00edn Llaryora, continuado luego por Ignacio Garc\u00eda Aresca y ahora por Dami\u00e1n Bernarte. Esta es la primera vez que las ciudades educadoras de todo el pa\u00eds estar\u00e1n visitando San Francisco y lo importante es que lo hacen para participar de un foro in\u00e9dito en este grupo donde todos los participantes tienen algo para decir sobre la manera de responder a los desaf\u00edos que impone la cultura digital, sin dejar de lado la cultura y las tradiciones locales\u00bb.<\/p>\n<p>Sobre Axel Rivas, Maine indic\u00f3 que \u00abfue una de las personas que m\u00e1s ideas nos acerc\u00f3 para poder trabajar en tiempos de pandemia dentro de la pedagog\u00eda de la excepcionalidad. Tenerlo en el Superdomo es un aliciente muy importante para todos quienes puedan participar de su charla y le puedan preguntar todo lo que quieran en un encuentro con entrada libre y gratuita, previa inscripci\u00f3n para prever el espacio\u00bb.<\/p>\n<h6>Fuente: La Voz de San Justo<\/h6>\n","protected":false},"excerpt":{"rendered":"<p>Con actividades y disertaciones de referentes en la tem\u00e1tica, el encuentro se desarrollar\u00e1 el pr\u00f3ximo 29 de marzo en Tecnoteca y el Superdomo.<\/p>\n","protected":false},"author":2,"featured_media":134369,"comment_status":"closed","ping_status":"closed","sticky":false,"template":"","format":"standard","meta":{"footnotes":""},"categories":[2],"tags":[3],"class_list":["post-134368","post","type-post","status-publish","format-standard","has-post-thumbnail","hentry","category-informe-municipal","tag-cordoba"],"_links":{"self":[{"href":"http:\/\/argentinamunicipal.com.ar\/argentina\/wp-json\/wp\/v2\/posts\/134368","targetHints":{"allow":["GET"]}}],"collection":[{"href":"http:\/\/argentinamunicipal.com.ar\/argentina\/wp-json\/wp\/v2\/posts"}],"about":[{"href":"http:\/\/argentinamunicipal.com.ar\/argentina\/wp-json\/wp\/v2\/types\/post"}],"author":[{"embeddable":true,"href":"http:\/\/argentinamunicipal.com.ar\/argentina\/wp-json\/wp\/v2\/users\/2"}],"replies":[{"embeddable":true,"href":"http:\/\/argentinamunicipal.com.ar\/argentina\/wp-json\/wp\/v2\/comments?post=134368"}],"version-history":[{"count":0,"href":"http:\/\/argentinamunicipal.com.ar\/argentina\/wp-json\/wp\/v2\/posts\/134368\/revisions"}],"wp:featuredmedia":[{"embeddable":true,"href":"http:\/\/argentinamunicipal.com.ar\/argentina\/wp-json\/wp\/v2\/media\/134369"}],"wp:attachment":[{"href":"http:\/\/argentinamunicipal.com.ar\/argentina\/wp-json\/wp\/v2\/media?parent=134368"}],"wp:term":[{"taxonomy":"category","embeddable":true,"href":"http:\/\/argentinamunicipal.com.ar\/argentina\/wp-json\/wp\/v2\/categories?post=134368"},{"taxonomy":"post_tag","embeddable":true,"href":"http:\/\/argentinamunicipal.com.ar\/argentina\/wp-json\/wp\/v2\/tags?post=134368"}],"curies":[{"name":"wp","href":"https:\/\/api.w.org\/{rel}","templated":true}]}}