{"id":134371,"date":"2023-03-06T20:13:19","date_gmt":"2023-03-06T23:13:19","guid":{"rendered":"http:\/\/argentinamunicipal.com.ar\/argentina\/?p=134371"},"modified":"2023-03-06T20:13:19","modified_gmt":"2023-03-06T23:13:19","slug":"cordoba-ningun-jubilado-provincial-cobrara-menos-de-85-mil-mensuales-a-partir-de-marzo","status":"publish","type":"post","link":"http:\/\/argentinamunicipal.com.ar\/argentina\/cordoba-ningun-jubilado-provincial-cobrara-menos-de-85-mil-mensuales-a-partir-de-marzo\/","title":{"rendered":"C\u00f3rdoba: ningun jubilado provincial cobrar\u00e1 menos de $85 mil mensuales a partir de marzo"},"content":{"rendered":"<p>Se fij\u00f3 en 60 mil pesos la jubilaci\u00f3n m\u00ednima y de $25 mil el Complemento Previsional Solidario.<\/p>\n<p>El Gobierno de la Provincia resolvi\u00f3 una nueva actualizaci\u00f3n del piso en la remuneraci\u00f3n de los jubilados y pensionados de la Caja de Jubilaciones a partir de marzo.<\/p>\n<p>Para ello se fij\u00f3 en 60 mil pesos la jubilaci\u00f3n m\u00ednima y 25 mil pesos el Complemento Previsional Solidario.<\/p>\n<p>A este complemento acceden todos los beneficiarios de la Caja que no tienen otro ingreso, salvo su jubilaci\u00f3n o pensi\u00f3n. De esta manera, ning\u00fan jubilado y pensionado cobrar\u00e1 menos de 85 mil pesos por mes.<\/p>\n<p>Cabe considerar que la actualizaci\u00f3n del haber m\u00ednimo implica aumentar tambi\u00e9n los ingresos de las pensiones no contributivas que paga la Provincia.<\/p>\n<p>Asimismo y a partir del mes de febrero pasado, se increment\u00f3\u00a0a $250.000, el piso a partir del cual se dispone un anticipo de los reajustes por movilidad (pasando 60 a 30 d\u00edas), beneficiando a 87.300 jubilados y pensionados provinciales (m\u00e1s del 78% del total).<\/p>\n<h6>Fuente: La Voz de san Justo<\/h6>\n","protected":false},"excerpt":{"rendered":"<p>Se fij\u00f3 en 60 mil pesos la jubilaci\u00f3n m\u00ednima y de $25 mil el Complemento Previsional Solidario.<\/p>\n","protected":false},"author":2,"featured_media":134372,"comment_status":"closed","ping_status":"closed","sticky":false,"template":"","format":"standard","meta":{"footnotes":""},"categories":[65],"tags":[3],"class_list":["post-134371","post","type-post","status-publish","format-standard","has-post-thumbnail","hentry","category-provincias","tag-cordoba"],"_links":{"self":[{"href":"http:\/\/argentinamunicipal.com.ar\/argentina\/wp-json\/wp\/v2\/posts\/134371","targetHints":{"allow":["GET"]}}],"collection":[{"href":"http:\/\/argentinamunicipal.com.ar\/argentina\/wp-json\/wp\/v2\/posts"}],"about":[{"href":"http:\/\/argentinamunicipal.com.ar\/argentina\/wp-json\/wp\/v2\/types\/post"}],"author":[{"embeddable":true,"href":"http:\/\/argentinamunicipal.com.ar\/argentina\/wp-json\/wp\/v2\/users\/2"}],"replies":[{"embeddable":true,"href":"http:\/\/argentinamunicipal.com.ar\/argentina\/wp-json\/wp\/v2\/comments?post=134371"}],"version-history":[{"count":0,"href":"http:\/\/argentinamunicipal.com.ar\/argentina\/wp-json\/wp\/v2\/posts\/134371\/revisions"}],"wp:featuredmedia":[{"embeddable":true,"href":"http:\/\/argentinamunicipal.com.ar\/argentina\/wp-json\/wp\/v2\/media\/134372"}],"wp:attachment":[{"href":"http:\/\/argentinamunicipal.com.ar\/argentina\/wp-json\/wp\/v2\/media?parent=134371"}],"wp:term":[{"taxonomy":"category","embeddable":true,"href":"http:\/\/argentinamunicipal.com.ar\/argentina\/wp-json\/wp\/v2\/categories?post=134371"},{"taxonomy":"post_tag","embeddable":true,"href":"http:\/\/argentinamunicipal.com.ar\/argentina\/wp-json\/wp\/v2\/tags?post=134371"}],"curies":[{"name":"wp","href":"https:\/\/api.w.org\/{rel}","templated":true}]}}