{"id":134418,"date":"2023-03-08T06:13:49","date_gmt":"2023-03-08T09:13:49","guid":{"rendered":"http:\/\/argentinamunicipal.com.ar\/argentina\/?p=134418"},"modified":"2023-03-08T06:13:49","modified_gmt":"2023-03-08T09:13:49","slug":"politicas-publicas-presentaron-en-cordoba-el-centro-de-iniciativa-popular","status":"publish","type":"post","link":"http:\/\/argentinamunicipal.com.ar\/argentina\/politicas-publicas-presentaron-en-cordoba-el-centro-de-iniciativa-popular\/","title":{"rendered":"Pol\u00edticas p\u00fablicas: presentaron en C\u00f3rdoba el Centro de Iniciativa Popular"},"content":{"rendered":"<p>El espacio se propone como \u00abun lugar de encuentro para el di\u00e1logo y la participaci\u00f3n, con incidencia en la agenda pol\u00edtica\u00bb local.<\/p>\n<p>Este martes se present\u00f3 en C\u00f3rdoba la primera experiencia de consolidaci\u00f3n de una plataforma de incidencia pol\u00edtica representativa de la sociedad, con el objetivo de generar respuestas basadas en la participaci\u00f3n colectiva. Si bien, reci\u00e9n sale a la luz, El Centro de Iniciativa Popular refleja un trabajo de articulaciones de varios a\u00f1os, donde confluyen asociaciones civiles, cooperativas de trabajo, clubes, universidades y espacios de gesti\u00f3n estatal.<\/p>\n<p>En tanto organizaci\u00f3n independiente, el Centro de Iniciativa Popular busca construir propuestas pol\u00edticas en materia legislativa y ejecutiva, \u00abcon la finalidad de promover el desarrollo de pol\u00edticas p\u00fablicas inclusivas para aportar a un pa\u00eds m\u00e1s equitativo y con igualdad de oportunidades\u00bb se\u00f1al\u00f3 la concejala\u00a0Soledad Ferraro,\u00a0promotora del espacio.<\/p>\n<p>\u201cA pesar del contexto adverso en el que vivimos, creemos que\u00a0la pol\u00edtica es la herramienta de transformaci\u00f3n de la vida de la gente\u00a0y esto nos exige pensar y construir instrumentos que atiendan la inclusi\u00f3n ciudadana en las decisiones de gobierno\u201d, afirm\u00f3 la dirigente, referente del \u00e1rea de educaci\u00f3n de CIP.<\/p>\n<p>El CIP est\u00e1 conformado por 25 personas pertenecientes a diferentes instituciones de \u00a0C\u00f3rdoba, que trabajan en distintos ejes pol\u00edticos concretos como: Ambiente, Econom\u00eda Circular, G\u00e9nero, Cultura, Justicia y Derechos Humanos, Juventudes, Seguridad, H\u00e1bitat y Trabajo y Desarrollo.<\/p>\n<p>Entre las presencias destacadas del acto realizado este martes a la noche en un hotel c\u00e9ntrico se cuentan la del viceintendente y candidato a la intendencia\u00a0Daniel Passerini;\u00a0el presidente comunal de Villa Ciudad Parque,\u00a0Pablo Riveros; y la referente de Comuna Esperanza,\u00a0Mercedes Ferrero, entre otras.<\/p>\n<p>Tambi\u00e9n es una meta a corto plazo ampliar los ejes y equipos de trabajo, a partir del trabajo mancomunado y las iniciativas de otras instituciones, se inform\u00f3.<\/p>\n<p>Desde el CIP sostienen que frente a los cuestionamientos de la legitimidad de la representaci\u00f3n pol\u00edtica, lo que pudiera interpretarse incluso como una crisis de la pol\u00edtica, \u00abtenemos la tarea de fomentar la participaci\u00f3n ciudadana en las decisiones de gobierno, porque es lo que nos va a permitir construir mayores m\u00e1rgenes de gobernabilidad y avanzar en la democratizaci\u00f3n de la vida pol\u00edtica local y en el fortalecimiento de la calidad de la representaci\u00f3n\u00bb.<\/p>\n<p>Para finalizar el evento, Passerini sostuvo que \u201c es un tiempo que nos llama a construir acuerdos, a resolver los problemas cotidianos, a pensar m\u00e1s all\u00e1 de los conflictos y generar los consensos necesarios para\u00a0compartir un proyecto de vida com\u00fan donde nadie quede afuera\u201c.<\/p>\n<h6>Fuente: La Nueva Ma\u00f1ana<\/h6>\n<p>&nbsp;<\/p>\n","protected":false},"excerpt":{"rendered":"<p>El espacio se propone como \u00abun lugar de encuentro para el di\u00e1logo y la participaci\u00f3n, con incidencia en la agenda pol\u00edtica\u00bb local.<\/p>\n","protected":false},"author":2,"featured_media":134419,"comment_status":"closed","ping_status":"closed","sticky":false,"template":"","format":"standard","meta":{"footnotes":""},"categories":[2],"tags":[3],"class_list":["post-134418","post","type-post","status-publish","format-standard","has-post-thumbnail","hentry","category-informe-municipal","tag-cordoba"],"_links":{"self":[{"href":"http:\/\/argentinamunicipal.com.ar\/argentina\/wp-json\/wp\/v2\/posts\/134418","targetHints":{"allow":["GET"]}}],"collection":[{"href":"http:\/\/argentinamunicipal.com.ar\/argentina\/wp-json\/wp\/v2\/posts"}],"about":[{"href":"http:\/\/argentinamunicipal.com.ar\/argentina\/wp-json\/wp\/v2\/types\/post"}],"author":[{"embeddable":true,"href":"http:\/\/argentinamunicipal.com.ar\/argentina\/wp-json\/wp\/v2\/users\/2"}],"replies":[{"embeddable":true,"href":"http:\/\/argentinamunicipal.com.ar\/argentina\/wp-json\/wp\/v2\/comments?post=134418"}],"version-history":[{"count":0,"href":"http:\/\/argentinamunicipal.com.ar\/argentina\/wp-json\/wp\/v2\/posts\/134418\/revisions"}],"wp:featuredmedia":[{"embeddable":true,"href":"http:\/\/argentinamunicipal.com.ar\/argentina\/wp-json\/wp\/v2\/media\/134419"}],"wp:attachment":[{"href":"http:\/\/argentinamunicipal.com.ar\/argentina\/wp-json\/wp\/v2\/media?parent=134418"}],"wp:term":[{"taxonomy":"category","embeddable":true,"href":"http:\/\/argentinamunicipal.com.ar\/argentina\/wp-json\/wp\/v2\/categories?post=134418"},{"taxonomy":"post_tag","embeddable":true,"href":"http:\/\/argentinamunicipal.com.ar\/argentina\/wp-json\/wp\/v2\/tags?post=134418"}],"curies":[{"name":"wp","href":"https:\/\/api.w.org\/{rel}","templated":true}]}}