{"id":134421,"date":"2023-03-08T06:16:29","date_gmt":"2023-03-08T09:16:29","guid":{"rendered":"http:\/\/argentinamunicipal.com.ar\/argentina\/?p=134421"},"modified":"2023-03-08T06:16:29","modified_gmt":"2023-03-08T09:16:29","slug":"desnutricion-unicef-alerta-sobre-efectos-irreversibles-en-mujeres-y-ninas","status":"publish","type":"post","link":"http:\/\/argentinamunicipal.com.ar\/argentina\/desnutricion-unicef-alerta-sobre-efectos-irreversibles-en-mujeres-y-ninas\/","title":{"rendered":"Desnutrici\u00f3n: Unicef alerta sobre efectos \u00abirreversibles\u00bb en mujeres y ni\u00f1as"},"content":{"rendered":"<p>La cantidad de adolescentes, embarazadas y lactantes que sufren desnutrici\u00f3n aument\u00f3 un 25% desde 2020 en los 12 pa\u00edses m\u00e1s afectados.<\/p>\n<p>La cantidad de adolescentes, embarazadas y lactantes que sufren desnutrici\u00f3n aguda aument\u00f3 un 25% desde 2020 en los 12 pa\u00edses m\u00e1s afectados por la crisis alimentaria, casi todos en \u00c1frica, anunci\u00f3 hoy Unicef, que alert\u00f3 sobre el impacto \u00abnefasto e irreversible\u00bb para sus hijos.<\/p>\n<p>El n\u00famero de las mujeres y j\u00f3venes desnutridas pas\u00f3 de 5,5 a 6,9 millones\u00a0en \u00abel epicentro de la crisis de desnutrici\u00f3n\u00bb: Afganist\u00e1n, Burkina Faso, Chad, Etiop\u00eda, Kenia, Mal\u00ed, N\u00edger, Nigeria, Somalia, Sud\u00e1n, Sud\u00e1n del Sur y Yemen, seg\u00fan la organizaci\u00f3n de la ONU, consign\u00f3 AFP.<\/p>\n<p>La crisis se vio agravada por el conflicto en Ucrania, la sequ\u00eda, la inestabilidad, advirti\u00f3 Unicef en su informe \u00abDesnutridas y olvidadas. La crisis mundial de nutrici\u00f3n en adolescentes y mujeres\u00bb, con motivo de celebrarse el pr\u00f3ximo mi\u00e9rcoles el D\u00eda Internacional de la Mujer.<\/p>\n<p>\u00abSi la comunidad internacional no act\u00faa urgentemente, la crisis podr\u00eda tener consecuencias duraderas en las generaciones futuras\u00bb, subray\u00f3 Catherine Russell, directora ejecutiva de Unicef.<\/p>\n<p>La crisis de desnutrici\u00f3n no se circunscribe a estos pa\u00edses.\u00a0M\u00e1s de mil millones de mujeres en el mundo est\u00e1n mal alimentadas, carecen de micronutrientes y sufren anemia en el mundo, con \u00abconsecuencias devastadoras\u00bb para sus vidas.<\/p>\n<p>Adem\u00e1s de debilitar las defensas inmunitarias, la desnutrici\u00f3n socava el desarrollo cognitivo, agrava las complicaciones durante el embarazo y tambi\u00e9n el parto con el consecuente impacto \u00abnefasto e irreversible\u00bb para la supervivencia, el crecimiento y el aprendizaje de sus hijos.<\/p>\n<p>M\u00e1s de 51 millones de menores de dos a\u00f1os sufren retraso de crecimiento,\u00a0y m\u00e1s de la mitad lo desarrollan durante el embarazo y primeros seis meses de la vida, cuando dependen exclusivamente de la leche materna.<\/p>\n<p>En el sureste asi\u00e1tico y el \u00c1frica subsahariana, dos de cada tres j\u00f3venes sufren peso inferior al recomendado para su edad, y tres de cada cinco adolescentes padecen anemia.<\/p>\n<p>Las mujeres y j\u00f3venes procedentes de hogares m\u00e1s pobres tienen dos veces m\u00e1s de probabilidades de sufrir insuficiente peso que las de hogares m\u00e1s ricos.<\/p>\n<p>La brecha de g\u00e9nero tambi\u00e9n se manifest\u00f3 en la nutrici\u00f3n: en 2021, a\u00f1o marcado por la pandemia de la Covid-19, hab\u00eda 126 millones de mujeres m\u00e1s que hombres sufriendo inseguridad alimentaria frente a los 49 millones de dos a\u00f1os anteriores.<\/p>\n<p>Unicef pidi\u00f3 a gobiernos que den prioridad a sus programas para adolescentes y mujeres.<\/p>\n<p>\u00abLa imposibilidad para una joven o mujer de acceder a una nutrici\u00f3n adecuada perpet\u00faa la desigualdad de g\u00e9nero\u00bb, concluy\u00f3 Russell, instando a la vez a movilizar \u00abvoluntad pol\u00edtica y recursos necesarios, no hay tiempo que perder\u00bb.<\/p>\n<h6>Fuente: La Nueva Ma\u00f1ana<\/h6>\n","protected":false},"excerpt":{"rendered":"<p>La cantidad de adolescentes, embarazadas y lactantes que sufren desnutrici\u00f3n aument\u00f3 un 25% desde 2020 en los 12 pa\u00edses m\u00e1s afectados.<\/p>\n","protected":false},"author":2,"featured_media":134422,"comment_status":"closed","ping_status":"closed","sticky":false,"template":"","format":"standard","meta":{"footnotes":""},"categories":[22],"tags":[57],"class_list":["post-134421","post","type-post","status-publish","format-standard","has-post-thumbnail","hentry","category-el-mundo","tag-el-mundo"],"_links":{"self":[{"href":"http:\/\/argentinamunicipal.com.ar\/argentina\/wp-json\/wp\/v2\/posts\/134421","targetHints":{"allow":["GET"]}}],"collection":[{"href":"http:\/\/argentinamunicipal.com.ar\/argentina\/wp-json\/wp\/v2\/posts"}],"about":[{"href":"http:\/\/argentinamunicipal.com.ar\/argentina\/wp-json\/wp\/v2\/types\/post"}],"author":[{"embeddable":true,"href":"http:\/\/argentinamunicipal.com.ar\/argentina\/wp-json\/wp\/v2\/users\/2"}],"replies":[{"embeddable":true,"href":"http:\/\/argentinamunicipal.com.ar\/argentina\/wp-json\/wp\/v2\/comments?post=134421"}],"version-history":[{"count":0,"href":"http:\/\/argentinamunicipal.com.ar\/argentina\/wp-json\/wp\/v2\/posts\/134421\/revisions"}],"wp:featuredmedia":[{"embeddable":true,"href":"http:\/\/argentinamunicipal.com.ar\/argentina\/wp-json\/wp\/v2\/media\/134422"}],"wp:attachment":[{"href":"http:\/\/argentinamunicipal.com.ar\/argentina\/wp-json\/wp\/v2\/media?parent=134421"}],"wp:term":[{"taxonomy":"category","embeddable":true,"href":"http:\/\/argentinamunicipal.com.ar\/argentina\/wp-json\/wp\/v2\/categories?post=134421"},{"taxonomy":"post_tag","embeddable":true,"href":"http:\/\/argentinamunicipal.com.ar\/argentina\/wp-json\/wp\/v2\/tags?post=134421"}],"curies":[{"name":"wp","href":"https:\/\/api.w.org\/{rel}","templated":true}]}}