{"id":134450,"date":"2023-03-09T05:15:50","date_gmt":"2023-03-09T08:15:50","guid":{"rendered":"http:\/\/argentinamunicipal.com.ar\/argentina\/?p=134450"},"modified":"2023-03-08T17:05:16","modified_gmt":"2023-03-08T20:05:16","slug":"ushuaia-apuran-la-creacion-del-instituto-municipal-de-vivienda","status":"publish","type":"post","link":"http:\/\/argentinamunicipal.com.ar\/argentina\/ushuaia-apuran-la-creacion-del-instituto-municipal-de-vivienda\/","title":{"rendered":"Ushuaia: Apuran la creaci\u00f3n del Instituto Municipal de Vivienda"},"content":{"rendered":"<p>El Municipio llevar\u00e1 la propuesta al Concejo, junto con la posibilidad de financiamiento para las primeras 500 de las 2.000 viviendas anunciadas por el Intendente. Consideran crucial contar con un \u00e1mbito independiente y espec\u00edfico para la ejecuci\u00f3n de las obras.<\/p>\n<p>El secretario de H\u00e1bitat y Ordenamiento Territorial de la Ciudad de Ushuaia, David Ferreira, brind\u00f3 algunos detalles del anuncio formulado por el intendente Walter Vuoto de emprender obras para 2.000 soluciones habitacionales, con un paquete de medidas que se van a remitir al Concejo Deliberante, para propiciar esa posibilidad que comenzar\u00eda con la inmediata construcci\u00f3n de las primeras 500 viviendas.<\/p>\n<p>El desaf\u00edo tiene su ra\u00edz en la evidente crisis habitacional en la ciudad, \u201cuna situaci\u00f3n hist\u00f3rica que se ha venido a profundizar en los \u00faltimos dos a\u00f1os por la situaci\u00f3n de mucha actividad tur\u00edstica en relaci\u00f3n a los alquileres temporarios\u201d, contextualiz\u00f3 Ferreira.<\/p>\n<p>El lugar se\u00f1alado ser\u00e1 una segunda etapa de la urbanizaci\u00f3n General San Mart\u00edn, lo que implica apertura de calles, tendido de servicios y optimizaci\u00f3n de la densidad con viviendas colectivas, en altura, a diferencia de la etapa San Mart\u00edn I. \u201cLa idea es optimizar el suelo urbano con viviendas colectivas en un gran proyecto de 2.000 viviendas\u201d a\u00f1adi\u00f3 el funcionario.<\/p>\n<p>Entre las medidas a remitir al Concejo Deliberante, mencion\u00f3, por un lado, la b\u00fasqueda de financiamiento, a trav\u00e9s de bonos a largo plazo respetando t\u00e9cnicamente las normativas municipales, o bien de la creaci\u00f3n un fideicomiso municipal para que inversionistas p\u00fablicos o privados puedan acceder a los fondos para llevar adelante las obras.<\/p>\n<p>Por el otro, se promover\u00e1 ante el Concejo la creaci\u00f3n del anunciado Instituto Municipal de Vivienda, fundamental para la nueva etapa que se viene en Ushuaia en relaci\u00f3n con lo habitacional. \u201cDesde la Secretar\u00eda no somos unidad ejecutora de construcci\u00f3n de viviendas, solo tenemos la misi\u00f3n y funci\u00f3n de la distribuci\u00f3n y optimizaci\u00f3n del suelo urbano para todos los vecinos y vecinas de la ciudad\u201d describi\u00f3 la situaci\u00f3n actual Ferreira.<\/p>\n<p>Por tanto, la creaci\u00f3n de un ente municipal espec\u00edfico de vivienda \u201cnos viene a dar tambi\u00e9n un marco mucho m\u00e1s amplio, no a gran escala como un IPV, pero con las mismas misiones y funciones y m\u00e1s que nada para ser unidad ejecutora, tener esa independencia, poder ejecutar obras, poder contemplar no solamente la cuesti\u00f3n social, sino la legal y la mirada de ciudad que tenemos\u201d con respecto a la construcci\u00f3n de viviendas. Claramente deber\u00e1 ser el marco para poder trabajar sobre el anuncio del Intendente.<\/p>\n<p>Respecto de la figura o perfil m\u00e1s conveniente, el secretario adelant\u00f3 que se eval\u00faan dos situaciones, que forme parte de la Secretar\u00eda o que tenga independencia para poder operar como unidad ejecutora. \u201cMe parece que debe tener una independencia\u201d, adelant\u00f3 su opini\u00f3n. \u201cSi bien en algunos aspectos est\u00e1 bien tener relaci\u00f3n con la Secretar\u00eda de H\u00e1bitat, porque tambi\u00e9n es quien va a garantizar el suelo, me parece que debe tener cierta independencia para ser unidad ejecutora e integrar en distintos mecanismos lo social, lo planificado, la construcci\u00f3n, el aspecto legal, y los mecanismos de recupero\u201d.<\/p>\n<p>\u201cMe parece que un Instituto Municipal de Vivienda est\u00e1 muy bien\u201d insisti\u00f3.<\/p>\n<p>Con respecto a la recepci\u00f3n que el cuerpo de concejales tendr\u00e1 sobre la pretensi\u00f3n de creaci\u00f3n del Instituto, Ferreira consider\u00f3: \u201cno vemos hoy a los concejales oponi\u00e9ndose en contra de esta situaci\u00f3n\u201d. S\u00ed vaticin\u00f3 una posible discusi\u00f3n en el tema del financiamiento, en la solicitud de los bonos o del fideicomiso, \u201cpero entendemos que se va a dar la discusi\u00f3n necesaria, nosotros como Ejecutivo y tambi\u00e9n entiendo que los concejales van a solicitar una discusi\u00f3n totalmente sana de la situaci\u00f3n\u201d. En tal sentido, manifest\u00f3 que \u201call\u00ed estaremos dando las explicaciones y fundamentos necesarios por los cuales creemos que estas herramientas tienen que ser aprobadas para salvaguardar la situaci\u00f3n habitacional de la ciudad\u201d.<\/p>\n<h6>Fuente: El Diario del Fin del Mundo<\/h6>\n","protected":false},"excerpt":{"rendered":"<p>El Municipio llevar\u00e1 la propuesta al Concejo, junto con la posibilidad de financiamiento para las primeras 500 de las 2.000 viviendas anunciadas por el Intendente. Consideran crucial contar con un \u00e1mbito independiente y espec\u00edfico para la ejecuci\u00f3n de las obras.<\/p>\n","protected":false},"author":2,"featured_media":134451,"comment_status":"closed","ping_status":"closed","sticky":false,"template":"","format":"standard","meta":{"footnotes":""},"categories":[2],"tags":[34],"class_list":["post-134450","post","type-post","status-publish","format-standard","has-post-thumbnail","hentry","category-informe-municipal","tag-tierra-del-fuego"],"_links":{"self":[{"href":"http:\/\/argentinamunicipal.com.ar\/argentina\/wp-json\/wp\/v2\/posts\/134450","targetHints":{"allow":["GET"]}}],"collection":[{"href":"http:\/\/argentinamunicipal.com.ar\/argentina\/wp-json\/wp\/v2\/posts"}],"about":[{"href":"http:\/\/argentinamunicipal.com.ar\/argentina\/wp-json\/wp\/v2\/types\/post"}],"author":[{"embeddable":true,"href":"http:\/\/argentinamunicipal.com.ar\/argentina\/wp-json\/wp\/v2\/users\/2"}],"replies":[{"embeddable":true,"href":"http:\/\/argentinamunicipal.com.ar\/argentina\/wp-json\/wp\/v2\/comments?post=134450"}],"version-history":[{"count":0,"href":"http:\/\/argentinamunicipal.com.ar\/argentina\/wp-json\/wp\/v2\/posts\/134450\/revisions"}],"wp:featuredmedia":[{"embeddable":true,"href":"http:\/\/argentinamunicipal.com.ar\/argentina\/wp-json\/wp\/v2\/media\/134451"}],"wp:attachment":[{"href":"http:\/\/argentinamunicipal.com.ar\/argentina\/wp-json\/wp\/v2\/media?parent=134450"}],"wp:term":[{"taxonomy":"category","embeddable":true,"href":"http:\/\/argentinamunicipal.com.ar\/argentina\/wp-json\/wp\/v2\/categories?post=134450"},{"taxonomy":"post_tag","embeddable":true,"href":"http:\/\/argentinamunicipal.com.ar\/argentina\/wp-json\/wp\/v2\/tags?post=134450"}],"curies":[{"name":"wp","href":"https:\/\/api.w.org\/{rel}","templated":true}]}}