{"id":134468,"date":"2023-03-08T17:48:50","date_gmt":"2023-03-08T20:48:50","guid":{"rendered":"http:\/\/argentinamunicipal.com.ar\/argentina\/?p=134468"},"modified":"2023-03-08T17:48:50","modified_gmt":"2023-03-08T20:48:50","slug":"gremios-de-cordoba-apoyan-formula-llaryora-llamosas-para-las-elecciones","status":"publish","type":"post","link":"http:\/\/argentinamunicipal.com.ar\/argentina\/gremios-de-cordoba-apoyan-formula-llaryora-llamosas-para-las-elecciones\/","title":{"rendered":"Gremios de C\u00f3rdoba apoyan f\u00f3rmula Llaryora-Llamosas para las elecciones"},"content":{"rendered":"<p>As\u00ed lo manifestaron en el marco de una reuni\u00f3n plenaria con la presencia de regionales de toda la provincia de C\u00f3rdoba. El encuentro se desarroll\u00f3 en el complejo polideportivo de Aoita y fue convocado por la CGT local<\/p>\n<p>Los gremios de C\u00f3rdoba expresaron su apoyo al intendente Juan Manuel Llamosas para que sea candidato a vicegobernador como compa\u00f1ero de f\u00f3rmula de Mart\u00edn Llaryora.<\/p>\n<p>As\u00ed lo manifestaron en el marco de una reuni\u00f3n plenaria con la presencia de regionales de toda la provincia de C\u00f3rdoba.<\/p>\n<p>El encuentro se desarroll\u00f3 en el complejo polideportivo de Aoita de nuestra ciudad y fue convocado por la Regional CGT R\u00edo Cuarto.<\/p>\n<p>En la ocasi\u00f3n, m\u00faltiples representantes gremiales coincidieron en la importancia de que el mandatario local conforme la f\u00f3rmula de Hacemos por C\u00f3rdoba junto con Mart\u00edn Llaryora.<\/p>\n<p>Magallanes:\u201cHay un contundente apoyo de todo el sur cordob\u00e9s para que tengamos un hombre del interior en el gobierno provincial\u201d.<\/p>\n<p>\u201cHay un contundente apoyo de todo el sur cordob\u00e9s para que tengamos un hombre del interior en el gobierno provincial\u201d, expres\u00f3 el secretario general de la CGT R\u00edo Cuarto, Ricardo Magallanes.<\/p>\n<p>En tanto, Cristina Fern\u00e1ndez, de Atsa, afirm\u00f3 que \u201cJuan Manuel es un dirigente que escucha, se preocupa y hace\u201d.<\/p>\n<p>Al respecto, resalt\u00f3 el estado de abandono en el cual Llamosas recibi\u00f3 la ciudad en 2016 y la compar\u00f3 con la actual.<\/p>\n<p>\u201cPasamos de una ciudad sucia, ineficiente y sin servicios, a una ciudad ejemplo en pol\u00edticas innovadoras, como el Presupuesto Participativo\u201d, afirm\u00f3.<\/p>\n<p>Por su parte, el secretario general del gremio de Empleados de Comercio, Jos\u00e9 Luis Oberto, destac\u00f3 la importancia de la creaci\u00f3n de la Secretar\u00eda de Trabajo y Empleo para R\u00edo Cuarto.<\/p>\n<p>\u201cEsta gesti\u00f3n transform\u00f3 la ciudad con obras, m\u00e1s salud y una pol\u00edtica de descentralizaci\u00f3n que es in\u00e9dita\u201d, dijo.<\/p>\n<p>\u201cComo movimiento obrero nos complace decirles a todos los cordobeses que no nos vamos a equivocar y que tenemos dos intendentes en C\u00f3rdoba y en R\u00edo Cuarto, que hicieron y siguen haciendo una gesti\u00f3n que les cambi\u00f3 la vida a los vecinos y vecinas. Esta f\u00f3rmula va a tener mucho respaldo en el sur provincial\u201d, asegur\u00f3.<\/p>\n<p>Asimismo, Rub\u00e9n Urbano, de la UOM Regional C\u00f3rdoba, manifest\u00f3: \u201cNo hay margen para la duda, por eso acompa\u00f1amos la f\u00f3rmula Llaryora-Llamosas\u201d.<\/p>\n<p>\u201cEn R\u00edo Cuarto la pol\u00edtica ha escuchado a los trabajadores y eso representa Juan Manuel para el sur de la provincia\u201d, indic\u00f3 Emiliano Gramajo, de Aoita C\u00f3rdoba.<\/p>\n<p>En el mismo sentido, Ricardo Tosto, del gremio de Obras Sanitarias R\u00edo Cuarto, sostuvo: \u201cEsta f\u00f3rmula la conforman dos hombres que se caracterizan por su capacidad de gesti\u00f3n, al lado de la sociedad y de los trabajadores\u201d.<\/p>\n<p>Finalmente, el intendente Llamosas agradeci\u00f3 las muestras de apoyo y la visita de dirigentes de C\u00f3rdoba y dem\u00e1s lugares de toda la provincia.<\/p>\n<p>\u201cCon el movimiento obrero de R\u00edo Cuarto siempre nos pusimos de acuerdo muy r\u00e1pido. Por eso en conjunto transformamos la ciudad con pol\u00edticas p\u00fablicas que garantizan el respeto por los derechos de los trabajadores y la justicia social\u201d, expres\u00f3.<\/p>\n<p>\u201cEsto que sucede en R\u00edo Cuarto es modelo y se puede extrapolar a la provincia: Estado, sector empresario y movimiento obrero articulando acciones para generar m\u00e1s oportunidades de trabajo que tengan continuidad en el tiempo. Gracias por la confianza y sigamos trabajando juntos porque hay un gran futuro para C\u00f3rdoba\u201d, finaliz\u00f3 Llamosas.<\/p>\n<h6>Fuente: Puntal<\/h6>\n","protected":false},"excerpt":{"rendered":"<p>As\u00ed lo manifestaron en el marco de una reuni\u00f3n plenaria con la presencia de regionales de toda la provincia de C\u00f3rdoba. El encuentro se desarroll\u00f3 en el complejo polideportivo de Aoita y fue convocado por la CGT local<\/p>\n","protected":false},"author":2,"featured_media":134469,"comment_status":"closed","ping_status":"closed","sticky":false,"template":"","format":"standard","meta":{"footnotes":""},"categories":[4],"tags":[3],"class_list":["post-134468","post","type-post","status-publish","format-standard","has-post-thumbnail","hentry","category-informe-politico","tag-cordoba"],"_links":{"self":[{"href":"http:\/\/argentinamunicipal.com.ar\/argentina\/wp-json\/wp\/v2\/posts\/134468","targetHints":{"allow":["GET"]}}],"collection":[{"href":"http:\/\/argentinamunicipal.com.ar\/argentina\/wp-json\/wp\/v2\/posts"}],"about":[{"href":"http:\/\/argentinamunicipal.com.ar\/argentina\/wp-json\/wp\/v2\/types\/post"}],"author":[{"embeddable":true,"href":"http:\/\/argentinamunicipal.com.ar\/argentina\/wp-json\/wp\/v2\/users\/2"}],"replies":[{"embeddable":true,"href":"http:\/\/argentinamunicipal.com.ar\/argentina\/wp-json\/wp\/v2\/comments?post=134468"}],"version-history":[{"count":0,"href":"http:\/\/argentinamunicipal.com.ar\/argentina\/wp-json\/wp\/v2\/posts\/134468\/revisions"}],"wp:featuredmedia":[{"embeddable":true,"href":"http:\/\/argentinamunicipal.com.ar\/argentina\/wp-json\/wp\/v2\/media\/134469"}],"wp:attachment":[{"href":"http:\/\/argentinamunicipal.com.ar\/argentina\/wp-json\/wp\/v2\/media?parent=134468"}],"wp:term":[{"taxonomy":"category","embeddable":true,"href":"http:\/\/argentinamunicipal.com.ar\/argentina\/wp-json\/wp\/v2\/categories?post=134468"},{"taxonomy":"post_tag","embeddable":true,"href":"http:\/\/argentinamunicipal.com.ar\/argentina\/wp-json\/wp\/v2\/tags?post=134468"}],"curies":[{"name":"wp","href":"https:\/\/api.w.org\/{rel}","templated":true}]}}