{"id":134531,"date":"2023-03-13T05:30:56","date_gmt":"2023-03-13T08:30:56","guid":{"rendered":"http:\/\/argentinamunicipal.com.ar\/argentina\/?p=134531"},"modified":"2023-03-12T18:36:11","modified_gmt":"2023-03-12T21:36:11","slug":"francia-vivio-su-septima-jornada-de-protestas-contra-la-reforma-jubilatoria","status":"publish","type":"post","link":"http:\/\/argentinamunicipal.com.ar\/argentina\/francia-vivio-su-septima-jornada-de-protestas-contra-la-reforma-jubilatoria\/","title":{"rendered":"Francia vivi\u00f3 su s\u00e9ptima jornada de protestas contra la reforma jubilatoria\u00a0"},"content":{"rendered":"<p>\u00ab\u00bfQu\u00e9 m\u00e1s hay que hacer?\u00bb, se pregunt\u00f3 el l\u00edder de la combativa CGT, Philippe Mart\u00ednez, quien pidi\u00f3 que Macron acepte una consulta a los ciudadanos franceses.<\/p>\n<p>Los franceses salieron a las calles este s\u00e1bado por s\u00e9ptima vez para protestar contra la reforma jubilatoria del gobierno de Emmanuel Macron, rechazada por los sindicatos que piden hacer una \u00abconsulta\u00bb, mientras el proyecto avanza en el Senado mediante un procedimiento acelerado. Las manifestaciones se repitieron por todo el pa\u00eds, acompa\u00f1adas de los paros y piquetes cuyos efectos se vienen notando desde hace d\u00edas en sectores como el transporte p\u00fablico, el tr\u00e1fico a\u00e9reo, el energ\u00e9tico y la recolecci\u00f3n de basura.<\/p>\n<p>Los sindicatos buscaban dejar en claro este s\u00e1bado que el malestar popular ante la reforma persiste, pero las manifestaciones fueron menos concurridas que en otras ocasiones.\u00a0De acuerdo a la CGT, en Par\u00eds se manifestaron 300 mil personas. El ministerio de Interior rebaj\u00f3 la participaci\u00f3n de la jornada a 48 mil personas en la capital y cifr\u00f3 en 368 mil los manifestantes a nivel nacional. Este \u00faltimo dato, para los sindicatos, super\u00f3 el mill\u00f3n.<\/p>\n<p>\u00ab\u00bfQu\u00e9 m\u00e1s hay que hacer?\u00bb, se pregunt\u00f3 Philippe Mart\u00ednez, l\u00edder de la combativa CGT, en declaraciones a la prensa desde la cabecera de la manifestaci\u00f3n que recorri\u00f3 Par\u00eds, desde la Plaza de la Rep\u00fablica hasta la de la Naci\u00f3n. \u00abSi Macron est\u00e1 tan seguro de s\u00ed mismo, que consulte a los franceses\u00bb, desafi\u00f3 Mart\u00ednez al mandatario franc\u00e9s.<\/p>\n<p>Pese al descontento,\u00a0el Senado franc\u00e9s aprob\u00f3 el proyecto a \u00faltima hora del s\u00e1bado.\u00a0El texto, que se debati\u00f3 por un procedimiento acelerado activado por el Ejecutivo para esquivar numerosas enmiendas interpuestas por la oposici\u00f3n para entorpecer el debate, recibi\u00f3 el respaldo de 195 senadores y 112 votos en contra.<\/p>\n<p>La reforma se debatir\u00e1 el 15 de marzo en una comisi\u00f3n mixta paritaria para acordar una versi\u00f3n com\u00fan que deber\u00e1 ser luego validada por ambas c\u00e1maras. El principal eje de la reforma que promueve Macron es retrasar la edad m\u00ednima de jubilaci\u00f3n dos a\u00f1os, de los 62 a\u00f1os actuales a los 64.<\/p>\n<h6>Fuente: P\u00e1gina 12<\/h6>\n","protected":false},"excerpt":{"rendered":"<p>\u00ab\u00bfQu\u00e9 m\u00e1s hay que hacer?\u00bb, se pregunt\u00f3 el l\u00edder de la combativa CGT, Philippe Mart\u00ednez, quien pidi\u00f3 que Macron acepte una consulta a los ciudadanos franceses.<\/p>\n","protected":false},"author":2,"featured_media":134546,"comment_status":"closed","ping_status":"closed","sticky":false,"template":"","format":"standard","meta":{"footnotes":""},"categories":[22],"tags":[57],"class_list":["post-134531","post","type-post","status-publish","format-standard","has-post-thumbnail","hentry","category-el-mundo","tag-el-mundo"],"_links":{"self":[{"href":"http:\/\/argentinamunicipal.com.ar\/argentina\/wp-json\/wp\/v2\/posts\/134531","targetHints":{"allow":["GET"]}}],"collection":[{"href":"http:\/\/argentinamunicipal.com.ar\/argentina\/wp-json\/wp\/v2\/posts"}],"about":[{"href":"http:\/\/argentinamunicipal.com.ar\/argentina\/wp-json\/wp\/v2\/types\/post"}],"author":[{"embeddable":true,"href":"http:\/\/argentinamunicipal.com.ar\/argentina\/wp-json\/wp\/v2\/users\/2"}],"replies":[{"embeddable":true,"href":"http:\/\/argentinamunicipal.com.ar\/argentina\/wp-json\/wp\/v2\/comments?post=134531"}],"version-history":[{"count":0,"href":"http:\/\/argentinamunicipal.com.ar\/argentina\/wp-json\/wp\/v2\/posts\/134531\/revisions"}],"wp:featuredmedia":[{"embeddable":true,"href":"http:\/\/argentinamunicipal.com.ar\/argentina\/wp-json\/wp\/v2\/media\/134546"}],"wp:attachment":[{"href":"http:\/\/argentinamunicipal.com.ar\/argentina\/wp-json\/wp\/v2\/media?parent=134531"}],"wp:term":[{"taxonomy":"category","embeddable":true,"href":"http:\/\/argentinamunicipal.com.ar\/argentina\/wp-json\/wp\/v2\/categories?post=134531"},{"taxonomy":"post_tag","embeddable":true,"href":"http:\/\/argentinamunicipal.com.ar\/argentina\/wp-json\/wp\/v2\/tags?post=134531"}],"curies":[{"name":"wp","href":"https:\/\/api.w.org\/{rel}","templated":true}]}}