{"id":134553,"date":"2023-03-13T05:41:36","date_gmt":"2023-03-13T08:41:36","guid":{"rendered":"http:\/\/argentinamunicipal.com.ar\/argentina\/?p=134553"},"modified":"2023-03-12T18:43:30","modified_gmt":"2023-03-12T21:43:30","slug":"pese-a-la-deuda-aseguran-que-estan-los-fondos-para-pagar-a-los-jubilados-cordobeses","status":"publish","type":"post","link":"http:\/\/argentinamunicipal.com.ar\/argentina\/pese-a-la-deuda-aseguran-que-estan-los-fondos-para-pagar-a-los-jubilados-cordobeses\/","title":{"rendered":"Pese a la deuda, aseguran que est\u00e1n los fondos para pagar a los jubilados cordobeses"},"content":{"rendered":"<p>El ministro de Finanzas de la Provincia, Osvaldo Giordano, ratific\u00f3 a Puntal que si la Naci\u00f3n no paga los 110 mil millones se ir\u00e1 a la Justicia. \u00abEste esfuerzo es equivalente a lo que se recauda del Inmobiliario Urbano\u00bb, dijo<\/p>\n<p>Pese a la deuda por la Caja de Jubilaciones, est\u00e1 garantizado el pago de haberes a los jubilados cordobeses, dijo ayer a Puntal el ministro de Finanzas de C\u00f3rdoba, Osvaldo Giordano.<\/p>\n<p>El funcionario provincial confirm\u00f3 que C\u00f3rdoba iniciar\u00e1 acciones legales si la Naci\u00f3n no paga dentro del plazo de 5 d\u00edas lo que debe en concepto por la Caja de Jubilaciones que asciende a casi 110 mil millones de pesos.<\/p>\n<p>Tambi\u00e9n se\u00f1al\u00f3 que esa deuda genera desajustes en el presupuesto provincial, que obligan a hacer desv\u00edos de fondos desde otras \u00e1reas de gobierno.<\/p>\n<p>\u201cAyer, formalmente, el gobernador (Juan Schiaretti)hizo una presentaci\u00f3n ante el Presidente de la Naci\u00f3n (Alberto Fern\u00e1ndez)en la cual se plantea ese reclamo, en ese orden de magnitud, referido a deudas que tiene y que datan de tres a\u00f1os para atr\u00e1s\u201d, sostuvo el ministro Giordano.<\/p>\n<p>Giordano aclar\u00f3 que, en el manejo presupuestario, hay prioridades:\u201cEn este caso, va a estar como prioridad el pago de las jubilaciones\u201d.<\/p>\n<p>Ya\u00f1adi\u00f3: \u201cLo que m\u00e1s nos preocupa es que, a pesar de que en el presupuesto nacional estaba previsto un adelanto actualizado para este 2023, no se hizo ning\u00fan env\u00edo, lo cual genera una mayor discriminaci\u00f3n y una mayor preocupaci\u00f3n, De ah\u00ed la necesidad de plantear el reclamo de manera m\u00e1s formal y dejar expeditiva la v\u00eda judicial si se persiste en el incumplimiento\u201d.<\/p>\n<p>\u201cIncluso hace algunas semanas hicimos una presentaci\u00f3n conjunta con las provincias que tienen problemas similares instando al gobierno nacional a que le d\u00e9 la atenci\u00f3n que merece este tema\u201d, afirm\u00f3.<\/p>\n<p>-Esta situaci\u00f3n \u00bfdesacomoda las cuentas provinciales?<\/p>\n<p>-S\u00ed, por supuesto, porque no es un n\u00famero menor. Lo que implica el financiamiento que corresponde que haga Anses equivale al 20 por ciento del gasto total. De ah\u00ed que se tenga que recurrir a fuentes alternativas, lo que significa sacar partidas de otras \u00e1reas para ir pagando las jubilaciones, lo que se compensar\u00e1 cuando se devuelva esa plata. Este esfuerzo que estamos haciendo es equivalente a todo lo que recauda la Provincia del impuesto Inmobiliario Urbano.<\/p>\n<p>Giordano aclar\u00f3 que, en el manejo presupuestario, se deben tener objetivos:\u201cEn este caso, va a estar como una de las prioridades el pago en tiempo y forma de las jubilaciones\u201d.<\/p>\n<h6>Fuente:\u00a0 Puntal<\/h6>\n","protected":false},"excerpt":{"rendered":"<p>El ministro de Finanzas de la Provincia, Osvaldo Giordano, ratific\u00f3 a Puntal que si la Naci\u00f3n no paga los 110 mil millones se ir\u00e1 a la Justicia. \u00abEste esfuerzo es equivalente a lo que se recauda del Inmobiliario Urbano\u00bb, dijo<\/p>\n","protected":false},"author":2,"featured_media":134554,"comment_status":"closed","ping_status":"closed","sticky":false,"template":"","format":"standard","meta":{"footnotes":""},"categories":[65],"tags":[3],"class_list":["post-134553","post","type-post","status-publish","format-standard","has-post-thumbnail","hentry","category-provincias","tag-cordoba"],"_links":{"self":[{"href":"http:\/\/argentinamunicipal.com.ar\/argentina\/wp-json\/wp\/v2\/posts\/134553","targetHints":{"allow":["GET"]}}],"collection":[{"href":"http:\/\/argentinamunicipal.com.ar\/argentina\/wp-json\/wp\/v2\/posts"}],"about":[{"href":"http:\/\/argentinamunicipal.com.ar\/argentina\/wp-json\/wp\/v2\/types\/post"}],"author":[{"embeddable":true,"href":"http:\/\/argentinamunicipal.com.ar\/argentina\/wp-json\/wp\/v2\/users\/2"}],"replies":[{"embeddable":true,"href":"http:\/\/argentinamunicipal.com.ar\/argentina\/wp-json\/wp\/v2\/comments?post=134553"}],"version-history":[{"count":0,"href":"http:\/\/argentinamunicipal.com.ar\/argentina\/wp-json\/wp\/v2\/posts\/134553\/revisions"}],"wp:featuredmedia":[{"embeddable":true,"href":"http:\/\/argentinamunicipal.com.ar\/argentina\/wp-json\/wp\/v2\/media\/134554"}],"wp:attachment":[{"href":"http:\/\/argentinamunicipal.com.ar\/argentina\/wp-json\/wp\/v2\/media?parent=134553"}],"wp:term":[{"taxonomy":"category","embeddable":true,"href":"http:\/\/argentinamunicipal.com.ar\/argentina\/wp-json\/wp\/v2\/categories?post=134553"},{"taxonomy":"post_tag","embeddable":true,"href":"http:\/\/argentinamunicipal.com.ar\/argentina\/wp-json\/wp\/v2\/tags?post=134553"}],"curies":[{"name":"wp","href":"https:\/\/api.w.org\/{rel}","templated":true}]}}