{"id":134584,"date":"2023-03-14T05:21:44","date_gmt":"2023-03-14T08:21:44","guid":{"rendered":"http:\/\/argentinamunicipal.com.ar\/argentina\/?p=134584"},"modified":"2023-03-13T17:23:29","modified_gmt":"2023-03-13T20:23:29","slug":"a-pesar-de-lula-continua-la-deforestacion-en-la-amazonia","status":"publish","type":"post","link":"http:\/\/argentinamunicipal.com.ar\/argentina\/a-pesar-de-lula-continua-la-deforestacion-en-la-amazonia\/","title":{"rendered":"A pesar de Lula, contin\u00faa la deforestaci\u00f3n en la Amazonia"},"content":{"rendered":"<p>En febrero, la deforestaci\u00f3n en la Amazonia brasile\u00f1a marc\u00f3 un r\u00e9cord, el monitoreo satelital detect\u00f3 209 kil\u00f3metros cuadrados de bosques destruidos en la parte brasile\u00f1a de la mayor selva tropical del mundo, seg\u00fan datos preliminares del sistema de vigilancia DETER, del Instituto Nacional de Investigaciones Espaciales (INPE) citados por la agencia de noticias AFP.<br \/>\nAunque el \u00e1rea, que equivale a m\u00e1s de 29.000 canchas de f\u00fatbol, s\u00f3lo contempla datos hasta el 17 de febrero, representa un alza en relaci\u00f3n con el r\u00e9cord anterior, de 199 kil\u00f3metros cuadrados destruidos en todo el mes febrero de 2021, \u00faltimo a\u00f1o del gobierno del ultraderechista Jair Bolsonaro. El mes pasado, el monitoreo satelital hab\u00eda reportado una ca\u00edda de 61% en relaci\u00f3n con el mismo per\u00edodo de 2022, aunque organizaciones ambientalistas hab\u00edan alertado que era prematuro hablar de una \u00abreversi\u00f3n de tendencia\u00bb, ya que parte de la ca\u00edda pod\u00eda atribuirse a una mayor cobertura de nubes que perjudicaron los c\u00e1lculos.<\/p>\n<p><strong>El drama de la deforestaci\u00f3n<\/strong><\/p>\n<p>\u201cEl aumento de la deforestaci\u00f3n puede ser un reflejo de la limitaci\u00f3n en la detecci\u00f3n el mes pasado debido a la cobertura de nubes, y lo que se est\u00e1 observando ahora tal vez contemple tanto el \u00e1rea destruida este mes como tambi\u00e9n de enero\u201d, dijo Daniel Silva, especialista en conservaci\u00f3n de la ONG WWF-Brasil. Bajo el anterior gobierno de Bolsonaro, un aliado de la agroindustria y negacionista del cambio clim\u00e1tico, la deforestaci\u00f3n anual promedio en la Amazonia brasile\u00f1a aument\u00f3 75,5% con respecto a la d\u00e9cada anterior.<br \/>\nExpertos aseguran que la destrucci\u00f3n se debe principalmente al avance de las granjas y los usurpadores de tierras que talan la selva para ganader\u00eda y cultivos.<\/p>\n<p><strong>A pesar de Lula<\/strong><\/p>\n<p>Lula da Silva asumi\u00f3, al comenzar este a\u00f1o, por tercera vez la presidencia de Brasil con la protecci\u00f3n de la selva como una de sus principales banderas para permitir que Brasil deje de ser un \u201cparia\u201d en temas clim\u00e1ticos.<br \/>\nEl mandatario nombr\u00f3 al frente del ministerio de Medio Ambiente a Marina Silva, una reconocida ambientalista que estuvo al frente de esa cartera entre 2003 y 2008, cuando Brasil logr\u00f3 disminuir sensiblemente la deforestaci\u00f3n. El 24 de enero, Silva reconoci\u00f3 que la realidad ambiental de Brasil es \u201cmucho peor\u201d de lo esperado. \u201cSabemos que existe un empe\u00f1o del nuevo gobierno para controlar la deforestaci\u00f3n, pero los resultados concretos deben demorar un tiempo para ser observados\u201d, agreg\u00f3 el experto de la WWF-Brasil.<\/p>\n<h6>Fuente: El Diario de Madryn<\/h6>\n","protected":false},"excerpt":{"rendered":"<p>En febrero, la deforestaci\u00f3n en la Amazonia brasile\u00f1a marc\u00f3 un r\u00e9cord, el monitoreo satelital detect\u00f3 209 kil\u00f3metros cuadrados de bosques destruidos en la parte brasile\u00f1a de la mayor selva tropical del mundo<\/p>\n","protected":false},"author":2,"featured_media":134585,"comment_status":"closed","ping_status":"closed","sticky":false,"template":"","format":"standard","meta":{"footnotes":""},"categories":[22],"tags":[57],"class_list":["post-134584","post","type-post","status-publish","format-standard","has-post-thumbnail","hentry","category-el-mundo","tag-el-mundo"],"_links":{"self":[{"href":"http:\/\/argentinamunicipal.com.ar\/argentina\/wp-json\/wp\/v2\/posts\/134584","targetHints":{"allow":["GET"]}}],"collection":[{"href":"http:\/\/argentinamunicipal.com.ar\/argentina\/wp-json\/wp\/v2\/posts"}],"about":[{"href":"http:\/\/argentinamunicipal.com.ar\/argentina\/wp-json\/wp\/v2\/types\/post"}],"author":[{"embeddable":true,"href":"http:\/\/argentinamunicipal.com.ar\/argentina\/wp-json\/wp\/v2\/users\/2"}],"replies":[{"embeddable":true,"href":"http:\/\/argentinamunicipal.com.ar\/argentina\/wp-json\/wp\/v2\/comments?post=134584"}],"version-history":[{"count":0,"href":"http:\/\/argentinamunicipal.com.ar\/argentina\/wp-json\/wp\/v2\/posts\/134584\/revisions"}],"wp:featuredmedia":[{"embeddable":true,"href":"http:\/\/argentinamunicipal.com.ar\/argentina\/wp-json\/wp\/v2\/media\/134585"}],"wp:attachment":[{"href":"http:\/\/argentinamunicipal.com.ar\/argentina\/wp-json\/wp\/v2\/media?parent=134584"}],"wp:term":[{"taxonomy":"category","embeddable":true,"href":"http:\/\/argentinamunicipal.com.ar\/argentina\/wp-json\/wp\/v2\/categories?post=134584"},{"taxonomy":"post_tag","embeddable":true,"href":"http:\/\/argentinamunicipal.com.ar\/argentina\/wp-json\/wp\/v2\/tags?post=134584"}],"curies":[{"name":"wp","href":"https:\/\/api.w.org\/{rel}","templated":true}]}}