{"id":134614,"date":"2023-03-14T05:00:23","date_gmt":"2023-03-14T08:00:23","guid":{"rendered":"http:\/\/argentinamunicipal.com.ar\/argentina\/?p=134614"},"modified":"2023-03-14T06:36:11","modified_gmt":"2023-03-14T09:36:11","slug":"las-huelgas-en-los-aeropuertos-de-alemania-dejan-en-tierra-a-miles-de-pasajeros","status":"publish","type":"post","link":"http:\/\/argentinamunicipal.com.ar\/argentina\/las-huelgas-en-los-aeropuertos-de-alemania-dejan-en-tierra-a-miles-de-pasajeros\/","title":{"rendered":"Las huelgas en los aeropuertos de Alemania dejan en tierra a miles de pasajeros"},"content":{"rendered":"<p>Los sindicatos reclaman un aumento salarial del 10,5 por ciento, mientras que la oferta de los empresarios llega al cinco por ciento.<\/p>\n<p>El transporte a\u00e9reo en Alemania se ve gravemente afectado por varias huelgas en los principales aeropuertos del pa\u00eds.<\/p>\n<p>Berl\u00edn, Hamburgo, Hannover y Bremen\u00a0fueron escenario de \u00abparos de advertencia\u00bb, por parte de los trabajadores de los controles de seguridad y en relaci\u00f3n a diversos conflictos salariales.\u00a0Miles de pasajeros\u00a0nacionales e internacionales han sido v\u00edctimas de la cancelaci\u00f3n de cientos de vuelos.<\/p>\n<p>\u00abDebido a la huelga de advertencia de los trabajadores de los controles de seguridad a\u00e9rea, hoy, 13 de marzo, no habr\u00e1 salidas comerciales en BER. Los vuelos de llegada tambi\u00e9n pueden verse afectados\u00bb, informa el aeropuerto de Berl\u00edn en su cuenta de Twitter.<\/p>\n<p>El aeropuerto de Hamburgo, por su parte, inform\u00f3 en su p\u00e1gina en internet que desde el domingo 12 de marzo a las 22.00 horas hasta el lunes 13 a las 23.00,\u00a0\u00abno ser\u00e1 posible efectuar salidas regulares\u00bb\u00a0y \u00abtambi\u00e9n en las llegadas habr\u00e1 cancelaciones\u00bb.<\/p>\n<p>El aeropuerto de Hannover inform\u00f3 su vez de que \u00abno habr\u00e1 operaciones regulares de vuelo\u00bb entre las 21.00 horas del domingo y la 1.30 del martes 14, mientras que el aeropuerto de Bremen cancel\u00f3 sus vuelos durante todo el d\u00eda 13.<\/p>\n<p>En total, cerca de\u00a0200 salidas fueron canceladas en Berl\u00edn,\u00a0con la previsi\u00f3n de la cancelaci\u00f3n de cerca de un tercio de las 200 llegadas previstas para este lunes. En Hamburgo han sido canceladas a su vez 123 salidas y al menos 50 de las 121 llegadas previstas.<\/p>\n<p>Desde el sindicato se informa de que sus miembros llevan a\u00f1os negociando con la Confederaci\u00f3n de Empresas de Seguridad A\u00e9rea (BDLS) para\u00a0un aumento de sueldos.\u00a0A grandes rasgos, los sindicatos reclaman un aumento salarial del 10,5 por ciento, mientras que la oferta de los empresarios llega al cinco por ciento de aumento, en dos fases. Est\u00e1 previsto que las negociaciones entre ambas partes contin\u00faen el pr\u00f3ximo 27 de marzo.<\/p>\n<h6>Fuente: Cba24n.com.ar<\/h6>\n","protected":false},"excerpt":{"rendered":"<p>Los sindicatos reclaman un aumento salarial del 10,5 por ciento, mientras que la oferta de los empresarios llega al cinco por ciento.<\/p>\n","protected":false},"author":2,"featured_media":134615,"comment_status":"closed","ping_status":"closed","sticky":false,"template":"","format":"standard","meta":{"footnotes":""},"categories":[22],"tags":[57],"class_list":["post-134614","post","type-post","status-publish","format-standard","has-post-thumbnail","hentry","category-el-mundo","tag-el-mundo"],"_links":{"self":[{"href":"http:\/\/argentinamunicipal.com.ar\/argentina\/wp-json\/wp\/v2\/posts\/134614","targetHints":{"allow":["GET"]}}],"collection":[{"href":"http:\/\/argentinamunicipal.com.ar\/argentina\/wp-json\/wp\/v2\/posts"}],"about":[{"href":"http:\/\/argentinamunicipal.com.ar\/argentina\/wp-json\/wp\/v2\/types\/post"}],"author":[{"embeddable":true,"href":"http:\/\/argentinamunicipal.com.ar\/argentina\/wp-json\/wp\/v2\/users\/2"}],"replies":[{"embeddable":true,"href":"http:\/\/argentinamunicipal.com.ar\/argentina\/wp-json\/wp\/v2\/comments?post=134614"}],"version-history":[{"count":0,"href":"http:\/\/argentinamunicipal.com.ar\/argentina\/wp-json\/wp\/v2\/posts\/134614\/revisions"}],"wp:featuredmedia":[{"embeddable":true,"href":"http:\/\/argentinamunicipal.com.ar\/argentina\/wp-json\/wp\/v2\/media\/134615"}],"wp:attachment":[{"href":"http:\/\/argentinamunicipal.com.ar\/argentina\/wp-json\/wp\/v2\/media?parent=134614"}],"wp:term":[{"taxonomy":"category","embeddable":true,"href":"http:\/\/argentinamunicipal.com.ar\/argentina\/wp-json\/wp\/v2\/categories?post=134614"},{"taxonomy":"post_tag","embeddable":true,"href":"http:\/\/argentinamunicipal.com.ar\/argentina\/wp-json\/wp\/v2\/tags?post=134614"}],"curies":[{"name":"wp","href":"https:\/\/api.w.org\/{rel}","templated":true}]}}