{"id":134627,"date":"2023-03-15T05:40:22","date_gmt":"2023-03-15T08:40:22","guid":{"rendered":"http:\/\/argentinamunicipal.com.ar\/argentina\/?p=134627"},"modified":"2023-03-14T15:51:12","modified_gmt":"2023-03-14T18:51:12","slug":"tras-un-largo-camino-ya-rige-la-moratoria-previsional","status":"publish","type":"post","link":"http:\/\/argentinamunicipal.com.ar\/argentina\/tras-un-largo-camino-ya-rige-la-moratoria-previsional\/","title":{"rendered":"Tras un largo camino, ya rige la moratoria previsional"},"content":{"rendered":"<p>El Gobierno promulg\u00f3 la norma a casi un mes de su sanci\u00f3n en el Congreso, donde debi\u00f3 superar las trabas de Juntos por el Cambio. La C\u00e1mpora hab\u00eda reclamado por las demoras en que la ley entre en vigencia. Unas 800 mil personas podr\u00e1n acceder a una jubilaci\u00f3n.<\/p>\n<p>A menos de un mes de haber sido sancionada, el gobierno nacional promulg\u00f3 la Ley de Moratoria Previsional. La medida beneficiar\u00e1 a unas 800 mil personas, que a partir de ahora podr\u00e1n jubilarse a pesar de haber llegado a la edad requerida sin los 30 a\u00f1os de aportes que exige ese tr\u00e1mite.<\/p>\n<p>Se trata de la ley 27.705, que hab\u00eda sido\u00a0resistida por Juntos por el Cambio, cuya bancada puso\u00a0palos en la rueda\u00a0para el tratamiento en sesi\u00f3n extraordinaria. El\u00a0\u00a0ins\u00f3lito argumento\u00a0fue que esa medida\u00a0 \u201cendeudaba a los jubilados\u201d, tal como lo expres\u00f3 Mar\u00eda Eugenia Vidal durante la sesi\u00f3n.<\/p>\n<p><strong>Las cr\u00edticas de La C\u00e1mpora por la demora<\/strong><br \/>\nLa promulgaci\u00f3n de la norma fue publicada en el Bolet\u00edn Oficial, solo un d\u00eda despu\u00e9s de que el Gobierno nacional recibiera\u00a0cuestionamientos de La C\u00e1mpora, que\u00a0lo critic\u00f3 por dilatar la puesta en marcha de esa iniciativa.<\/p>\n<p>\u201cLogramos\u00a0la aprobaci\u00f3n de la ley que beneficiar\u00e1 a 800 mil argentinos. Esperemos que el Presidente, que solicit\u00f3 el tratamiento del proyecto en extraordinarias, ahora la promulgue\u00bb, dec\u00eda\u00a0el texto que la agrupaci\u00f3n difundi\u00f3 ayer, con duros cuestionamientos al Gobierno y el acuerdo con el Fondo Monetario.<\/p>\n<p>El proyecto hab\u00eda sido presentado en febrero del a\u00f1o pasado y su sanci\u00f3n lleg\u00f3 poco m\u00e1s 300 d\u00edas despu\u00e9s de su presentaci\u00f3n en la C\u00e1mara alta. La promulgaci\u00f3n lleg\u00f3 esta ma\u00f1ana a primera hora.<\/p>\n<p>Qui\u00e9nes pueden acceder a la moratoria previsional<br \/>\nEl pago de deuda previsional est\u00e1 dirigido a personas que,\u00a0pese a haber cumplido la edad jubilatoria, no llegaron a pagar los 30 a\u00f1os de aportes\u00a0que dicta la legislaci\u00f3n.<\/p>\n<p>Incluye a\u00a0mujeres de entre 50 y 59\u00a0a\u00f1os y\u00a0hombres de entre 55 y 64\u00a0a\u00f1os, quienes todav\u00eda no tienen la edad l\u00edmite pero ya saben que no llegar\u00e1n a esa cantidad de a\u00f1os de aportes.<\/p>\n<p>La normativa reglamentada indica que el primer grupo de beneficiarios ser\u00e1n quienes ya cumplieron la edad jubilatoria. Podr\u00e1n regularizar las deudas de aportes anteriores a diciembre de 2008, y los pagos ser\u00e1n descontados autom\u00e1ticamente de la jubilaci\u00f3n que percibir\u00e1n mensualmente.<\/p>\n<p>Quienes est\u00e9n\u00a0a menos de diez a\u00f1os de cumplir la edad jubilatoria, podr\u00e1n regularizar pagos pendientes anteriores al 31 de marzo de 2012.<\/p>\n<p><strong>C\u00f3mo se calcular\u00e1 la deuda por los aportes<\/strong><br \/>\nEl aporte\u00a0se calcular\u00e1 por una Unidad de Pago de Deuda Previsional (UPDP) y el monto por cada mes adeudado es igual al\u00a029 por ciento de la remuneraci\u00f3n m\u00ednima imponible, que equivale a unos\u00a05.730 pesos\u00a0a marzo de este a\u00f1o.<\/p>\n<p>La deuda total\u00a0se puede cancelar en hasta 120 cuotas, de acuerdo con la cantidad de a\u00f1os que se quieran pagar. El valor se ir\u00e1 ajustando seg\u00fan la movilidad jubilatoria, en forma trimestral.<\/p>\n<p>Del los 7,2 millones de jubilados que hay en la Argentina,\u00a0la mitad obtuvo su haber previsional a trav\u00e9s de leyes de moratoria, seg\u00fan indic\u00f3 la Anses.<\/p>\n<h6>Fuente: P\u00e1gina 12<\/h6>\n","protected":false},"excerpt":{"rendered":"<p>El Gobierno promulg\u00f3 la norma a casi un mes de su sanci\u00f3n en el Congreso, donde debi\u00f3 superar las trabas de Juntos por el Cambio. La C\u00e1mpora hab\u00eda reclamado por las demoras en que la ley entre en vigencia. Unas 800 mil personas podr\u00e1n acceder a una jubilaci\u00f3n.<\/p>\n","protected":false},"author":2,"featured_media":134628,"comment_status":"closed","ping_status":"closed","sticky":false,"template":"","format":"standard","meta":{"footnotes":""},"categories":[8],"tags":[21],"class_list":["post-134627","post","type-post","status-publish","format-standard","has-post-thumbnail","hentry","category-informe-nacional","tag-argentina"],"_links":{"self":[{"href":"http:\/\/argentinamunicipal.com.ar\/argentina\/wp-json\/wp\/v2\/posts\/134627","targetHints":{"allow":["GET"]}}],"collection":[{"href":"http:\/\/argentinamunicipal.com.ar\/argentina\/wp-json\/wp\/v2\/posts"}],"about":[{"href":"http:\/\/argentinamunicipal.com.ar\/argentina\/wp-json\/wp\/v2\/types\/post"}],"author":[{"embeddable":true,"href":"http:\/\/argentinamunicipal.com.ar\/argentina\/wp-json\/wp\/v2\/users\/2"}],"replies":[{"embeddable":true,"href":"http:\/\/argentinamunicipal.com.ar\/argentina\/wp-json\/wp\/v2\/comments?post=134627"}],"version-history":[{"count":0,"href":"http:\/\/argentinamunicipal.com.ar\/argentina\/wp-json\/wp\/v2\/posts\/134627\/revisions"}],"wp:featuredmedia":[{"embeddable":true,"href":"http:\/\/argentinamunicipal.com.ar\/argentina\/wp-json\/wp\/v2\/media\/134628"}],"wp:attachment":[{"href":"http:\/\/argentinamunicipal.com.ar\/argentina\/wp-json\/wp\/v2\/media?parent=134627"}],"wp:term":[{"taxonomy":"category","embeddable":true,"href":"http:\/\/argentinamunicipal.com.ar\/argentina\/wp-json\/wp\/v2\/categories?post=134627"},{"taxonomy":"post_tag","embeddable":true,"href":"http:\/\/argentinamunicipal.com.ar\/argentina\/wp-json\/wp\/v2\/tags?post=134627"}],"curies":[{"name":"wp","href":"https:\/\/api.w.org\/{rel}","templated":true}]}}