{"id":134630,"date":"2023-03-15T05:51:58","date_gmt":"2023-03-15T08:51:58","guid":{"rendered":"http:\/\/argentinamunicipal.com.ar\/argentina\/?p=134630"},"modified":"2023-03-14T15:53:53","modified_gmt":"2023-03-14T18:53:53","slug":"francisco-compromiso-con-los-migrantes-el-dialogo-interreligioso-y-el-medio-ambiente","status":"publish","type":"post","link":"http:\/\/argentinamunicipal.com.ar\/argentina\/francisco-compromiso-con-los-migrantes-el-dialogo-interreligioso-y-el-medio-ambiente\/","title":{"rendered":"Francisco: compromiso con los migrantes, el di\u00e1logo interreligioso y el medio ambiente"},"content":{"rendered":"<p>Soy un gran admirador del papa Francisco. As\u00ed como algunos de mis amigos de la vida, humildemente, me siento un disc\u00edpulo suyo. Y quisiera destacar en esta columna tres aristas de su sabia acci\u00f3n de las cuales puedo dar testimonio.<\/p>\n<p><strong>Compromiso con los migrantes<\/strong><\/p>\n<p>Recordemos que el primer gesto del papa fue dirigirse a la isla de Lampedusa a aseverar su posici\u00f3n sobre los refugiados, hombres, mujeres y ni\u00f1os que, escap\u00e1ndose de hambrunas y persecuciones, arriesgan sus vidas dej\u00e1ndose llevar en fr\u00e1giles barcazas hasta alguna costa del viejo continente. Todav\u00eda reverberan en m\u00ed las frases de aquella homil\u00eda: \u201cNuestra indiferencia nos hace culpables. En este sentido, les propongo algunas palabras que provocan en la conciencia de todos, inspir\u00e1ndonos a cambiar realmente ciertas actitudes. \u00b4Ad\u00e1n, \u00bfd\u00f3nde est\u00e1s?\u00b4 es la primera pregunta que Dios dirige al hombre. Y la segunda es \u00b4\u00bfd\u00f3nde est\u00e1 tu hermano?\u00b4\u201d.<br \/>\nConsecuente, el papa Francisco, en el alto compromiso de su ministerio y siendo obispo de Roma, determin\u00f3 que todos aquellos predios que en la actualidad no se utilizaban como seminarios e iglesias, fueran destinados al trabajo y albergue de los migrantes.<br \/>\nTuve la oportunidad de visitar la obra de los Misioneros Scalabrinianos, en las afueras de Roma, cuya tarea pastoral es inmensa. Mientras los gobiernos levantan muros fronterizos y promueven programas antimigratorios, ellos cumplen con empe\u00f1o \u00fanico el mandato b\u00edblico de \u201camar\u00e1s como a ti mismo al extranjero\u201d.<br \/>\nEn cada oportunidad que se le presenta, apelando a la memoria y a las ra\u00edces de las historias personales, el papa es la voz firme y pausada de los migrantes que sufren las guerras y las nuevas formas de esclavitud. En palabras de mi hermano Omar Abboud:\u00a0\u201cAbrir los brazos ante tantas personas que persiguen sus sue\u00f1os de dignidad lo hace enfrentar incluso a poderosos\u00a0lobbies\u00a0que fomentan conflictos frente al silencio vergonzoso y c\u00f3mplice\u201d.<\/p>\n<p><strong>Compromiso con el di\u00e1logo interreligioso<\/strong><\/p>\n<p>El objeto del di\u00e1logo interreligioso es la promoci\u00f3n de la riqueza que nace del intercambio entre tradiciones religiosas. Quienes somos creyentes en la Trascendencia de la existencia y profesamos esta consideraci\u00f3n con una visi\u00f3n pluralista, pensamos que la misma no se expresa en t\u00e9rminos de la revelaci\u00f3n a una fe con exclusividad a una comunidad de iluminados. En oposici\u00f3n a una religiosidad que acarrea el peligro del fundamentalismo, sostenemos que el di\u00e1logo es la base del encuentro y que debe ser plasmado en los diversos \u00e1mbitos (el religioso, el social, el pol\u00edtico). En este sentido, vemos en el papa al gran gu\u00eda de nuestro tiempo.<br \/>\nA\u00fan cuesta ser conscientes del momento hist\u00f3rico que estamos viviendo. Por ejemplo, a\u00fan nos va a llevar tiempo metabolizar el enorme gesto ejercido por Francisco cuando, en febrero de 2019, con motivo de su primera visita a la pen\u00ednsula ar\u00e1biga, elabor\u00f3 y firm\u00f3, junto al Gran Im\u00e1n Ahmad Al Tayyeb, el Documento sobre la Fraternidad Humana. Y lo mismo ocurre en el di\u00e1logo ecum\u00e9nico y con los factores religiosos jud\u00edos. Coincido con mi hermano Guillermo Marc\u00f3 cuando dice:\u00a0\u201cEl Papa est\u00e1 convencido de que la soluci\u00f3n a muchos de los problemas actuales no vendr\u00e1 del viejo mundo, sino que puede surgir de nuestro continente\u201d.\u00a0En este sentido, el Instituto de Dialogo Interreligioso de la Argentina (IDI) surge bajo su inspiraci\u00f3n, con el objeto de encuentro y superaci\u00f3n del af\u00e1n individualista que deteriora las necesidades del conjunto.<\/p>\n<p><strong>Compromiso con el medio ambiente<\/strong><\/p>\n<p>Preocupado por la Creaci\u00f3n, el papa sostiene que el clima es un bien com\u00fan, de todos y para todos.\u00a0En su enc\u00edclica\u00a0Laudato si: Sobre el cuidado de la casa com\u00fan, Francisco emite un llamado de alerta ante el cambio clim\u00e1tico actual, con consecuencias desastrosas, y a su vez propone\u00a0acciones concretas ante la degradaci\u00f3n social que ha sufrido el planeta en los \u00faltimos dos siglos, identificando \u201clas ra\u00edces humanas\u201d\u00a0del deterioro ambiental que vivimos.<\/p>\n<p>\u201cHoy no podemos dejar de reconocer que un verdadero planteo ecol\u00f3gico se convierte siempre en planteo social, que debe integrar la justicia en las discusiones sobre el ambiente, para escuchar tanto el clamor de la tierra como el clamor de los pobres\u201d,\u00a0escribe el Papa, con lenguaje simple y directo, accesible a todos.<\/p>\n<p>En un an\u00e1lisis de su enc\u00edclica, Edna Goldman se\u00f1ala que el papa en sus palabras incluye el flagelo de la pobreza y\u00a0el azote\u00a0de los poderes econ\u00f3micos.\u00a0Aborda la problem\u00e1tica ecol\u00f3gica a trav\u00e9s de la \u00edntima relaci\u00f3n entre los pobres y la fragilidad del planeta; la convicci\u00f3n de que en el mundo todo est\u00e1 conectado; la cr\u00edtica al nuevo paradigma y a las formas de poder que derivan de la tecnolog\u00eda; la invitaci\u00f3n a buscar otros modos de entender la econom\u00eda y el progreso; rechazar la cultura del descarte y la propuesta de un nuevo estilo de vida.<\/p>\n<p>Esta tr\u00edada marca la d\u00e9cada del papa Francisco como un pontificado lleno de desaf\u00edos trascendentes. Celebro este momento.<\/p>\n<p>Por\u00a0Daniel Goldman*<\/p>\n<p>* Rabino<\/p>\n<h6>Fuente: P\u00e1gina 12<\/h6>\n","protected":false},"excerpt":{"rendered":"<p>Soy un gran admirador del papa Francisco. As\u00ed como algunos de mis amigos de la vida, humildemente, me siento un disc\u00edpulo suyo. Y quisiera destacar en esta columna tres aristas de su sabia acci\u00f3n de las cuales puedo dar testimonio.<\/p>\n","protected":false},"author":2,"featured_media":134631,"comment_status":"closed","ping_status":"closed","sticky":false,"template":"","format":"standard","meta":{"footnotes":""},"categories":[22],"tags":[57],"class_list":["post-134630","post","type-post","status-publish","format-standard","has-post-thumbnail","hentry","category-el-mundo","tag-el-mundo"],"_links":{"self":[{"href":"http:\/\/argentinamunicipal.com.ar\/argentina\/wp-json\/wp\/v2\/posts\/134630","targetHints":{"allow":["GET"]}}],"collection":[{"href":"http:\/\/argentinamunicipal.com.ar\/argentina\/wp-json\/wp\/v2\/posts"}],"about":[{"href":"http:\/\/argentinamunicipal.com.ar\/argentina\/wp-json\/wp\/v2\/types\/post"}],"author":[{"embeddable":true,"href":"http:\/\/argentinamunicipal.com.ar\/argentina\/wp-json\/wp\/v2\/users\/2"}],"replies":[{"embeddable":true,"href":"http:\/\/argentinamunicipal.com.ar\/argentina\/wp-json\/wp\/v2\/comments?post=134630"}],"version-history":[{"count":0,"href":"http:\/\/argentinamunicipal.com.ar\/argentina\/wp-json\/wp\/v2\/posts\/134630\/revisions"}],"wp:featuredmedia":[{"embeddable":true,"href":"http:\/\/argentinamunicipal.com.ar\/argentina\/wp-json\/wp\/v2\/media\/134631"}],"wp:attachment":[{"href":"http:\/\/argentinamunicipal.com.ar\/argentina\/wp-json\/wp\/v2\/media?parent=134630"}],"wp:term":[{"taxonomy":"category","embeddable":true,"href":"http:\/\/argentinamunicipal.com.ar\/argentina\/wp-json\/wp\/v2\/categories?post=134630"},{"taxonomy":"post_tag","embeddable":true,"href":"http:\/\/argentinamunicipal.com.ar\/argentina\/wp-json\/wp\/v2\/tags?post=134630"}],"curies":[{"name":"wp","href":"https:\/\/api.w.org\/{rel}","templated":true}]}}