{"id":134633,"date":"2023-03-15T05:30:07","date_gmt":"2023-03-15T08:30:07","guid":{"rendered":"http:\/\/argentinamunicipal.com.ar\/argentina\/?p=134633"},"modified":"2023-03-14T16:01:52","modified_gmt":"2023-03-14T19:01:52","slug":"el-pj-de-santa-fe-se-rearma-y-tendra-su-congreso-provincial-el-22-de-abril","status":"publish","type":"post","link":"http:\/\/argentinamunicipal.com.ar\/argentina\/el-pj-de-santa-fe-se-rearma-y-tendra-su-congreso-provincial-el-22-de-abril\/","title":{"rendered":"El PJ de Santa Fe se rearma y tendr\u00e1 su congreso provincial el 22 de abril"},"content":{"rendered":"<p>Se reuni\u00f3 el Consejo Ejecutivo con participaci\u00f3n de las 19 departamentales y de todos los sectores internos. Definieron avanzar en las conversaciones con los \u00abaliados naturales\u00bb del partido. \u00abNo veo un escenario de ruptura\u00bb, dijo a El Litoral Ricardo Olivera.<\/p>\n<p>El peronismo santafesino comienza a rearmarse en la provincia de cara a las pr\u00f3ximas elecciones en las que deber\u00e1 elegirse al sucesor de\u00a0Omar Perotti. Representantes de las 19 departamentales y de todas las l\u00edneas internas del partido se reunieron en el marco del Consejo Ejecutivo provincial de la fuerza. Algunos hechos de la gesti\u00f3n, como el reestablecimiento del v\u00ednculo a partir de la urgencia entre Agust\u00edn Rossi y Omar Perotti, facilitaron un ordenamiento que hubiese sido impensado o muy dif\u00edcil de lograr tiempo atr\u00e1s. Es un orden m\u00ednimo y b\u00e1sico que debe lograrse, incluso, para garantizar pasos protocolares como la inscripci\u00f3n de alianzas en tiempo y forma. Y es, en t\u00e9rminos pol\u00edticos y simb\u00f3licos, una demostraci\u00f3n de que todos los sectores competir\u00e1n por dentro de la estructura partidaria.<\/p>\n<p>\u00abPor lo que vivimos en esta reuni\u00f3n, aunque el tema se terminar\u00e1 de ver con claridad en el congreso partidario, no veo un escenario de ruptura\u00bb, dijo a El Litoral el presidente de la fuerza, Ricardo Olivera, a prop\u00f3sito de algunos referentes que ven\u00edan azuzando con armados por fuera del PJ. \u00abHablo con todos los pre candidatos y todos est\u00e1n imaginando una instancia de competici\u00f3n interna a trav\u00e9s de las primarias; para nada veo un escenario de ruptura\u00bb, insisti\u00f3. \u00abNosotros resolvimos hacer un frente con los aliados naturales del PJ; si estamos discutiendo y acordando hacer un frente es porque estamos todos adentro. \u00c9sa es la conclusi\u00f3n\u00bb, sentenci\u00f3.<\/p>\n<p><strong>Congreso y estrategia<\/strong><br \/>\nOlivera consider\u00f3 que el camino inevitable para definir el candidato a gobernador del peronismo ser\u00e1 el de las PASO. \u00abHay muchos pre candidatos en el territorio, por lo tanto, no creo que haya posibilidades de un candidato \u00fanico\u00bb, opin\u00f3.<br \/>\nEn el corto plazo, el partido resolvi\u00f3 convocar a su congreso provincial para el pr\u00f3ximo 22 de abril. Ese d\u00eda, el Justicialismo deber\u00e1 resolver su pol\u00edtica de alianzas con otras fuerzas partidarias. \u00abSe nos encomend\u00f3 a la mesa pol\u00edtica del Consejo empezar a tener di\u00e1logo con nuestros aliados hist\u00f3ricos y ya lo hemos comenzado a hacer con el Frente Renovador, Ciento por Ciento Santafesino y hay alg\u00fan encuentro tambi\u00e9n con Ciudad Futura en Rosario, y con los otros aliados naturales que ha tenido desde siempre el peronismo\u00bb, detall\u00f3.<\/p>\n<p>\u00abEn el mediano plazo \u2013 acot\u00f3 Olivera- deberemos resolver qu\u00e9 estrategia electoral adoptamos; podr\u00edan darse alianzas o acuerdos dentro de los propios espacios internos del partido, pero dif\u00edcilmente se llegue a un candidato de unidad\u00bb, insisti\u00f3. \u00abMe fui satisfecho del encuentro porque m\u00e1s all\u00e1 de las diferencias internas que persistir\u00e1n, se logr\u00f3 mostrar unidos a todos los referentes de las corrientes del PJ, y nadie puso resistencia a la convocatoria de la reuni\u00f3n\u00bb, valor\u00f3.<br \/>\nEntre los presentes se encontraban Celia Arena y Alcides Calvo del sector m\u00e1s cercado a Omar Perotti; Norma L\u00f3pez y Leandro Busatto, el senador Rub\u00e9n Pirola, Eduardo Tognolli, Silvina Frana, Luis Rubeo, Germ\u00e1n Mart\u00ednez v\u00eda zoom, representantes sindicales, y del Foro de presidentes comunales e intendentes del PJ, entre otros.<\/p>\n<h6>Fuente: El Litoral<\/h6>\n","protected":false},"excerpt":{"rendered":"<p>Se reuni\u00f3 el Consejo Ejecutivo con participaci\u00f3n de las 19 departamentales y de todos los sectores internos. Definieron avanzar en las conversaciones con los \u00abaliados naturales\u00bb del partido.<\/p>\n","protected":false},"author":2,"featured_media":134634,"comment_status":"closed","ping_status":"closed","sticky":false,"template":"","format":"standard","meta":{"footnotes":""},"categories":[4],"tags":[10],"class_list":["post-134633","post","type-post","status-publish","format-standard","has-post-thumbnail","hentry","category-informe-politico","tag-santa-fe"],"_links":{"self":[{"href":"http:\/\/argentinamunicipal.com.ar\/argentina\/wp-json\/wp\/v2\/posts\/134633","targetHints":{"allow":["GET"]}}],"collection":[{"href":"http:\/\/argentinamunicipal.com.ar\/argentina\/wp-json\/wp\/v2\/posts"}],"about":[{"href":"http:\/\/argentinamunicipal.com.ar\/argentina\/wp-json\/wp\/v2\/types\/post"}],"author":[{"embeddable":true,"href":"http:\/\/argentinamunicipal.com.ar\/argentina\/wp-json\/wp\/v2\/users\/2"}],"replies":[{"embeddable":true,"href":"http:\/\/argentinamunicipal.com.ar\/argentina\/wp-json\/wp\/v2\/comments?post=134633"}],"version-history":[{"count":0,"href":"http:\/\/argentinamunicipal.com.ar\/argentina\/wp-json\/wp\/v2\/posts\/134633\/revisions"}],"wp:featuredmedia":[{"embeddable":true,"href":"http:\/\/argentinamunicipal.com.ar\/argentina\/wp-json\/wp\/v2\/media\/134634"}],"wp:attachment":[{"href":"http:\/\/argentinamunicipal.com.ar\/argentina\/wp-json\/wp\/v2\/media?parent=134633"}],"wp:term":[{"taxonomy":"category","embeddable":true,"href":"http:\/\/argentinamunicipal.com.ar\/argentina\/wp-json\/wp\/v2\/categories?post=134633"},{"taxonomy":"post_tag","embeddable":true,"href":"http:\/\/argentinamunicipal.com.ar\/argentina\/wp-json\/wp\/v2\/tags?post=134633"}],"curies":[{"name":"wp","href":"https:\/\/api.w.org\/{rel}","templated":true}]}}