{"id":134639,"date":"2023-03-15T05:11:01","date_gmt":"2023-03-15T08:11:01","guid":{"rendered":"http:\/\/argentinamunicipal.com.ar\/argentina\/?p=134639"},"modified":"2023-03-14T20:13:51","modified_gmt":"2023-03-14T23:13:51","slug":"la-provincia-destinara-40-viviendas-en-la-ciudad-de-santa-fe-para-los-afiliados-a-gremios-adheridos-a-la-cgt","status":"publish","type":"post","link":"http:\/\/argentinamunicipal.com.ar\/argentina\/la-provincia-destinara-40-viviendas-en-la-ciudad-de-santa-fe-para-los-afiliados-a-gremios-adheridos-a-la-cgt\/","title":{"rendered":"La provincia destinar\u00e1 40 viviendas en la ciudad de Santa Fe para los afiliados a gremios adheridos a la CGT"},"content":{"rendered":"<p>El gobernador Perotti encabez\u00f3 el acto de firma del convenio. Las unidades habitacionales se ejecutan en el barrio Esmeralda Este II.<\/p>\n<p>Este martes se desarroll\u00f3 el acto de firma del convenio por el cual la provincia entregar\u00e1 40 viviendas en la ciudad de Santa Fe a afiliados de gremios adheridos a la Confederaci\u00f3n General del Trabajo (CGT).<\/p>\n<p>El acuerdo establece que\u00a0el gobierno provincial otorgar\u00e1 40 viviendas de los planes que ejecuta en el barrio Esmeralda Este II, que ser\u00e1n destinadas a cubrir las necesidades de grupos familiares de afiliados a gremios que conforman la CGT.<\/p>\n<p>El acto se desarroll\u00f3 en el Sal\u00f3n Protocolar de Casa de Gobierno y fue encabezada por el gobernador Omar Perotti. Participaron las ministras de Infraestructura, Servicios P\u00fablicos y H\u00e1bitat, Silvina Frana; y de Gobierno, Justicia y Derechos Humanos, Celia Arena; el director provincial de Vivienda y Urbanismo (DPVyU), Edgardo Ragalli; y el secretario general de la CGT &#8211; Santa Fe, Claudio Ghirardi, entre otros.<\/p>\n<p>Tras la firma, Perotti indic\u00f3: \u201cDamos cumplimiento a un compromiso que hemos asumido de entregar las viviendas, con la CGT, sabiendo que es una se\u00f1al, porque demanda de viviendas hay en n\u00famero muy superior a la que estamos haci\u00e9ndo\u201d.<\/p>\n<p>Y continu\u00f3: \u201cEmpezar a transitar un camino donde los trabajadores con sus organizaciones puedan participar de estas 40 viviendas, nadie quita que los trabajadores puedan presentarse en cualquier otro programa, pero a nivel de esquema organizativo nos parece un se\u00f1al importante por el trabajo asociativo siempre da mejores resultados\u201d.<\/p>\n<p>Luego, el mandatario santafesino llam\u00f3 a seguir trabajando con las posibilidades de\u00a0Lote Propio\u00a0y las distintas variantes que tiene Vivienda, destacando que \u201cen momentos de alquileres altos, de salarios bajos, no tengo que explicar a ninguno de los que lo est\u00e1n viviendo, poner viviendas en construcci\u00f3n integradas, tambi\u00e9n es una se\u00f1al al que est\u00e1 alquilando, porque cede la presi\u00f3n sobre los inmuebles\u201d.<\/p>\n<p>Tambi\u00e9n llam\u00f3 a trabajar con \u201critmo junto a las comunas y municipalidades, que tienen terrenos, para ir generando las construcciones\u00a0sobre lote propio, lotes que nos vayan permitiendo unir las distintas tramas urbanas, generando un mejor desarrollo de cada pueblo o ciudad. Los trabajadores tienen hoy una expectativa lejana para muchos de tener su vivienda propia, por eso la fundamental acci\u00f3n del Estado es acompa\u00f1ar y tratar de que esa acci\u00f3n conjunta con los gremios nos permita mejores soluciones\u201d.<\/p>\n<p>Mientras tanto, el titular de la CGT Santa Fe, Claudio Ghirardi agradeci\u00f3 \u201cla posibilidad de tener estas 40 viviendas que ser\u00e1n destinadas en unos meses a familias de trabajadores con un sorteo en la CGT, porque la demanda es muy grande.\u00a0Hoy la oportunidad de tener 40 viviendas en poco tiempo, porque est\u00e1n en construcci\u00f3n, es un hecho sumamente importante\u00bb.<\/p>\n<p>Ghirardi reconoci\u00f3 que \u201chay una demanda de miles de viviendas en todo el pa\u00eds y en Santa Fe, y es importante contar con cosas como estas, concretas, 40 viviendas que en poco tiempo van a ser entregadas a sus beneficiarios\u201d, y\u00a0explic\u00f3 para la elecci\u00f3n de las familias beneficiarias \u201cesta semana se dar\u00e1n a conocer los requisitos de la DPVyU (Direccci\u00f3n Provincia de Vivienda y Urbanismo)\u00a0igual que para cualquier ciudadano, y a partir de ah\u00ed habr\u00e1 un sorteo entre todas las organizaciones sindicales que pertenecen a la CGT\u201d, concluy\u00f3.<\/p>\n<h6>Fuente: UNo<\/h6>\n","protected":false},"excerpt":{"rendered":"<p>El gobernador Perotti encabez\u00f3 el acto de firma del convenio. Las unidades habitacionales se ejecutan en el barrio Esmeralda Este II.<\/p>\n","protected":false},"author":2,"featured_media":134640,"comment_status":"closed","ping_status":"closed","sticky":false,"template":"","format":"standard","meta":{"footnotes":""},"categories":[2],"tags":[10],"class_list":["post-134639","post","type-post","status-publish","format-standard","has-post-thumbnail","hentry","category-informe-municipal","tag-santa-fe"],"_links":{"self":[{"href":"http:\/\/argentinamunicipal.com.ar\/argentina\/wp-json\/wp\/v2\/posts\/134639","targetHints":{"allow":["GET"]}}],"collection":[{"href":"http:\/\/argentinamunicipal.com.ar\/argentina\/wp-json\/wp\/v2\/posts"}],"about":[{"href":"http:\/\/argentinamunicipal.com.ar\/argentina\/wp-json\/wp\/v2\/types\/post"}],"author":[{"embeddable":true,"href":"http:\/\/argentinamunicipal.com.ar\/argentina\/wp-json\/wp\/v2\/users\/2"}],"replies":[{"embeddable":true,"href":"http:\/\/argentinamunicipal.com.ar\/argentina\/wp-json\/wp\/v2\/comments?post=134639"}],"version-history":[{"count":0,"href":"http:\/\/argentinamunicipal.com.ar\/argentina\/wp-json\/wp\/v2\/posts\/134639\/revisions"}],"wp:featuredmedia":[{"embeddable":true,"href":"http:\/\/argentinamunicipal.com.ar\/argentina\/wp-json\/wp\/v2\/media\/134640"}],"wp:attachment":[{"href":"http:\/\/argentinamunicipal.com.ar\/argentina\/wp-json\/wp\/v2\/media?parent=134639"}],"wp:term":[{"taxonomy":"category","embeddable":true,"href":"http:\/\/argentinamunicipal.com.ar\/argentina\/wp-json\/wp\/v2\/categories?post=134639"},{"taxonomy":"post_tag","embeddable":true,"href":"http:\/\/argentinamunicipal.com.ar\/argentina\/wp-json\/wp\/v2\/tags?post=134639"}],"curies":[{"name":"wp","href":"https:\/\/api.w.org\/{rel}","templated":true}]}}