{"id":134654,"date":"2023-03-15T06:28:57","date_gmt":"2023-03-15T09:28:57","guid":{"rendered":"http:\/\/argentinamunicipal.com.ar\/argentina\/?p=134654"},"modified":"2023-03-15T06:28:57","modified_gmt":"2023-03-15T09:28:57","slug":"el-nea-con-la-inflacion-mas-alta-del-pais-78","status":"publish","type":"post","link":"http:\/\/argentinamunicipal.com.ar\/argentina\/el-nea-con-la-inflacion-mas-alta-del-pais-78\/","title":{"rendered":"El NEA con la inflaci\u00f3n m\u00e1s alta del pa\u00eds: 7,8%"},"content":{"rendered":"<p>La trayectoria interanual de este indicador se ubic\u00f3 en 105,52%. En ambos casos (mensual e interanual) se trata del mayor valor desde que se inici\u00f3 la serie de medici\u00f3n regional (diciembre 2016).<\/p>\n<p>Tras haber registrado la menor inflaci\u00f3n del pa\u00eds en enero, en febrero el nordeste tuvo la mayor variaci\u00f3n de precios con 7,8%. Acumula 14,1% bimestral y 105,5% en los \u00faltimos doce meses.<\/p>\n<p>La inflaci\u00f3n nacional del mes de febrero se ubic\u00f3 en 6,6% seg\u00fan inform\u00f3 este martes el Instituto Nacional de Estad\u00edsticas y Censos.<\/p>\n<p>De acuerdo con el informe oficial, el pa\u00eds sum\u00f3 13,1% de variaci\u00f3n de precios en el primer bimestre del a\u00f1o, y 102,5% en los \u00faltimos doce meses.<\/p>\n<p>La regi\u00f3n NEA en enero habr\u00eda registrado 5,6% de inflaci\u00f3n, y se hab\u00eda destacado como la regi\u00f3n con menor variaci\u00f3n.<\/p>\n<p>De esta forma, en este periodo de tiempo se experiment\u00f3 un alivio tras haber finalizado el 2022 como la regi\u00f3n con mayor porcentaje de aumentos en el a\u00f1o.<\/p>\n<p>Sin embargo, los datos informados por el Indec este martes revelan que el NEA tuvo 7,8% de inflaci\u00f3n en febrero, la mayor entre regiones.<\/p>\n<p>En las dem\u00e1s regiones la inflaci\u00f3n de febrero de 2023 fue del 6,7% (GBA), 6,4% (Pampeana), 7,3% (NOA), 6,7% (Cuyo) y 5,8% (Patagonia).<\/p>\n<p>Tras el fuerte salto entre enero y febrero, 5,6% versus 7,8%, el NEA acumula 13,8% de inflaci\u00f3n en el primer bimestre del a\u00f1o.<\/p>\n<p>En tanto, entre febrero de 2022 y \u00a0febrero de 2023 los incrementos fueron del 105,5%, tambi\u00e9n el mayor registro entre regiones.<\/p>\n<p>En febrero los rubros que m\u00e1s inflaci\u00f3n registraron en el NEA fueron alimentos y bebidas no alcoh\u00f3licas 9,8%, Comunicaci\u00f3n 9%, Restaurantes y Bares 9,9% y Educaci\u00f3n 14,9%.<\/p>\n<h6>Fuente: El Litoral<\/h6>\n<p>&nbsp;<\/p>\n","protected":false},"excerpt":{"rendered":"<p>La trayectoria interanual de este indicador se ubic\u00f3 en 105,52%. En ambos casos (mensual e interanual) se trata del mayor valor desde que se inici\u00f3 la serie de medici\u00f3n regional (diciembre 2016).\u00a0<\/p>\n","protected":false},"author":2,"featured_media":134655,"comment_status":"closed","ping_status":"closed","sticky":false,"template":"","format":"standard","meta":{"footnotes":""},"categories":[65],"tags":[21],"class_list":["post-134654","post","type-post","status-publish","format-standard","has-post-thumbnail","hentry","category-provincias","tag-argentina"],"_links":{"self":[{"href":"http:\/\/argentinamunicipal.com.ar\/argentina\/wp-json\/wp\/v2\/posts\/134654","targetHints":{"allow":["GET"]}}],"collection":[{"href":"http:\/\/argentinamunicipal.com.ar\/argentina\/wp-json\/wp\/v2\/posts"}],"about":[{"href":"http:\/\/argentinamunicipal.com.ar\/argentina\/wp-json\/wp\/v2\/types\/post"}],"author":[{"embeddable":true,"href":"http:\/\/argentinamunicipal.com.ar\/argentina\/wp-json\/wp\/v2\/users\/2"}],"replies":[{"embeddable":true,"href":"http:\/\/argentinamunicipal.com.ar\/argentina\/wp-json\/wp\/v2\/comments?post=134654"}],"version-history":[{"count":0,"href":"http:\/\/argentinamunicipal.com.ar\/argentina\/wp-json\/wp\/v2\/posts\/134654\/revisions"}],"wp:featuredmedia":[{"embeddable":true,"href":"http:\/\/argentinamunicipal.com.ar\/argentina\/wp-json\/wp\/v2\/media\/134655"}],"wp:attachment":[{"href":"http:\/\/argentinamunicipal.com.ar\/argentina\/wp-json\/wp\/v2\/media?parent=134654"}],"wp:term":[{"taxonomy":"category","embeddable":true,"href":"http:\/\/argentinamunicipal.com.ar\/argentina\/wp-json\/wp\/v2\/categories?post=134654"},{"taxonomy":"post_tag","embeddable":true,"href":"http:\/\/argentinamunicipal.com.ar\/argentina\/wp-json\/wp\/v2\/tags?post=134654"}],"curies":[{"name":"wp","href":"https:\/\/api.w.org\/{rel}","templated":true}]}}