{"id":134685,"date":"2023-03-16T05:23:08","date_gmt":"2023-03-16T08:23:08","guid":{"rendered":"http:\/\/argentinamunicipal.com.ar\/argentina\/?p=134685"},"modified":"2023-03-15T20:25:25","modified_gmt":"2023-03-15T23:25:25","slug":"brasil-el-pt-busca-cambiar-el-polemico-articulo-142-de-la-constitucion","status":"publish","type":"post","link":"http:\/\/argentinamunicipal.com.ar\/argentina\/brasil-el-pt-busca-cambiar-el-polemico-articulo-142-de-la-constitucion\/","title":{"rendered":"Brasil: el PT busca cambiar el pol\u00e9mico art\u00edculo 142 de la Constituci\u00f3n"},"content":{"rendered":"<p>El texto dice que entre las funciones del poder castrense y solo \u201cpor iniciativa\u201d de las autoridades del Estado, est\u00e1 facultado a defender \u201cla ley y el orden\u201d.<\/p>\n<p>Brasil\u00a0est\u00e1 en un brete jur\u00eddico con la interpretaci\u00f3n del\u00a0art\u00edculo 142\u00b0\u00a0de su\u00a0Constituci\u00f3n.\u00a0Un texto de nueve l\u00edneas que es hijo de una \u00e9poca convulsionada, a la salida de la dictadura (1964-1985), cuando\u00a0los militares\u00a0interfirieron en su redacci\u00f3n. Es el mismo al que se aferr\u00f3 la ultraderecha bolsonarista para desconocer la victoria electoral de Lula y exigir a los gritos una intervenci\u00f3n de las fuerzas armadas ante los cuarteles. En la d\u00e9cada del \u201880, el ministro del Ej\u00e9rcito, el general Le\u00f4nidas Pires Gon\u00e7alves, redact\u00f3 un documento con 26 reivindicaciones. Una de ellas es la que se menciona al final del 142\u00b0. Dice que entre las funciones del poder castrense y solo \u201cpor iniciativa\u201d de las autoridades del Estado, est\u00e1 facultado a defender \u201cla ley y el orden\u201d.<\/p>\n<p>Un grupo de diputados y diputadas del PT, encabezado por el ex sindicalista Carlos Zarattini, plantea una PEC (Propuesta de Enmienda Constitucional) para reformar el art\u00edculo y que le cierre definitivamente la puerta a un intento de golpe de Estado basado en una mirada sesgada de la carta magna.<\/p>\n<p>El pol\u00e9mico 142 dice: \u201cLas Fuerzas Armadas constituidas por la Marina, el Ej\u00e9rcito y la Fuerza A\u00e9rea, son instituciones nacionales permanentes y regulares, organizadas sobre la base de la jerarqu\u00eda y la disciplina, bajo la autoridad suprema del presidente de la Rep\u00fablica, y tienen como finalidad la defensa de la Patria, la garant\u00eda de los poderes constitucionales y, por iniciativa de cualquiera de estos, la ley y el orden.\u201d\u00a0Para que la PEC redactada por Zarattini quede habilitada y se trate en el Congreso debe pasar por un proceso de recolecci\u00f3n de firmas. Se necesitan 171 para llegar a esa instancia.<\/p>\n<p>El diputado federal por San Pablo explic\u00f3 por qu\u00e9 present\u00f3 el proyecto durante una entrevista virtual con el periodista Breno Altman, del sitio \u00d3pera Mundi el 3 de marzo: \u201cEl art\u00edculo fue incluido en la Constituci\u00f3n de 1988, tuvo una gran pol\u00e9mica en la \u00e9poca y el general Le\u00f4nidas realiz\u00f3 una interferencia decisiva. Cambi\u00f3 pr\u00e1cticamente su redacci\u00f3n que estaba siendo hecha por la Asamblea Constituyente y \u00e9l introdujo en el final del art\u00edculo que las fuerzas armadas tienen que actuar como garant\u00eda de la ley y el orden. Y eso es lo que les permite intervenir muchas veces, principalmente en acciones de seguridad p\u00fablica\u201d.<\/p>\n<p>A pesar de que la C\u00e1mara de Diputados ya rechaz\u00f3 en 2020 la tesis de que el 142 consiente la chance de una intervenci\u00f3n militar, y que el mismo a\u00f1o adopt\u00f3 una postura id\u00e9ntica el Supremo Tribunal Federal (STF), los legisladores del PT van por la enmienda a la Constituci\u00f3n que consideran vital.<\/p>\n<p><strong>\u00abUna concepci\u00f3n autoritaria\u00bb<\/strong><br \/>\nEn di\u00e1logo con\u00a0P\u00e1ginaI12, la\u00a0diputada por Rio Grande do Sul, Maria do Rosario, que tambi\u00e9n acompa\u00f1a la propuesta de Zarattini, aport\u00f3 su mirada: \u201cBrasil no realiz\u00f3 una Justicia Transicional del per\u00edodo de la dictadura a la democracia. Y aunque la Constituci\u00f3n brasile\u00f1a es muy avanzada, conocida como Constituci\u00f3n Ciudadana, no aport\u00f3 cambios en las estructuras de las Fuerzas Armadas. Como resultado, termin\u00f3 trayendo una concepci\u00f3n autoritaria que uni\u00f3 a la polic\u00eda y estas mismas fuerzas. Es sumamente necesario desvincular y modificar este aspecto\u201d.<\/p>\n<p>La exministra de Derechos Humanos durante el gobierno de Dilma Rousseff apunta al sentido estrat\u00e9gico que tiene la reforma del art\u00edculo: \u201cLa PEC que se propone representa la profundizaci\u00f3n de nuestra democracia, tarea que a\u00fan queda por hacer en nuestro pa\u00eds. Quiz\u00e1s no lo consigamos en el per\u00edodo actual debido a la correlaci\u00f3n de fuerzas en el Parlamento. Pero esto no significa que no deba estar en la agenda de debates del pa\u00eds. Es importante recordar que la derogaci\u00f3n de la Ley de Seguridad Nacional se tramit\u00f3 durante muchos a\u00f1os y reci\u00e9n fue aprobada y sancionada en 2021\u201d.<\/p>\n<p>Aun cuando la C\u00e1mara de Diputados, el TSF y las interpretaciones de varios juristas no le otorgan validez ni legitimidad al uso que hizo el bolsonarismo del 142, la PEC para modificarlo sigue su tr\u00e1mite en el Congreso. Zarattini fue contundente sobre lo que representar\u00eda la anomal\u00eda de mantenerlo tal como est\u00e1: \u201cEsa idea de que el ej\u00e9rcito, la marina y la aeron\u00e1utica intervienen dentro del pa\u00eds es una cosa absolutamente fuera de lo normal en cualquier pa\u00eds del mundo\u201d.<\/p>\n<p><strong>30 a\u00f1os de intervenciones militares<\/strong><br \/>\nEl problema de Brasil es la centralidad que ha tenido en sus \u00faltimas d\u00e9cadas\u00a0la apelaci\u00f3n a militarizar la seguridad p\u00fablica.\u00a0Seg\u00fan Zarattini hubo \u201cm\u00e1s de cien intervenciones militares sobre la ley y el orden desde 1992 hasta 2022. La famosa operaci\u00f3n en la favela de Mar\u00e9, en R\u00edo de Janeiro, es una de ellas y antes de 1992 hubo una intervenci\u00f3n militar en la huelga de Volta Redonda en la que hubo tres trabajadores muertos por el ej\u00e9rcito\u201d.<\/p>\n<p>Los operativos en que se convoc\u00f3 a esta fuerza para ingresar a los barrios m\u00e1s humildes con el pretexto de combatir al narcotr\u00e1fico, cruzaron a todos los gobiernos nacionales. La secuencia se repiti\u00f3 con Rousseff, Temer y Bolsonaro, al menos en los \u00faltimos diez a\u00f1os.<\/p>\n<p>Pero como describi\u00f3 el diputado del PT y exsindicalista, el pa\u00eds est\u00e1 marcado por episodios de su historia democr\u00e1tica que costaron vidas entre su pueblo trabajador a manos del ej\u00e9rcito. El 5 de octubre de 1988 se hab\u00eda promulgado la Constituci\u00f3n nacional que rige hasta hoy y poco despu\u00e9s de cumplirse el mes \u2013 el 9 de noviembre -, los militares irrumpieron en la acer\u00eda Presidente Vargas de la Compa\u00f1\u00eda Sider\u00fargica Nacional (CSN) en Volta Redonda, estado de R\u00edo de Janeiro.<\/p>\n<p>Este a\u00f1o se cumple el 35\u00b0 aniversario de la represi\u00f3n a balazos que termin\u00f3 con la vida de los trabajadores Carlos Augusto Barroso, de 19 a\u00f1os; Valmir Freitas Monteiro, 22; y William Fernandes Leite, de 23. Otras 31 personas entre compa\u00f1eros y vecinos de la planta resultaron heridos.<\/p>\n<p>Un bolet\u00edn de la Central \u00danica de Trabajadores (CUT) de aquella \u00e9poca detall\u00f3: \u201cSoldados del ej\u00e9rcito, con tanques y armados con ametralladoras, bajo la orden de un general enviado directamente desde Brasilia, atacaron la asamblea de los metal\u00fargicos del CSN, golpeando y disparando. Invadieron las instalaciones de la planta en una maniobra de guerra y sembrando el terror hasta en los barrios de la ciudad. Obreros muertos, varios heridos a bastonazos y bayonetas (\u2026) Ni en los 21 a\u00f1os de dictadura militar los generales de la Presidencia de la Rep\u00fablica, las fuerzas de represi\u00f3n, se atrevieron a matar obreros dentro de la f\u00e1brica\u201d.<\/p>\n<h6>Fuente: pagina12<\/h6>\n","protected":false},"excerpt":{"rendered":"<p>El texto dice que entre las funciones del poder castrense y solo \u201cpor iniciativa\u201d de las autoridades del Estado, est\u00e1 facultado a defender \u201cla ley y el orden\u201d.\u00a0<\/p>\n","protected":false},"author":2,"featured_media":134686,"comment_status":"closed","ping_status":"closed","sticky":false,"template":"","format":"standard","meta":{"footnotes":""},"categories":[22],"tags":[57],"class_list":["post-134685","post","type-post","status-publish","format-standard","has-post-thumbnail","hentry","category-el-mundo","tag-el-mundo"],"_links":{"self":[{"href":"http:\/\/argentinamunicipal.com.ar\/argentina\/wp-json\/wp\/v2\/posts\/134685","targetHints":{"allow":["GET"]}}],"collection":[{"href":"http:\/\/argentinamunicipal.com.ar\/argentina\/wp-json\/wp\/v2\/posts"}],"about":[{"href":"http:\/\/argentinamunicipal.com.ar\/argentina\/wp-json\/wp\/v2\/types\/post"}],"author":[{"embeddable":true,"href":"http:\/\/argentinamunicipal.com.ar\/argentina\/wp-json\/wp\/v2\/users\/2"}],"replies":[{"embeddable":true,"href":"http:\/\/argentinamunicipal.com.ar\/argentina\/wp-json\/wp\/v2\/comments?post=134685"}],"version-history":[{"count":0,"href":"http:\/\/argentinamunicipal.com.ar\/argentina\/wp-json\/wp\/v2\/posts\/134685\/revisions"}],"wp:featuredmedia":[{"embeddable":true,"href":"http:\/\/argentinamunicipal.com.ar\/argentina\/wp-json\/wp\/v2\/media\/134686"}],"wp:attachment":[{"href":"http:\/\/argentinamunicipal.com.ar\/argentina\/wp-json\/wp\/v2\/media?parent=134685"}],"wp:term":[{"taxonomy":"category","embeddable":true,"href":"http:\/\/argentinamunicipal.com.ar\/argentina\/wp-json\/wp\/v2\/categories?post=134685"},{"taxonomy":"post_tag","embeddable":true,"href":"http:\/\/argentinamunicipal.com.ar\/argentina\/wp-json\/wp\/v2\/tags?post=134685"}],"curies":[{"name":"wp","href":"https:\/\/api.w.org\/{rel}","templated":true}]}}