{"id":134848,"date":"2023-04-04T05:35:40","date_gmt":"2023-04-04T08:35:40","guid":{"rendered":"http:\/\/argentinamunicipal.com.ar\/argentina\/?p=134848"},"modified":"2023-04-03T19:39:07","modified_gmt":"2023-04-03T22:39:07","slug":"neuquen-y-rio-negro-eligen-gobernador-y-en-municipios-mendocinos-habra-paso","status":"publish","type":"post","link":"http:\/\/argentinamunicipal.com.ar\/argentina\/neuquen-y-rio-negro-eligen-gobernador-y-en-municipios-mendocinos-habra-paso\/","title":{"rendered":"Neuqu\u00e9n y R\u00edo Negro eligen gobernador y en municipios mendocinos habr\u00e1 PASO"},"content":{"rendered":"<p>Un nuevo turno electoral de este a\u00f1o comenzar\u00e1 en abril con las elecciones a gobernador en Neuqu\u00e9n y R\u00edo Negro, los comicios para designar a nuevo intendente en la ciudad chubutense de Trelew y las primarias abiertas simult\u00e1neas y obligatorias (PASO) para designar candidatos en las comunas mendocinas de Maip\u00fa, La Paz, Santa Rosa, Tunuy\u00e1n, Lavalle, San Rafael y San Carlos.<\/p>\n<p>El domingo 16, m\u00e1s de 546 mil neuquinos (1,53% del padr\u00f3n nacional) tendr\u00e1n que ir a votar para elegir gobernador, 35 diputados, intendente municipal y concejales en 13 municipios de segunda categor\u00eda y en cinco de primera categor\u00eda, 10 integrantes de comisiones municipales, presidentes de 21 comisiones de fomento y consejeros escolares para los 14 distritos, bajo la modalidad de Boleta \u00danica Electr\u00f3nica en toda la provincia.<\/p>\n<p>En R\u00edo Negro, donde sus 589.251 votantes representan el 1,63% del padr\u00f3n nacional, se elegir\u00e1 ese mismo d\u00eda nuevo gobernador, 46 diputados, 22 intendentes y 36 autoridades de comisiones de fomento con el sistema D\u00b4Hont entre un total de 3.303 candidatos, de 25 fuerzas partidarias.<\/p>\n<p><strong>Neuqu\u00e9n<\/strong><\/p>\n<p>En las elecciones gubernamentales de Neuqu\u00e9n el candidato oficialista que representa al Movimiento Popular Neuquino (MPN) -partido que gobierna hace 60 a\u00f1os la provincia- es el vicegobernador Marcos Koopmann, en f\u00f3rmula con la exvicegobernadora de la gesti\u00f3n de Jorge Sapag, Ana Pech\u00e9n, acompa\u00f1ados por 9 listas colectoras.<\/p>\n<p>En tanto, el diputado nacional y exvicegobernador Rolando Figueroa ser\u00e1 el principal competidor de Koopmann, por Desarrollo Ciudadano y Comunidad, que ir\u00e1n como listas espejo, acompa\u00f1ado por la intendenta de Plottier, Gloria Ruiz, con siete colectoras.<\/p>\n<p>El Frente de Todos postul\u00f3 al exintendente de Cutral C\u00f3 y parlamentario del Mercosur, Ram\u00f3n Rioseco, junto a la diputada provincial Ayel\u00e9n Guti\u00e9rrez, con 4 colectoras.<\/p>\n<p>Juntos por el Cambio, la \u00fanica propuesta que no present\u00f3 f\u00f3rmula mixta para la gobernaci\u00f3n, est\u00e1 liderado por el diputado nacional Pablo Cervi (UCR) y el exdiputado provincial Jorge Taylor, mientras el Frente de Izquierda y de Trabajadores Unidad (FIT Unidad) lleva como candidata a gobernadora a la docente, sindicalista y exdiputada provincial Patricia Jure, junto al referente obrero de Zan\u00f3n y exdiputado, Ra\u00fal Godoy.<\/p>\n<p>La agrupaci\u00f3n Cumplir, que tiene como referente a nivel nacional al diputado Javier Milei, encabeza su lista con el empresario de medios Carlos Egu\u00eda y la inmobiliaria Catalina Uleri.<\/p>\n<p>En estas elecciones se renovar\u00e1 por completo la Legislatura, que est\u00e1 integrada por 35 diputados, nueve de los cuales ya no podr\u00e1n renovar su mandato.<\/p>\n<p>Los 546.166 neuquinos habilitados a votar junto a 7.128 extranjeros podr\u00e1n hacerlo en 1.712 mesas distribuidas en 331 escuelas.<\/p>\n<p>En la ciudad de Neuqu\u00e9n, en tanto, 9 candidatos se disputar\u00e1n la elecci\u00f3n a intendente, donde Mariano Gaido (MPN) buscar\u00e1 su reelecci\u00f3n en el cargo.<\/p>\n<p><strong>R\u00edo Negro<\/strong><\/p>\n<p>M\u00e1s de 589 mil ciudadanos y 2.485 votantes extranjeros podr\u00e1n votar en las 1.785 mesas habilitadas por la Justicia electoral que record\u00f3 que el voto de personas extranjeras es voluntario y deben empadronarse previamente.<\/p>\n<p>En la categor\u00eda de gobernador competir\u00e1n ocho candidatos por diferentes alianzas conformadas por once partidos en total y el oficialismo provincial de Juntos Somos R\u00edo Negro buscar\u00e1 retener el poder, esta vez de la mano del senador nacional y exgobernador Alberto Weretilneck, en f\u00f3rmula con el intendente de Viedma, Pedro Pesatti.<\/p>\n<p>La Uni\u00f3n C\u00edvica Radical acompa\u00f1ar\u00e1 la f\u00f3rmula de Juntos Somos R\u00edo Negro para la gobernaci\u00f3n, aunque present\u00f3 candidatos propios a legislador con su hist\u00f3rica Lista 3.<\/p>\n<p>La alianza Nos Une R\u00edo Negro, conformada por un sector del Partido Justicialista rionegrino, el Frente Renovador y Nuevo Encuentro tambi\u00e9n acompa\u00f1ar\u00e1 la candidatura de Weretilneck como lista colectora y llevar\u00e1 candidatos propios a la Legislatura.<\/p>\n<p>Cambia R\u00edo Negro, la alianza conformada por el PRO y la CC-ARI, lleva como candidato a gobernador al diputado nacional del PRO, An\u00edbal Tortoriello, y como vice al dirigente radical Juan Pablo \u00c1lvarez Guerrero.<\/p>\n<p>En tanto, un sector del peronismo se presentar\u00e1 bajo el sello \u00abVamos con Todos\u00bb, alianza integrada por los partidos Comunidad Organizada; del Trabajo y del Pueblo (PTP) y del Trabajo y la Equidad (ParTE), con la postulaci\u00f3n de la exdiputada nacional y referente del Movimiento Evita, Silvia Horne, como candidata a gobernadora.<\/p>\n<p>Unidad para la Victoria, otro sector del peronismo compuesto por el Frente Grande y Kolina, llevar\u00e1 a Gustavo Casas, mientras los socialistas de \u00abSomos Unidad Popular y Social\u00bb ir\u00e1n con el exsacerdote Rafael Zamaro.<\/p>\n<p>La agrupaci\u00f3n Primero R\u00edo Negro -referenciada con el libertario Milei- postul\u00f3 al intendente de Campo Grande y exlegislador del PJ, Ariel Rivero, el Frente de Izquierda-Unidad candidate\u00f3 a Gabriel Musa, el Partido Provincial Rrionegrino lleva a Gabriel Di Tullio y el Nuevo Mas postul\u00f3 a Aurelio V\u00e1zquez a la gobernaci\u00f3n.<\/p>\n<p>Ese mismo domingo 16, en Trelew, la segunda ciudad en cantidad de habitantes de Chubut, con 86.954 electores argentinos y 1.403 extranjeros, se elegir\u00e1 intendente y 10 concejales, en un proceso electoral para el cual se presentaron diez listas de candidatos.<\/p>\n<p>\u00abSon 5 candidatos por Frentes Electorales y los restantes de partidos individuales, en este \u00faltimo caso de extracci\u00f3n provincial o municipal\u00bb, dijo a T\u00e9lam el presidente del Tribunal Electoral Municipal, Carlos P\u00e9rez.<\/p>\n<p>Los candidatos son Emanuel Coli\u00f1ir (Frente de Todos), Gerardo Merino (Juntos por el Cambio), Mart\u00edn S\u00e1ez (Frente Unidad Izquierda), Gustavo Mac Karthy (Frente Libertario) y Eduardo Hualpa (Frente por Trelew), mientras en forma individual se presentaron Luis Collio (Partido de la Cultura, la Educaci\u00f3n y el Trabajo), Miriam V\u00e1zquez (Proyecci\u00f3n Vecinal Chubutense), Claudio Paredes (Renovaci\u00f3n y Desarrollo), Leila Lloyd Jones (Somos Trelew) y Hern\u00e1n Sghelfi (Vientos de integraci\u00f3n y desarrollo en acci\u00f3n).<\/p>\n<p>El actual intendente de extracci\u00f3n peronista, Adri\u00e1n Maderna, fue el m\u00e1s votado en las \u00faltimas dos elecciones pero no puede buscar su reelecci\u00f3n seg\u00fan lo normado en la carta org\u00e1nica municipal.<\/p>\n<p><strong>Mendoza\u00a0<\/strong><\/p>\n<p>Siete departamentos desdoblaron sus comicios y oficializaron las listas de precandidatos a intendentes y concejales para las PASO del 30 de abril, mientras las generales se completar\u00e1n el 3 de septiembre.<\/p>\n<p>En ese marco, en los municipios de San Rafael y Lavalle el Frente Eleg\u00ed (FE) tendr\u00e1 m\u00e1s de un postulante a la intendencia, mientras que en Maip\u00fa, Tunuy\u00e1n, La Paz, Santa Rosa y San Carlos habr\u00e1 lista \u00fanica.<\/p>\n<p>En San Rafael, la lista oficialista del PJ llamada \u00abSan Rafael Primero\u00bb postula al exintendente y exdiputado nacional Omar F\u00e9lix, hermano del actual jefe comunal, Emir, con quien llevan dos d\u00e9cadas en el poder.<\/p>\n<p>El kirchnerismo present\u00f3 la lista Unidad Ciudadana Renovaci\u00f3n Peronista encabezada por Nadir Yasuff, mientras la tercera lista es la de Unidad Alternativa San Rafael, impulsada por el massismo local, con Miguel \u00c1ngel Sorroche, dirigente del Partido del Trabajo y del Pueblo (PTP) a la cabeza.<\/p>\n<p>Por la opositora Cambia Mendoza van Alfredo Andi\u00f3n, Abel Freidemberg, y Francisco Mondotte, mientras que el Frente de Izquierda present\u00f3 a Josefina Benegas y Bautista Franco.<\/p>\n<p>Lavalle cambiar\u00e1 de intendente despu\u00e9s de m\u00e1s de dos d\u00e9cadas y para ello, el peronismo propone para suceder a Roberto Righi al senador Gerardo Vaquer; a Leticia Katzer quien encabeza Transformar Lavalle y al diputado provincial Edgardo Gonz\u00e1lez, de Unidos por Lavalle.<\/p>\n<p>En Lavalle, adem\u00e1s, dos radicales competir\u00e1n en primarias como candidatos de Cambia Mendoza: Lucas Luppo y N\u00e9lzon \u00abTopa\u00bb Escudero, mientras el PO ir\u00e1 a la interna de la Izquierda con la cosechadora Lorena Bustos y el PTS presentar\u00e1 a Esteban Rodr\u00edguez.<\/p>\n<p>En Maip\u00fa, el intendente Mat\u00edas Stevanato (FE) buscar\u00e1 su reelecci\u00f3n, N\u00e9stor Majul por Cambia Mendoza y Virginia Pescarmona por Frente de Izquierda.<\/p>\n<p>En La Paz Fernando Ubieta por el Frente Eleg\u00ed y Ramiro Blanco por Cambia Mendoza, mientras en Santa Rosa la intendenta y exreina Nacional de la Vendimia Flor Dest\u00e9fanis ir\u00e1 por su reelecci\u00f3n con el Frente Eleg\u00ed.<\/p>\n<p>A su vez, la exintendenta radical Norma Trigo, Leonardo Fern\u00e1ndez (del MID), el exintendente dem\u00f3crata Antonio Ponce y Ricardo Villalba (por la lista del radical Luis Petri) compiten por CM.<\/p>\n<p>En la localidad de San Carlos se postulan Juan Torres por FE, Silvio Pinocchio y Edgardo Abraham por CM; Alejandro Morillas por Encuentro por San Carlos y Marcelo Romano y Leonor Biachetti en la interna por el Partido Verde.<\/p>\n<h6>Fuente: El Diario de Madryn<\/h6>\n","protected":false},"excerpt":{"rendered":"<p>Un nuevo turno electoral de este a\u00f1o comenzar\u00e1 en abril con las elecciones a gobernador en Neuqu\u00e9n y R\u00edo Negro<\/p>\n","protected":false},"author":2,"featured_media":134849,"comment_status":"closed","ping_status":"closed","sticky":false,"template":"","format":"standard","meta":{"footnotes":""},"categories":[4],"tags":[31,23,11],"class_list":["post-134848","post","type-post","status-publish","format-standard","has-post-thumbnail","hentry","category-informe-politico","tag-mendoza","tag-neuquen","tag-rio-negro"],"_links":{"self":[{"href":"http:\/\/argentinamunicipal.com.ar\/argentina\/wp-json\/wp\/v2\/posts\/134848","targetHints":{"allow":["GET"]}}],"collection":[{"href":"http:\/\/argentinamunicipal.com.ar\/argentina\/wp-json\/wp\/v2\/posts"}],"about":[{"href":"http:\/\/argentinamunicipal.com.ar\/argentina\/wp-json\/wp\/v2\/types\/post"}],"author":[{"embeddable":true,"href":"http:\/\/argentinamunicipal.com.ar\/argentina\/wp-json\/wp\/v2\/users\/2"}],"replies":[{"embeddable":true,"href":"http:\/\/argentinamunicipal.com.ar\/argentina\/wp-json\/wp\/v2\/comments?post=134848"}],"version-history":[{"count":0,"href":"http:\/\/argentinamunicipal.com.ar\/argentina\/wp-json\/wp\/v2\/posts\/134848\/revisions"}],"wp:featuredmedia":[{"embeddable":true,"href":"http:\/\/argentinamunicipal.com.ar\/argentina\/wp-json\/wp\/v2\/media\/134849"}],"wp:attachment":[{"href":"http:\/\/argentinamunicipal.com.ar\/argentina\/wp-json\/wp\/v2\/media?parent=134848"}],"wp:term":[{"taxonomy":"category","embeddable":true,"href":"http:\/\/argentinamunicipal.com.ar\/argentina\/wp-json\/wp\/v2\/categories?post=134848"},{"taxonomy":"post_tag","embeddable":true,"href":"http:\/\/argentinamunicipal.com.ar\/argentina\/wp-json\/wp\/v2\/tags?post=134848"}],"curies":[{"name":"wp","href":"https:\/\/api.w.org\/{rel}","templated":true}]}}