{"id":134975,"date":"2023-04-10T19:52:36","date_gmt":"2023-04-10T22:52:36","guid":{"rendered":"http:\/\/argentinamunicipal.com.ar\/argentina\/?p=134975"},"modified":"2023-04-10T19:52:36","modified_gmt":"2023-04-10T22:52:36","slug":"los-tres-escenarios-electorales-que-obnubilan-a-los-dirigentes-del-pj-mendocino","status":"publish","type":"post","link":"http:\/\/argentinamunicipal.com.ar\/argentina\/los-tres-escenarios-electorales-que-obnubilan-a-los-dirigentes-del-pj-mendocino\/","title":{"rendered":"Los tres escenarios electorales que obnubilan a los dirigentes del PJ mendocino"},"content":{"rendered":"<p>En el peronismo admiten que se est\u00e1 agotando el tiempo para plantear una propuesta seria por la gobernaci\u00f3n. En el horizonte aparecen tres caminos y nadie sabe cu\u00e1l terminar\u00e1n transitando. Lejos de aclarar el panorama, la salida de De Marchi de Cambia Mendoza aument\u00f3 la incertidumbre.<\/p>\n<p>Pasan los d\u00edas y el peronismo mendocino sigue sin encontrar un referente fuerte dispuesto a pelear por la gobernaci\u00f3n. Se acaba el tiempo y no logran determinar cu\u00e1l de los tres caminos posibles terminar\u00e1n transitando. Muchos apuestan por una candidatura de unidad que parece cada vez m\u00e1s dif\u00edcil. Otros entienden que es necesaria una PASO entre un candidato del kirchnerismo y otro referenciado en el PJ territorial. Pero al mismo tiempo, existen contactos con Omar De Marchi para sumarse al incipiente frente que impulsa el lujanino para enfrentar a Alfredo Cornejo.<\/p>\n<p>En horas de la ma\u00f1ana el intendente\u00a0Mart\u00edn Aveiro\u00a0particip\u00f3 en una firma de contrato en Casa de Gobierno y fue consultado sobre esta \u00faltima posibilidad. Si bien reconoci\u00f3 que hay buena relaci\u00f3n con\u00a0Omar De Marchi, subray\u00f3 que el PJ tiene que generar sus propias alternativas.<\/p>\n<p>\u00abEl PJ tiene que crecer y generar alternativas que puedan entusiasmar. Generar un proyecto no solo provincial, porque no alcanza con un candidato a gobernador, tambi\u00e9n hay que tener verdaderos proyectos municipales. Ese es el desaf\u00edo que tiene el PJ\u00bb, esgrimi\u00f3 el actual jefe comunal.<\/p>\n<p>\u00abEn estos d\u00edas tienen que salir las alternativas que se presentar\u00e1n si es que verdaderamente tenemos intenciones de ser gobierno\u00bb, agreg\u00f3 en t\u00e9rminos de reproche por la falta de claridad que existe a esta altura del calendario electoral.<\/p>\n<p>En ese sentido, aclar\u00f3 que no se resuelve el problema acordando nombres para las listas sino que tiene que existir vocaci\u00f3n de gobernar y un proyecto para convencer a los mendocinos de que los elijan. \u00abEs un trabajo territorial. No hay que esperar hasta la \u00faltima semana para armar listas de candidatos, sino entender por d\u00f3nde hay que ir para enamorar al electorado. Si es que queremos ser gobierno provincial y municipal donde no lo somos\u00bb, reiter\u00f3.<\/p>\n<p>Pero al mismo tiempo, confes\u00f3 que la movida electoral de Omar De Marchi tambi\u00e9n se ha convertido en una opci\u00f3n que algunos analizan. \u00abCon De Marchi tenemos relaciones. Hablamos. No hemos charlado \u00faltimamente despu\u00e9s del anuncio de su salida de Cambia Mendoza. Hay posibilidades y alternativas de trabajo pero nosotros siempre estamos enfocados en el peronismo para ser una alternativa de verdad con un proyecto serio\u00bb, aclar\u00f3.<\/p>\n<p>Para Aveiro el camino a seguir es claro pero depende de la decisi\u00f3n de alg\u00fan intendente del PJ que se lance a gobernador. \u00abCon De Marchi hay muchas cosas en com\u00fan. Hemos sido intendentes y hemos coincidido en muchas cosas. Pero un intendente peronista tiene que ser gobernador. Lo digo por Emir F\u00e9lix y Roberto Righi. Veremos en estos d\u00edas\u00bb, concluy\u00f3\u00a0Mart\u00edn Aveiro.<\/p>\n<p>Justamente, el nombre del propio Aveiro era el que algunos impulsaban a la gobernaci\u00f3n. Sin embargo, esa opci\u00f3n qued\u00f3 enterrada cuando decidi\u00f3 presentarse como candidato a concejal para apuntalar la candidatura de su delf\u00edn Emir Andraos.<\/p>\n<p>\u00abSon decisiones personales entendiendo donde estamos y cu\u00e1l es la prioridad. Es m\u00e1s valiente ser concejal despu\u00e9s de 12 a\u00f1os de intendente que ser candidato a gobernador. Seguir\u00e9 trabajando junto a Emir Andraos en el proyecto de transformaci\u00f3n de Tunuy\u00e1n\u00bb, explic\u00f3.<\/p>\n<p>En el fondo, lo que existe es una puja de poder entre el kirchnerismo duro y algunos dirigentes del peronismo territorial. Todos quieren imponer condiciones y eso dificulta el lanzamiento de un candidato del consenso. Por eso es que cada vez parece m\u00e1s probable que vuelva a repetirse un escenario como el del 2019, cuando la dirigente de La C\u00e1mpora Anabel Fern\u00e1ndez Sagasti enfrent\u00f3 e las PASO por la gobernaci\u00f3n al intendente de Maip\u00fa, Alejandro Bermejo. Esa opci\u00f3n existe, pero lo que a\u00fan no se sabe es qui\u00e9nes ser\u00edan los jugadores dispuestos a salir a disputar ese partido.<\/p>\n<h6>Fuente: MDZ<\/h6>\n","protected":false},"excerpt":{"rendered":"<p>En el peronismo admiten que se est\u00e1 agotando el tiempo para plantear una propuesta seria por la gobernaci\u00f3n. En el horizonte aparecen tres caminos y nadie sabe cu\u00e1l terminar\u00e1n transitando.<\/p>\n","protected":false},"author":2,"featured_media":134976,"comment_status":"closed","ping_status":"closed","sticky":false,"template":"","format":"standard","meta":{"footnotes":""},"categories":[4],"tags":[31],"class_list":["post-134975","post","type-post","status-publish","format-standard","has-post-thumbnail","hentry","category-informe-politico","tag-mendoza"],"_links":{"self":[{"href":"http:\/\/argentinamunicipal.com.ar\/argentina\/wp-json\/wp\/v2\/posts\/134975","targetHints":{"allow":["GET"]}}],"collection":[{"href":"http:\/\/argentinamunicipal.com.ar\/argentina\/wp-json\/wp\/v2\/posts"}],"about":[{"href":"http:\/\/argentinamunicipal.com.ar\/argentina\/wp-json\/wp\/v2\/types\/post"}],"author":[{"embeddable":true,"href":"http:\/\/argentinamunicipal.com.ar\/argentina\/wp-json\/wp\/v2\/users\/2"}],"replies":[{"embeddable":true,"href":"http:\/\/argentinamunicipal.com.ar\/argentina\/wp-json\/wp\/v2\/comments?post=134975"}],"version-history":[{"count":0,"href":"http:\/\/argentinamunicipal.com.ar\/argentina\/wp-json\/wp\/v2\/posts\/134975\/revisions"}],"wp:featuredmedia":[{"embeddable":true,"href":"http:\/\/argentinamunicipal.com.ar\/argentina\/wp-json\/wp\/v2\/media\/134976"}],"wp:attachment":[{"href":"http:\/\/argentinamunicipal.com.ar\/argentina\/wp-json\/wp\/v2\/media?parent=134975"}],"wp:term":[{"taxonomy":"category","embeddable":true,"href":"http:\/\/argentinamunicipal.com.ar\/argentina\/wp-json\/wp\/v2\/categories?post=134975"},{"taxonomy":"post_tag","embeddable":true,"href":"http:\/\/argentinamunicipal.com.ar\/argentina\/wp-json\/wp\/v2\/tags?post=134975"}],"curies":[{"name":"wp","href":"https:\/\/api.w.org\/{rel}","templated":true}]}}