{"id":135129,"date":"2023-04-14T05:00:54","date_gmt":"2023-04-14T08:00:54","guid":{"rendered":"http:\/\/argentinamunicipal.com.ar\/argentina\/?p=135129"},"modified":"2023-04-14T05:58:54","modified_gmt":"2023-04-14T08:58:54","slug":"marcha-a-tribunales-para-reclamar-el-fin-de-la-proscripcion-y-persecucion-judicial-a-cristina-kirchner","status":"publish","type":"post","link":"http:\/\/argentinamunicipal.com.ar\/argentina\/marcha-a-tribunales-para-reclamar-el-fin-de-la-proscripcion-y-persecucion-judicial-a-cristina-kirchner\/","title":{"rendered":"Marcha a Tribunales para reclamar el fin de la \u00abproscripci\u00f3n y persecuci\u00f3n judicial\u00bb a Cristina Kirchner\u00a0"},"content":{"rendered":"<p>La iniciativa impulsada por el PJ bonaerense y el porte\u00f1o sum\u00f3 r\u00e1pidamente adhesiones de organizaciones pol\u00edticas, sociales y gremiales que tributan al Frente de Todos. El gobernador Axel Kicillof es de la partida. Est\u00e1 previsto la lectura de un documento conjunto de todos los convocantes.<\/p>\n<p>Bajo la consigna de \u201cDemocracia o mafia judicial\u201d, el Partido Justicialista de la Provincia de Buenos Aires y de la Capital Federal, junto a diversas agrupaciones del Frente de Todos y numerosos gremios marchar\u00e1n a Plaza Lavalle \u2014frente al Palacio de Justicia y sede de la Corte Suprema\u2014 para manifestarse en contra de la \u00abproscripci\u00f3n y la persecuci\u00f3n judicial\u00bb a la vicepresidenta Cristina Fern\u00e1ndez de Kirchner.<\/p>\n<p>PALAZZO: \u00abPOR UNA JUSTICIA INTELECTUALMENTE HONESTA QUE NO PERSIGA REFERENTES POL\u00cdTICOS\u00bb<br \/>\nDe la movilizaci\u00f3n contra la proscripci\u00f3n a Cristina Fern\u00e1ndez de Kirchner tambi\u00e9n participa la Asociaci\u00f3n Bancaria. \u00abLlegando a la Plaza Lavalle en Tribunales.\u00a0Por una justicia intelectualmente honesta que no persiga referentes pol\u00edticos.\u00a0Democracia o mafia judicial\u00bb, public\u00f3 el secretario general del sindicato,\u00a0Sergio Omar Palazzo, en Twitter.<\/p>\n<p>MAGARIO: \u00abEL TERRITORIO EST\u00c1 ESPERANDO LA RESPUESTA DEL PERONISMO\u00bb<br \/>\nEn la movilizaci\u00f3n tambi\u00e9n se encuentra presente la vicegobernadora de Buenos Aires,\u00a0Ver\u00f3nica Magario. \u00abNo queremos que haya persecuciones pol\u00edticas.\u00a0Queremos una Argentina en una Am\u00e9rica Latina d\u00f3nde sus l\u00edderes puedan presentarse cada vez que quieran y el pueblo los pueda elegir\u00bb, expres\u00f3 desde la Plaza de Tribunales en di\u00e1logo con\u00a0FM La Patriada, donde reconoci\u00f3 que \u00abel territorio est\u00e1 esperando la respuesta del peronismo\u00bb.<\/p>\n<p>FERRARESI: \u00abNINGUNA CAUSA ARMADA NOS VA A DISCIPLINAR\u00bb<br \/>\nEl intendente de Avellaneda,\u00a0Jorge Ferraresi, se hizo presente en la marcha de este jueves para \u00abexigir el fin de la proscripci\u00f3n a Cristina Fern\u00e1ndez de Kirchner\u00bb.<\/p>\n<p>\u00abComo lo marca la historia, Avellaneda presente en la defensa de los liderazgos populares. Vinimos a Tribunales a exigir el fin de la proscripci\u00f3n a Cristina Fern\u00e1ndez de Kirchner. Ninguna causa armada nos va a disciplinar. La Cuna de la Resistencia est\u00e1 presente\u00bb, escrbi\u00f3 en Twitter.<\/p>\n<p>UNA MOVILIZACI\u00d3N \u00abCONTRA LA MAFIA JUDICIAL\u00bb Y \u00abPOR LA DEMOCRACIA\u00bb<br \/>\nEl diputado del Frente de Todos\u00a0Juan Marino\u00a0destac\u00f3 la convocatoria de las distintas organizaciones que se sumaron a la movilizaci\u00f3n y agreg\u00f3: \u00abLa marcha de hoy tiene el objetivo de decir que no puede haber una mafia judicial que proscriba la democracia y que impida que la principal dirigenta de este pa\u00eds, que la compa\u00f1era que tiene m\u00e1s votos, la l\u00edder nacional, no se pueda presentar a elecciones\u00bb.<\/p>\n<p>Adem\u00e1s, adelant\u00f3 en\u00a0AM750\u00a0que\u00a0se leer\u00e1 un documento unificado\u00a0de todas las organizaciones que participan, que ya circula en redes sociales.<\/p>\n<p>Por \u00faltimo, asegur\u00f3 que la militancia \u00abdar\u00e1 la lucha hasta \u00faltimo momento\u00bb para que Cristina Kirchner sea la candidata a presidenta por el espacio del Frente de Todos en las pr\u00f3ximas elecciones. \u00abAyer, compa\u00f1eros y compa\u00f1eras de distintos gremios le pidieron que encabece la f\u00f3rmula y no les dijo ni que s\u00ed ni que no, pero tampoco lo recibi\u00f3 mal\u00bb, revel\u00f3 Marino sobre la reuni\u00f3n de este mi\u00e9rcoles de un sector del sindicalismo con la Vicepresidenta.<\/p>\n<p>UNA FECHA ESTRAT\u00c9GICA<br \/>\nLa idea de organizar la marcha de este jueves surgi\u00f3 a fines de marzo en una reuni\u00f3n del PJ bonaerense, presidido por M\u00e1ximo Kirchner. La elecci\u00f3n de la fecha no fue casual:\u00a0el 13 de abril de 2016 fue la primera protesta del kirchnerismo frente a Comodoro Py en contra de la persecuci\u00f3n judicial a CFK, cuando el juez Claudio Bonadio la cit\u00f3 para una indagatoria.<\/p>\n<p>Desde que se fij\u00f3 la fecha, las adhesiones a la marcha de organizaciones sociales, gremiales y pol\u00edticas ligadas al kirchnerismo y al FdT han ido creciendo.<\/p>\n<p>La movilizaci\u00f3n tambi\u00e9n est\u00e1 convocada por el PJ porte\u00f1o.\u00a0\u00abLa mafia judicial quiere impedir que la dirigenta pol\u00edtica m\u00e1s representativa de la Argentina pueda presentarse a elecciones\u00bb, se\u00f1al\u00f3 su presidente, el senador nacional Mariano Recalde.<\/p>\n<p>El punto de concentraci\u00f3n fue fijado en Plaza Lavalle, frente a la sede del Poder Judicial de la Naci\u00f3n y de la Corte Suprema. All\u00ed se instalar\u00e1 un palco para que todas las organizaciones convocantes firmen un documento con los puntos principales de la convocatoria.<\/p>\n<p>PRESENCIA SINDICAL FRENTE A TRIBUNALES<br \/>\nTal como lo anticiparon en rueda de prensa en la sede del Smata, el sindicalismo tambi\u00e9n dijo presente en la marcha de para ponerle un freno al Lawfare.\u00a0 \u201cHemos convocado a todas las fuerzas pol\u00edticas, sociales y sindicales, a la sociedad en su conjunto para marchar hacia Tribunales con el objetivo de, claramente, repudiar el accionar de parte de la Justicia, de la Corte Suprema en particular, porque no se puede proscribir la voluntad popular\u201d, dijo all\u00ed el secretario adjunto de los mec\u00e1nicos,\u00a0Mario \u201cPaco\u201d Manrique.<\/p>\n<p>\u201cEl 13 de abril es un momento en el que la movilizaci\u00f3n popular va a poner en la calle nuevamente la demanda y la voluntad de luchar contra la proscripci\u00f3n pol\u00edtica de la compa\u00f1era Cristina Kirchner\u201d, agreg\u00f3\u00a0Hugo Yasky\u00a0de la CTA de los Trabajadores, que concentrar\u00e1 una hora antes en las avenidas de Mayo y 9 de Julio. Ser\u00e1n de la partida otros gremios nucleados en la Corriente Federal de Trabajadores, como Bancarios, Gr\u00e1ficos y Televisi\u00f3n; al igual que la UOM.<\/p>\n<h6>Fuente: P\u00e1gina 12<\/h6>\n","protected":false},"excerpt":{"rendered":"<p>La iniciativa impulsada por el PJ bonaerense y el porte\u00f1o sum\u00f3 r\u00e1pidamente adhesiones de organizaciones pol\u00edticas, sociales y gremiales que tributan al Frente de Todos.<\/p>\n","protected":false},"author":2,"featured_media":135130,"comment_status":"closed","ping_status":"closed","sticky":false,"template":"","format":"standard","meta":{"footnotes":""},"categories":[8],"tags":[21],"class_list":["post-135129","post","type-post","status-publish","format-standard","has-post-thumbnail","hentry","category-informe-nacional","tag-argentina"],"_links":{"self":[{"href":"http:\/\/argentinamunicipal.com.ar\/argentina\/wp-json\/wp\/v2\/posts\/135129","targetHints":{"allow":["GET"]}}],"collection":[{"href":"http:\/\/argentinamunicipal.com.ar\/argentina\/wp-json\/wp\/v2\/posts"}],"about":[{"href":"http:\/\/argentinamunicipal.com.ar\/argentina\/wp-json\/wp\/v2\/types\/post"}],"author":[{"embeddable":true,"href":"http:\/\/argentinamunicipal.com.ar\/argentina\/wp-json\/wp\/v2\/users\/2"}],"replies":[{"embeddable":true,"href":"http:\/\/argentinamunicipal.com.ar\/argentina\/wp-json\/wp\/v2\/comments?post=135129"}],"version-history":[{"count":0,"href":"http:\/\/argentinamunicipal.com.ar\/argentina\/wp-json\/wp\/v2\/posts\/135129\/revisions"}],"wp:featuredmedia":[{"embeddable":true,"href":"http:\/\/argentinamunicipal.com.ar\/argentina\/wp-json\/wp\/v2\/media\/135130"}],"wp:attachment":[{"href":"http:\/\/argentinamunicipal.com.ar\/argentina\/wp-json\/wp\/v2\/media?parent=135129"}],"wp:term":[{"taxonomy":"category","embeddable":true,"href":"http:\/\/argentinamunicipal.com.ar\/argentina\/wp-json\/wp\/v2\/categories?post=135129"},{"taxonomy":"post_tag","embeddable":true,"href":"http:\/\/argentinamunicipal.com.ar\/argentina\/wp-json\/wp\/v2\/tags?post=135129"}],"curies":[{"name":"wp","href":"https:\/\/api.w.org\/{rel}","templated":true}]}}