{"id":1353,"date":"2014-02-17T22:21:00","date_gmt":"2014-02-18T01:21:00","guid":{"rendered":"http:\/\/argentinamunicipal.com.ar\/argentina\/?p=1353"},"modified":"2014-02-18T10:57:26","modified_gmt":"2014-02-18T13:57:26","slug":"clausuraran-aquellos-comercios-que-tengan-empleados-en-negro","status":"publish","type":"post","link":"http:\/\/argentinamunicipal.com.ar\/argentina\/clausuraran-aquellos-comercios-que-tengan-empleados-en-negro\/","title":{"rendered":"Clausurar\u00e1n aquellos comercios que tengan empleados en negro"},"content":{"rendered":"<p><a href=\"http:\/\/argentinamunicipal.com.ar\/argentina\/wp-content\/uploads\/2014\/02\/0002416906.jpg\"><img loading=\"lazy\" decoding=\"async\" class=\"aligncenter size-full wp-image-1354\" alt=\"0002416906\" src=\"http:\/\/argentinamunicipal.com.ar\/argentina\/wp-content\/uploads\/2014\/02\/0002416906.jpg\" width=\"770\" height=\"433\" srcset=\"http:\/\/argentinamunicipal.com.ar\/argentina\/wp-content\/uploads\/2014\/02\/0002416906.jpg 770w, http:\/\/argentinamunicipal.com.ar\/argentina\/wp-content\/uploads\/2014\/02\/0002416906-300x168.jpg 300w\" sizes=\"auto, (max-width: 770px) 100vw, 770px\" \/><\/a><\/p>\n<p>As\u00ed lo prev\u00e9 ahora una resoluci\u00f3n de la AFIP la cual establece nuevas multas a empleadores reincidentes que no cumplan con sus obligaciones. Este martes van a comenzar operativos de control por parte del organismo fiscal en comercios de todo el pa\u00eds, incluido La Rioja. La sanci\u00f3n implica clausurar el negocio de 3 a 5 d\u00edas consecutivos.<\/p>\n<p>La Administraci\u00f3n Federal de Ingresos P\u00fablicos (AFIP) anunci\u00f3 este lunes que todos los comercios que cuenten con empleados que no est\u00e9n registrados ser\u00e1n clausurados a partir de este martes.<\/p>\n<p>Esta medida, publicada en el Bolet\u00edn Oficial, es posible gracias a la modificaci\u00f3n del r\u00e9gimen de graduaci\u00f3n de sanciones para los empleadores reincidentes que no cumplan con las obligaciones impositivas, aduaneras y de la seguridad social.<\/p>\n<p>La resoluci\u00f3n 3589, publicada este lunes en el Bolet\u00edn Oficial, establece que, \u201cen virtud de la evaluaci\u00f3n realizada sobre la base de la experiencia recogida durante su vigencia, corresponde a efectuar determinadas adecuaciones a los criterios de aplicaci\u00f3n de la sanci\u00f3n de clausura a los empleadores que omitan registrar a los trabajadores e incluirlos en las declaraciones juradas determinativas y que adem\u00e1s resulten reincidentes en la comisi\u00f3n de cualquier tipo de infracci\u00f3n, formal o material, con relaci\u00f3n a las obligaciones impositivas, aduaneras y de la seguridad social\u201d.<\/p>\n<p>Las sanciones de clausura de 3 a 5 d\u00edas consecutivos se pondr\u00e1 en marcha cuando los comercios concurran en las siguientes infracciones:<\/p>\n<p>Dichas infracciones involucren a dos o m\u00e1s trabajadores y alguno de ellos no haya sido incluido en alguna de las declaraciones juradas determinativas que hubiere correspondido presentar en el transcurso de la relaci\u00f3n laboral y la omisi\u00f3n no se haya subsanado con anterioridad a la fecha de la audiencia aludida en el art\u00edculo anterior.<\/p>\n<p>El empleador haya sido sancionado por cualquier tipo de infracci\u00f3n \u2014formal o material\u2014 cometida con relaci\u00f3n a las obligaciones impositivas, aduaneras y de la seguridad social, dentro de los cinco a\u00f1os anteriores a la fecha del acta respectiva.<\/p>\n<p>Las nuevas sanciones se acumular\u00e1n \u201ca la multa que corresponde aplicarse\u201d, aclara la resoluci\u00f3n de la AFIP.<\/p>\n<h6>Fuente: La Rioja Virtual<\/h6>\n","protected":false},"excerpt":{"rendered":"<p>As\u00ed lo prev\u00e9 ahora una resoluci\u00f3n de la AFIP la cual establece nuevas multas a empleadores reincidentes que no cumplan con sus obligaciones. Este martes van a comenzar operativos de control por parte del organismo fiscal en comercios de todo el pa\u00eds, incluido La Rioja. La sanci\u00f3n implica clausurar el negocio de 3 a 5<\/p>\n","protected":false},"author":1,"featured_media":1354,"comment_status":"closed","ping_status":"closed","sticky":false,"template":"","format":"standard","meta":{"footnotes":""},"categories":[8],"tags":[21],"class_list":["post-1353","post","type-post","status-publish","format-standard","has-post-thumbnail","hentry","category-informe-nacional","tag-argentina"],"_links":{"self":[{"href":"http:\/\/argentinamunicipal.com.ar\/argentina\/wp-json\/wp\/v2\/posts\/1353","targetHints":{"allow":["GET"]}}],"collection":[{"href":"http:\/\/argentinamunicipal.com.ar\/argentina\/wp-json\/wp\/v2\/posts"}],"about":[{"href":"http:\/\/argentinamunicipal.com.ar\/argentina\/wp-json\/wp\/v2\/types\/post"}],"author":[{"embeddable":true,"href":"http:\/\/argentinamunicipal.com.ar\/argentina\/wp-json\/wp\/v2\/users\/1"}],"replies":[{"embeddable":true,"href":"http:\/\/argentinamunicipal.com.ar\/argentina\/wp-json\/wp\/v2\/comments?post=1353"}],"version-history":[{"count":0,"href":"http:\/\/argentinamunicipal.com.ar\/argentina\/wp-json\/wp\/v2\/posts\/1353\/revisions"}],"wp:featuredmedia":[{"embeddable":true,"href":"http:\/\/argentinamunicipal.com.ar\/argentina\/wp-json\/wp\/v2\/media\/1354"}],"wp:attachment":[{"href":"http:\/\/argentinamunicipal.com.ar\/argentina\/wp-json\/wp\/v2\/media?parent=1353"}],"wp:term":[{"taxonomy":"category","embeddable":true,"href":"http:\/\/argentinamunicipal.com.ar\/argentina\/wp-json\/wp\/v2\/categories?post=1353"},{"taxonomy":"post_tag","embeddable":true,"href":"http:\/\/argentinamunicipal.com.ar\/argentina\/wp-json\/wp\/v2\/tags?post=1353"}],"curies":[{"name":"wp","href":"https:\/\/api.w.org\/{rel}","templated":true}]}}