{"id":135315,"date":"2023-04-19T04:17:34","date_gmt":"2023-04-19T07:17:34","guid":{"rendered":"http:\/\/argentinamunicipal.com.ar\/argentina\/?p=135315"},"modified":"2023-04-19T06:19:55","modified_gmt":"2023-04-19T09:19:55","slug":"maltrato-animal-buscan-prohibir-la-traccion-a-sangre-en-el-parque-aconcagua-y-en-toda-la-provincia-de-mendoza","status":"publish","type":"post","link":"http:\/\/argentinamunicipal.com.ar\/argentina\/maltrato-animal-buscan-prohibir-la-traccion-a-sangre-en-el-parque-aconcagua-y-en-toda-la-provincia-de-mendoza\/","title":{"rendered":"Maltrato animal: buscan prohibir la tracci\u00f3n a sangre en el Parque Aconcagua y en toda la provincia de Mendoza"},"content":{"rendered":"<p>El abogado ambientalista Oscar Mellado, especialista en derecho animal, presentar\u00e1 un proyecto que busca eliminar la tracci\u00f3n a sangre en ciertos puntos de la provincia que a\u00fan sigue siendo utilizada. Est\u00e1n incluidas las mulas del Parque Provincial Aconcagua.<\/p>\n<p>Este martes por la ma\u00f1ana, en la Legislatura, se dio a conocer que el abogado especialista en derecho animal, Oscar Mellado presentar\u00e1 un proyecto junto al diputado del Partido Verde, Emmanuel Fugazzotto, para prohibir la tracci\u00f3n a sangre a m\u00e1s de un mes de la denuncia de la Fundaci\u00f3n Cullunche sobre el maltrato animal en el Parque Provincial Aconcagua. Al tratarse como un medio que ciudadanos usan para trabajar, el Gobierno tendr\u00eda que darles otro m\u00e9todo, seg\u00fan indica el documento.<\/p>\n<p>\u00abEstamos hoy ac\u00e1 en la\u00a0Legislatura\u00a0realizando un proyecto para que entre por Diputados. Se trata de la prohibici\u00f3n absoluta de la tracci\u00f3n a sangre en\u00a0Mendoza. Es imposible concebir que estamos en el Siglo XXI y todav\u00eda estamos tirando carretelas con caballos. Es un proyecto que se enmarca en los festejos por el\u00a0D\u00eda del Animal\u00bb, coment\u00f3 Mellado en la Legislatura este martes.<\/p>\n<p>\u00abEl Ejecutivo tendr\u00eda que ver qu\u00e9 pasar\u00e1 con las personas que usan esas carretelas. Creemos que las consecuencias a nivel social y laboral son enormes, pero alguien tiene que tomar esta delantera respecto al caballo. Los venimos sacrificando hace siglos a esos animales. El Ministerio de Econom\u00eda, de Trabajo y Finanzas tendr\u00e1n que ver c\u00f3mo se har\u00e1 para dar una soluci\u00f3n laboral a esas personas. Sabemos que hay much\u00edsimas personas que viven de esa actividad, pero nuestro cometido es el animal. Basta ya de tracci\u00f3n a sangre\u00bb, agreg\u00f3 el especialista.<\/p>\n<p>A lo que coment\u00f3 sobre\u00a0el informe publicado por\u00a0MDZ\u00a0durante el verano sobre el maltrato a mulas en el\u00a0Parque Provincial Aconcagua. \u00abEs una lesi\u00f3n enorme que tenemos los mendocinos. Si bien nos enorgullece contar con el\u00a0Aconcagua\u00a0y lo que eso significa, la utilizaci\u00f3n de las mulas es una mancha enorme que tenemos y sobre todo el modo en el que se las utiliza. Con este proyecto que menciono, quedar\u00eda abarcado y comprendido la prohibici\u00f3n de las mulas. Creemos que la carga que lleva quien hace la expedici\u00f3n (turista o deportista) la tiene que cargar la persona o que abone a alguien que lo haga. No puede ser que la mula camine 25 kil\u00f3metros con 60 kilos de carga. Hay mulas que sufren espuelas y cargas excesivas o mueren en el camino. Es una utlizaci\u00f3n cruel y queremos que quede prohibido en este proyecto que largamos\u00bb, sostuvo.<\/p>\n<p>El eje de esa pol\u00e9mica radica en lo sucedido en el verano tras una grave denuncia de la Fundaci\u00f3n Cullunche en la que mostraron im\u00e1genes aterradoras que daban cuenta de c\u00f3mo finalizaban las mulas luego de transportar la carga y ser sometidas a esa actividad. \u00abEs inconcebible el maltrato que reciben las mulas cargueras en este lugar, a la vista de todos y de las autoridades que deben controlar que esto no suceda\u00bb, indicaron en ese entonces desde la Fundaci\u00f3n. Por su parte, el Gobierno en aquel entonces respondi\u00f3 que los animales nunca ingresaron lastimados y que en ese caso se han emitido sanciones a las empresas que as\u00ed lo realicen. En la actualidad, hay cerca de cuarenta mulas que quedan dentro del Parque Aconcagua, desarrollando tareas con las empresas propietarias y controladas diariamente por el personal de Guardaparques.<\/p>\n<p>Jennifer Ibarra, de la Fundaci\u00f3n Cullunche, coment\u00f3 a MDZ a ra\u00edz del proyecto: \u00abApoyamos todo aquello que tenga que ver con terminar con la esclavitud animal. Queremos abolir y que se retiren las mulas del Parque, no se han sabido valorar y llevarlo adelante. El control ha ido involucionando, el Estado no quiere invertir y las empresas tampoco. Ya es hora de dejar de usar mulas, utilizando sherpas, helic\u00f3pteros, la posibilidad est\u00e1. Quiz\u00e1s sea de forma gradual, pero los animales deben dejar de trabajar\u00bb.<\/p>\n<p>Vale aclarar que el proyecto a\u00fan no est\u00e1 presentado de manera oficial y que tanto el legislador como los ambientalistas buscar\u00e1n que el mismo pueda tratarse pr\u00f3ximamente en\u00a0Diputados, obtenga media sanci\u00f3n y que pueda salir con sanci\u00f3n completa en\u00a0Senadores, cumpliendo con todos los pasos legislativos previos.<\/p>\n<p>Por su parte, el diputado\u00a0Fugazzotto\u00a0aclar\u00f3 que: \u00abBuscamos que la provincia cree un programa para el reemplazo del caballo por un veh\u00edculo o carro de tracci\u00f3n motora. Entendemos que hay gente que mucha gente lo usa para ganarse el d\u00eda, pero hay que ir acondicion\u00e1ndose a los tiempos que vivimos con esta situaci\u00f3n\u00bb.<\/p>\n<p><strong>El antecedente de Godoy Cruz<\/strong><br \/>\nDurante el primer mandato de\u00a0Tadeo Garc\u00eda Zalazar, durante el a\u00f1o 2015, se dispuso el fin de la tracci\u00f3n a sangre en el departamento de\u00a0Godoy Cruz. Y hasta hace algunos a\u00f1os se continu\u00f3 con la entrega de veh\u00edculos de tracci\u00f3n motora para aquellas familias que utilizaban a los caballos para carretelas.<\/p>\n<p>En la actualidad, las y los usuarios de los veh\u00edculos motorizados son denominados\u00a0Recuperadores Urbanos.\u00a0Algunos de los animales sustituidos fueron derivados al\u00a0Santuario Equino \u00abEquidad\u00bb\u00a0en la provincia de C\u00f3rdoba, otros fueron dados en adopci\u00f3n responsable a personas que se registraron en el municipio para tal fin.<\/p>\n<h6>Fuente: MDZ<\/h6>\n","protected":false},"excerpt":{"rendered":"<p>El abogado ambientalista Oscar Mellado, especialista en derecho animal, presentar\u00e1 un proyecto que busca eliminar la tracci\u00f3n a sangre en ciertos puntos de la provincia que a\u00fan sigue siendo utilizada. Est\u00e1n incluidas las mulas del Parque Provincial Aconcagua.<\/p>\n","protected":false},"author":2,"featured_media":135316,"comment_status":"closed","ping_status":"closed","sticky":false,"template":"","format":"standard","meta":{"footnotes":""},"categories":[2],"tags":[31],"class_list":["post-135315","post","type-post","status-publish","format-standard","has-post-thumbnail","hentry","category-informe-municipal","tag-mendoza"],"_links":{"self":[{"href":"http:\/\/argentinamunicipal.com.ar\/argentina\/wp-json\/wp\/v2\/posts\/135315","targetHints":{"allow":["GET"]}}],"collection":[{"href":"http:\/\/argentinamunicipal.com.ar\/argentina\/wp-json\/wp\/v2\/posts"}],"about":[{"href":"http:\/\/argentinamunicipal.com.ar\/argentina\/wp-json\/wp\/v2\/types\/post"}],"author":[{"embeddable":true,"href":"http:\/\/argentinamunicipal.com.ar\/argentina\/wp-json\/wp\/v2\/users\/2"}],"replies":[{"embeddable":true,"href":"http:\/\/argentinamunicipal.com.ar\/argentina\/wp-json\/wp\/v2\/comments?post=135315"}],"version-history":[{"count":0,"href":"http:\/\/argentinamunicipal.com.ar\/argentina\/wp-json\/wp\/v2\/posts\/135315\/revisions"}],"wp:featuredmedia":[{"embeddable":true,"href":"http:\/\/argentinamunicipal.com.ar\/argentina\/wp-json\/wp\/v2\/media\/135316"}],"wp:attachment":[{"href":"http:\/\/argentinamunicipal.com.ar\/argentina\/wp-json\/wp\/v2\/media?parent=135315"}],"wp:term":[{"taxonomy":"category","embeddable":true,"href":"http:\/\/argentinamunicipal.com.ar\/argentina\/wp-json\/wp\/v2\/categories?post=135315"},{"taxonomy":"post_tag","embeddable":true,"href":"http:\/\/argentinamunicipal.com.ar\/argentina\/wp-json\/wp\/v2\/tags?post=135315"}],"curies":[{"name":"wp","href":"https:\/\/api.w.org\/{rel}","templated":true}]}}