{"id":135410,"date":"2023-04-24T05:45:56","date_gmt":"2023-04-24T08:45:56","guid":{"rendered":"http:\/\/argentinamunicipal.com.ar\/argentina\/?p=135410"},"modified":"2023-04-20T20:37:55","modified_gmt":"2023-04-20T23:37:55","slug":"el-motivo-por-el-que-el-gobierno-de-mendoza-vendio-4-000-hectareas-al-precio-de-un-kilo-de-pan","status":"publish","type":"post","link":"http:\/\/argentinamunicipal.com.ar\/argentina\/el-motivo-por-el-que-el-gobierno-de-mendoza-vendio-4-000-hectareas-al-precio-de-un-kilo-de-pan\/","title":{"rendered":"El motivo por el que el Gobierno de Mendoza vendi\u00f3 4.000 hect\u00e1reas al precio de un kilo de pan"},"content":{"rendered":"<p>Mediante los decretos 665 y 666 se adjudic\u00f3 la venta de m\u00e1s de 4.000 hect\u00e1reas en Campo La Llave, ubicado en Monte Com\u00e1n. El precio convenido es 450 pesos por hect\u00e1rea y la Secretar\u00eda de Ambiente sali\u00f3 a explicar el motivo. Aclaran que la operaci\u00f3n est\u00e1 enmarcada en la Ley de Colonizaci\u00f3n.<\/p>\n<p>A trav\u00e9s del decreto 665, el gobierno de Rodolfo Suarez confirm\u00f3 la venta de 936 hect\u00e1reas en Monte Com\u00e1n por el precio final de 421 mil pesos. Es decir la compradora, Antonia Gladys Araya, pagar\u00e1 450 pesos por hect\u00e1rea, lo mismo que tomar un caf\u00e9 con una tortita. Pero esto tiene una explicaci\u00f3n y desde el Gobierno salieron a aclarar que en este caso los beneficiarios son puesteros que trabajan en el lugar. Adem\u00e1s, este mi\u00e9rcoles se public\u00f3 el decreto 666 que adjudica la venta de otras 3.100 hect\u00e1reas por el mismo precio a Cristian Rufino Leguizam\u00f3n, tambi\u00e9n en Monte Com\u00e1n.<\/p>\n<p>\u00abLa mencionada solicitante ha dado cumplimento a los requisitos exigidos por la Decreto-Ley de Colonizaci\u00f3n N\u00b0 4711 para la adjudicaci\u00f3n de terrenos fiscales\u00bb, expresa el decreto 665 que lleva las firmas de Suarez y varios ministros de su gabinete. A eso, agrega que \u00abla Comisi\u00f3n Valuadora General de la Provincia, en el expediente bajo an\u00e1lisis hab\u00eda establecido en el a\u00f1o 2019 un valor de referencia de pesos ciento cincuenta ($150) por hect\u00e1rea libre de mejoras sobre los terrenos fiscales que nos ocupan, el valor del mismo fue actualizado por la mencionada Comisi\u00f3n en el a\u00f1o 2021, siendo su valor de referencia de pesos cuatrocientos cincuenta ($450) por hect\u00e1rea libre de mejoras\u00bb.<\/p>\n<p>La funcionaria de la Secretar\u00eda de Ambiente y Ordenamiento Territorial, Nadia Rapali, dialog\u00f3 con\u00a0MDZ\u00a0y explic\u00f3 que no se venden los terrenos a alguien que iba caminando por la calle sino que est\u00e1 enmarcado en la Ley de Colonizaci\u00f3n. \u00abEsa ley es el marco legal y regula las tierras fiscales de la provincia. Su objetivo es que las tierras de dominio privado que est\u00e1n en manos del Estado sean cedidas con fines productivos para generar colonias\u00bb, remarc\u00f3.<\/p>\n<p>En ese sentido, dijo que las persona a las que se le adjudica la venta tiene que contar con un proyecto productivo. No necesariamente una inversi\u00f3n millonaria sino tambi\u00e9n apuntar a fortalecer cuestiones socioecon\u00f3micas en la zona. \u00abSon tierras sin derecho a riego y por eso el precio que determin\u00f3 la comisi\u00f3n valuadora\u00bb, adhiri\u00f3 la funcionaria.<\/p>\n<p>En este caso puntual se trata de puesteros que ya viven en esas tierras y que han regularizado su situaci\u00f3n para que las mismas les sean adjudicadas. \u00abSe busca regularizar la situaci\u00f3n de ocupantes que ya estaban all\u00ed. Hace mucho tiempo las tierras fiscales se adjudicaron por decreto pero muchos titulares fallecieron o no se hicieron cargo o incluso vend\u00edan sus derechos sin pagar la tierra. Vend\u00edan la posesi\u00f3n\u00bb, sostuvo y dijo que en estos d\u00edas saldr\u00e1n cuatro decretos de estas caracter\u00edsticas sobre terrenos en Monte Com\u00e1n. \u00abSon grandes extensiones de tierra porque son proyectos ganaderos\u00bb, manifest\u00f3.<\/p>\n<p>\u00abHay muchos casos as\u00ed pero cuesta la regularizaci\u00f3n. Es un procedimiento lento con controles cruzados. Fallecen los titulares a los que se les escritur\u00f3 y pueden vender despu\u00e9s de 10 a\u00f1os siempre que la provincia los autorice. Hay que regularizar a los hijos, etc\u00bb, esgrimi\u00f3.<\/p>\n<p>La funcionaria Nadia Rapali diferenci\u00f3 este proceso de lo que aplica en otras leyes como la \u00abLey de arraigo de puesteros\u00bb aclarando que la \u00abLey de Colonizaci\u00f3n\u00bb tambi\u00e9n faculta al gobierno a concursar las tierras entre empresas a cambio de que inviertan en la zona. Por ejemplo, en pozos de agua u otros gastos tendientes a \u00abcolonizar\u00bb la zona. \u00abAs\u00ed nacieron muchas &#8216;colonias&#8217; que hoy ya son pueblos o ciudades\u00bb, explic\u00f3.<\/p>\n<p>Tambi\u00e9n aprovech\u00f3 la oportunidad para marcar las diferencias entre este tipo de \u00abventa\u00bb de terrenos y el reconocimiento de ocupaci\u00f3n de miles de hect\u00e1reas\u00a0que el INAI realiz\u00f3 a trav\u00e9s de resoluciones beneficiando a comunidades mapuches en San Rafael y Malarg\u00fce.<\/p>\n<p>\u00abLa ley de Colonizaci\u00f3n legisla sobre terrenos fiscales que son de la provincia y la autoriza a disponer de ellos. En el caso de los terrenos que el INAI le reconoce a comunidades mapuches est\u00e1n enmarcados en un conflicto judicial entre privados\u00bb, destac\u00f3.<\/p>\n<p>Pero al mismo tiempo, subray\u00f3 que al INAI se le cuestiona el proceso mediante el cual argumenta su decisi\u00f3n, mientras que para \u00abvender\u00bb un predio en el marco de la Ley de Colonizaci\u00f3n es necesario contar con dict\u00e1menes positivos de Fiscal\u00eda de Estado, Asesor\u00eda de Gobierno y el Tribunal de Cuentas, entre otros filtros de legalidad.<\/p>\n<p>En otras palabras, entienden que la\u00a0Antonia Gladys Araya \u00abha dado cumplimento a los requisitos exigidos por la Decreto-Ley de Colonizaci\u00f3n N\u00b0 4711 para la adjudicaci\u00f3n de terrenos fiscales\u00bb y que el precio que pagar\u00e1 por los mismos es el que corresponde. Lo mismo que Cristian Rufino Leguizam\u00f3n, que abonar\u00e1 1.394.000 pesos por un campo de 3.097 hect\u00e1reas en Monte Com\u00e1n.<\/p>\n<h6>Fuente: MDZ<\/h6>\n","protected":false},"excerpt":{"rendered":"<p>Mediante los decretos 665 y 666 se adjudic\u00f3 la venta de m\u00e1s de 4.000 hect\u00e1reas en Campo La Llave, ubicado en Monte Com\u00e1n. El precio convenido es 450 pesos por hect\u00e1rea y la Secretar\u00eda de Ambiente sali\u00f3 a explicar el motivo.<\/p>\n","protected":false},"author":2,"featured_media":135411,"comment_status":"closed","ping_status":"closed","sticky":false,"template":"","format":"standard","meta":{"footnotes":""},"categories":[2],"tags":[31],"class_list":["post-135410","post","type-post","status-publish","format-standard","has-post-thumbnail","hentry","category-informe-municipal","tag-mendoza"],"_links":{"self":[{"href":"http:\/\/argentinamunicipal.com.ar\/argentina\/wp-json\/wp\/v2\/posts\/135410","targetHints":{"allow":["GET"]}}],"collection":[{"href":"http:\/\/argentinamunicipal.com.ar\/argentina\/wp-json\/wp\/v2\/posts"}],"about":[{"href":"http:\/\/argentinamunicipal.com.ar\/argentina\/wp-json\/wp\/v2\/types\/post"}],"author":[{"embeddable":true,"href":"http:\/\/argentinamunicipal.com.ar\/argentina\/wp-json\/wp\/v2\/users\/2"}],"replies":[{"embeddable":true,"href":"http:\/\/argentinamunicipal.com.ar\/argentina\/wp-json\/wp\/v2\/comments?post=135410"}],"version-history":[{"count":0,"href":"http:\/\/argentinamunicipal.com.ar\/argentina\/wp-json\/wp\/v2\/posts\/135410\/revisions"}],"wp:featuredmedia":[{"embeddable":true,"href":"http:\/\/argentinamunicipal.com.ar\/argentina\/wp-json\/wp\/v2\/media\/135411"}],"wp:attachment":[{"href":"http:\/\/argentinamunicipal.com.ar\/argentina\/wp-json\/wp\/v2\/media?parent=135410"}],"wp:term":[{"taxonomy":"category","embeddable":true,"href":"http:\/\/argentinamunicipal.com.ar\/argentina\/wp-json\/wp\/v2\/categories?post=135410"},{"taxonomy":"post_tag","embeddable":true,"href":"http:\/\/argentinamunicipal.com.ar\/argentina\/wp-json\/wp\/v2\/tags?post=135410"}],"curies":[{"name":"wp","href":"https:\/\/api.w.org\/{rel}","templated":true}]}}