{"id":135553,"date":"2023-04-26T05:00:50","date_gmt":"2023-04-26T08:00:50","guid":{"rendered":"http:\/\/argentinamunicipal.com.ar\/argentina\/?p=135553"},"modified":"2023-04-25T18:02:43","modified_gmt":"2023-04-25T21:02:43","slug":"la-provincia-de-mendoza-hara-contratacion-directa-de-la-logistica-para-las-elecciones-por-1-280-millones","status":"publish","type":"post","link":"http:\/\/argentinamunicipal.com.ar\/argentina\/la-provincia-de-mendoza-hara-contratacion-directa-de-la-logistica-para-las-elecciones-por-1-280-millones\/","title":{"rendered":"La Provincia de Mendoza har\u00e1 contrataci\u00f3n directa de la log\u00edstica para las elecciones por $1.280 millones"},"content":{"rendered":"<p>Mediante el decreto 748, este lunes anunciaron que \u00aben vista de las necesidades impuestas por el cronograma electoral, no es posible cumplir con los plazos impuestos para el llamado a licitaci\u00f3n p\u00fablica\u00bb. En consecuencia, se avanz\u00f3 con un proceso directo<\/p>\n<p>El\u00a0Gobierno de Mendoza, tras desdoblar los comicios, anunci\u00f3 que se har\u00e1 cargo de la log\u00edstica para las\u00a0elecciones provinciales\u00a0tanto PASO como generales, lo que le\u00a0costar\u00e1 a la Provincia $1.280 millones.<\/p>\n<p>Mediante el decreto 748, se anunci\u00f3 este lunes que \u00aben vista de las necesidades impuestas por el cronograma electoral, no es posible cumplir con los plazos impuestos para el llamado a licitaci\u00f3n p\u00fablica y en consecuencia se propugna el llamado a contrataci\u00f3n directa con publicaci\u00f3n en el entorno web COMPR.AR\u00bb.<\/p>\n<p>Y se dispone que la\u00a0contrataci\u00f3n del servicio de correo y log\u00edstica general\u00a0de los actos eleccionarios estar\u00e1 a cargo de la Provincia de Mendoza.<\/p>\n<p>Otro de los gastos electorales ya fue aprobado por el Gobierno, que\u00a0ya\u00a0autoriz\u00f3 $532 millones para la impresi\u00f3n de boletas \u00fanicas para las elecciones provinciales PASO.<\/p>\n<p>Para las elecciones generales, previstas para el 24 de septiembre, el Gobierno deber\u00e1\u00a0volver a contratar el servicio\u00a0con un nuevo presupuesto.<\/p>\n<p>Por lo pronto, este domingo habr\u00e1 elecciones en\u00a07 departamentos de Mendoza que elegir\u00e1n intendentes y concejales. Se trata de las comunas que desdoblaron de la Provincia y hay 57 precandidatos.<\/p>\n<h6>Fuente: Uno<\/h6>\n","protected":false},"excerpt":{"rendered":"<p>Mediante el decreto 748, este lunes anunciaron que \u00aben vista de las necesidades impuestas por el cronograma electoral, no es posible cumplir con los plazos impuestos para el llamado a licitaci\u00f3n p\u00fablica\u00bb. En consecuencia, se avanz\u00f3 con un proceso directo<\/p>\n","protected":false},"author":2,"featured_media":135554,"comment_status":"closed","ping_status":"closed","sticky":false,"template":"","format":"standard","meta":{"footnotes":""},"categories":[65],"tags":[31],"class_list":["post-135553","post","type-post","status-publish","format-standard","has-post-thumbnail","hentry","category-provincias","tag-mendoza"],"_links":{"self":[{"href":"http:\/\/argentinamunicipal.com.ar\/argentina\/wp-json\/wp\/v2\/posts\/135553","targetHints":{"allow":["GET"]}}],"collection":[{"href":"http:\/\/argentinamunicipal.com.ar\/argentina\/wp-json\/wp\/v2\/posts"}],"about":[{"href":"http:\/\/argentinamunicipal.com.ar\/argentina\/wp-json\/wp\/v2\/types\/post"}],"author":[{"embeddable":true,"href":"http:\/\/argentinamunicipal.com.ar\/argentina\/wp-json\/wp\/v2\/users\/2"}],"replies":[{"embeddable":true,"href":"http:\/\/argentinamunicipal.com.ar\/argentina\/wp-json\/wp\/v2\/comments?post=135553"}],"version-history":[{"count":0,"href":"http:\/\/argentinamunicipal.com.ar\/argentina\/wp-json\/wp\/v2\/posts\/135553\/revisions"}],"wp:featuredmedia":[{"embeddable":true,"href":"http:\/\/argentinamunicipal.com.ar\/argentina\/wp-json\/wp\/v2\/media\/135554"}],"wp:attachment":[{"href":"http:\/\/argentinamunicipal.com.ar\/argentina\/wp-json\/wp\/v2\/media?parent=135553"}],"wp:term":[{"taxonomy":"category","embeddable":true,"href":"http:\/\/argentinamunicipal.com.ar\/argentina\/wp-json\/wp\/v2\/categories?post=135553"},{"taxonomy":"post_tag","embeddable":true,"href":"http:\/\/argentinamunicipal.com.ar\/argentina\/wp-json\/wp\/v2\/tags?post=135553"}],"curies":[{"name":"wp","href":"https:\/\/api.w.org\/{rel}","templated":true}]}}