{"id":135579,"date":"2023-04-28T05:09:27","date_gmt":"2023-04-28T08:09:27","guid":{"rendered":"http:\/\/argentinamunicipal.com.ar\/argentina\/?p=135579"},"modified":"2023-04-26T06:13:02","modified_gmt":"2023-04-26T09:13:02","slug":"tupungato-celebra-la-1a-edicion-del-festival-nacional-de-la-nuez-y-de-los-vinos-de-altura","status":"publish","type":"post","link":"http:\/\/argentinamunicipal.com.ar\/argentina\/tupungato-celebra-la-1a-edicion-del-festival-nacional-de-la-nuez-y-de-los-vinos-de-altura\/","title":{"rendered":"Tupungato celebra la 1\u00aa edici\u00f3n del Festival Nacional de la Nuez y de los Vinos de Altura"},"content":{"rendered":"<p>Desde ahora Tupungato, conocido como la \u00abCapital de la Nuez y de los Vinos de Altura\u00bb, tendr\u00e1 su propio festival<\/p>\n<p>El departamento de\u00a0Tupungato\u00a0present\u00f3 la 1\u00aa edici\u00f3n del\u00a0\u00abFestival Nacional de la Nuez y de los Vinos de Altura\u00bb. El mismo que se celebrar\u00e1\u00a0el domingo 30 de abril\u00a0tendr\u00e1 la presencia de importantes artistas como\u00a0Destino San Javier.<\/p>\n<p>Vecinos y turistas tendr\u00e1n un d\u00eda especial para conmemorar este m\u00e9rito departamental, alcanzado gracias a las coordenadas que ubican geogr\u00e1ficamente a la localidad en una zona que por su suelo y temperatura permite cultivar nueces y tener miles de plantaciones de vid que dan vida a vinos destacados en todo el globo.<\/p>\n<p>El evento tendr\u00e1 lugar en la Plaza departamental General San Mart\u00edn, previendo que en las ediciones venideras se lleve a cabo en un lugar a la altura de lo que amerita la gala, tal como el Teatro Griego Municipal .<\/p>\n<p>El domingo, 30 de abril, a partir de las 12\u00a0vecinos y turistas podr\u00e1n recorrer las propuestas que se desplegar\u00e1n en los alrededores del \u201cpunto de encuentro de los tupungatinos, la Plaza departamental\u201d, con una conjugaci\u00f3n de las ferias locales como lo es la Feria Artesanal y la de Vinos de Altura, acompa\u00f1ada por food trucks de comidas y espect\u00e1culos de danzas y bandas en vivo, que contar\u00e1 con el cierre art\u00edstico del conjunto musical \u00abDestino San Javier\u00bb.<\/p>\n<p><strong>Grilla espect\u00e1culo art\u00edstico<\/strong><\/p>\n<p>La agenda completa del festival en Tupungato es la siguiente:<\/p>\n<p>Ballet de danzas folkl\u00f3ricas \u00abEl Regreso\u00bb<br \/>\nConjunto musical de folklore cuyano \u00abD\u00fao Chapel\u00bb<br \/>\nBallet de danzas espa\u00f1olas \u00abAlmer\u00eda\u00bb<br \/>\nConjunto musical de poplatinoamericano \u00abEl Viaje\u00bb<br \/>\nBallet de danzas contempor\u00e1neas \u00abFree expression\u00bb<br \/>\nEnsamble de coros Escuela Art\u00edstica y Municipal \u00abCoral Tupungato\u00bb}<br \/>\nBallet de danzas andinas \u00abSol de Tupungato\u00bb<br \/>\nConjunto musical de folklore nacional \u00abD\u00fao Nuevo Canto\u00bb<br \/>\nConjunto musical de folklore nacional \u00abLinaje\u00bb<br \/>\nCantautor de folklore cuyano \u201cJuan Carlos Lizarde\u201d<br \/>\nConjunto musical de folklore nacional \u00abLos Caminantes\u00bb<\/p>\n<p><strong>Destino San Javier lanz\u00f3 su \u00e1lbum debut en 2016.<\/strong><\/p>\n<p>El show de Destino San Javier<br \/>\nEl cierre estar\u00e1 a cargo de la banda de folklore rom\u00e1ntico m\u00e1s convocante del momento,\u00a0Destino San Javier. En unos d\u00edas las fan\u00e1ticas y los seguidores del grupo podr\u00e1n ver en escena y disfrutar las voces privilegiadas de los esbeltos Franco Favini, Bruno y Paolo Ragone.<\/p>\n<p>La historia oficial de \u00abDestino San Javier\u00bb cuenta que\u00a0la banda se form\u00f3 en 2015\u00a0cuando sus integrantes decidieron preservar el legado del Tr\u00edo San Javier, para continuar una historia de \u00e9xitos y crear su propio camino.<\/p>\n<p>C\u00f3mo ha sido su recorrido por distintos rincones del pa\u00eds:<\/p>\n<p>En 2016\u00a0Destino San Javier\u00a0lanz\u00f3 su \u00e1lbum debut\u00a0y en 2018 presentaron su segundo \u00e1lbum \u00abInstinto\u00bb. En 2019 con la canci\u00f3n \u00abJusto ahora\u00bb ganaron en las categor\u00edas de \u00abMejor int\u00e9rprete\u00bb y \u00abMejor canci\u00f3n\u00bb en el Festival de Vi\u00f1a del Mar, por lo que recibieron dos Gaviotas de Plata. El mismo a\u00f1o ganan el Premio Gardel como \u00abMejor nuevo artista\u00bb.<\/p>\n<p>En el verano de 2020 realizaron m\u00e1s de 30 conciertos en Argentina a pesar de tener que cancelar su gira por la pandemia de COVID-19. Durante la cuarentena, reunieron en la canci\u00f3n \u00abSolo le pido a Dios\u00bb a los principales referentes de la m\u00fasica. En 2021 presentaron su tercer \u00e1lbum de estudio \u00abAmanece\u00bb, que incluye duetos con Axel, \u00c1ngela Leiva y Los Tekis.<\/p>\n<p>De esta manera Tupungato tendr\u00e1 de ahora y para siempre su propio festival nacional, que sin dudas trabajar\u00e1 a\u00f1o a a\u00f1o para posicionarlo como uno de los mejores del pa\u00eds.<\/p>\n<h6>Fuente: Uno<\/h6>\n","protected":false},"excerpt":{"rendered":"<p>Desde ahora Tupungato, conocido como la \u00abCapital de la Nuez y de los Vinos de Altura\u00bb, tendr\u00e1 su propio festival<\/p>\n","protected":false},"author":2,"featured_media":135580,"comment_status":"closed","ping_status":"closed","sticky":false,"template":"","format":"standard","meta":{"footnotes":""},"categories":[47],"tags":[31],"class_list":["post-135579","post","type-post","status-publish","format-standard","has-post-thumbnail","hentry","category-fiestas","tag-mendoza"],"_links":{"self":[{"href":"http:\/\/argentinamunicipal.com.ar\/argentina\/wp-json\/wp\/v2\/posts\/135579","targetHints":{"allow":["GET"]}}],"collection":[{"href":"http:\/\/argentinamunicipal.com.ar\/argentina\/wp-json\/wp\/v2\/posts"}],"about":[{"href":"http:\/\/argentinamunicipal.com.ar\/argentina\/wp-json\/wp\/v2\/types\/post"}],"author":[{"embeddable":true,"href":"http:\/\/argentinamunicipal.com.ar\/argentina\/wp-json\/wp\/v2\/users\/2"}],"replies":[{"embeddable":true,"href":"http:\/\/argentinamunicipal.com.ar\/argentina\/wp-json\/wp\/v2\/comments?post=135579"}],"version-history":[{"count":0,"href":"http:\/\/argentinamunicipal.com.ar\/argentina\/wp-json\/wp\/v2\/posts\/135579\/revisions"}],"wp:featuredmedia":[{"embeddable":true,"href":"http:\/\/argentinamunicipal.com.ar\/argentina\/wp-json\/wp\/v2\/media\/135580"}],"wp:attachment":[{"href":"http:\/\/argentinamunicipal.com.ar\/argentina\/wp-json\/wp\/v2\/media?parent=135579"}],"wp:term":[{"taxonomy":"category","embeddable":true,"href":"http:\/\/argentinamunicipal.com.ar\/argentina\/wp-json\/wp\/v2\/categories?post=135579"},{"taxonomy":"post_tag","embeddable":true,"href":"http:\/\/argentinamunicipal.com.ar\/argentina\/wp-json\/wp\/v2\/tags?post=135579"}],"curies":[{"name":"wp","href":"https:\/\/api.w.org\/{rel}","templated":true}]}}