{"id":135597,"date":"2023-04-27T05:45:32","date_gmt":"2023-04-27T08:45:32","guid":{"rendered":"http:\/\/argentinamunicipal.com.ar\/argentina\/?p=135597"},"modified":"2023-04-26T18:31:13","modified_gmt":"2023-04-26T21:31:13","slug":"mendoza-trabajadores-de-vinas-van-a-paritarias-en-un-contexto-de-inflacion-y-contingencias-climaticas","status":"publish","type":"post","link":"http:\/\/argentinamunicipal.com.ar\/argentina\/mendoza-trabajadores-de-vinas-van-a-paritarias-en-un-contexto-de-inflacion-y-contingencias-climaticas\/","title":{"rendered":"Mendoza: Trabajadores de vi\u00f1as van a paritarias en un contexto de inflaci\u00f3n y contingencias clim\u00e1ticas"},"content":{"rendered":"<p>La semana que viene se reunir\u00e1n en la Subsecretar\u00eda de Trabajo representantes de las entidades vitivin\u00edcolas y contratistas para negociar las subas salariales del 2023 en un temporada marcada por una fuerte inflaci\u00f3n y las secuelas que dejaron las heladas tard\u00edas y el granizo<\/p>\n<p>El Gobierno convoc\u00f3 a\u00a0paritarias\u00a0anuales al sindicato \u00danico de Trabajadores Contratistas de Vi\u00f1as\u00a0y Frutales de Mendoza, quienes vienen reclamando subas por arriba del 100% en los salarios.<\/p>\n<p>La Subsecretar\u00eda de Trabajo y Empleo de la Provincia formaliz\u00f3 el llamado a los representantes de los trabajadores de vi\u00f1as y a los referentes de las entidades empleadoras para el 2 de mayo. La audiencia se llevar\u00e1 a cabo por v\u00eda remota y buscar\u00e1 acordar los sueldos y el pago por hect\u00e1rea, entre otros reclamos y en un contexto dif\u00edcil y cambiante.<\/p>\n<p><strong>Un contexto dif\u00edcil para la producci\u00f3n vitivin\u00edcola<\/strong><br \/>\nLa discusi\u00f3n se dar\u00e1 en un contexto de\u00a0marcada inflaci\u00f3n, aun por encima de las previsiones oficiales y privadas, y tras las\u00a0secuelas de las las\u00a0contingencias clim\u00e1ticas\u00a0hicieron que se pierda m\u00e1s del 30% de la cosecha de vid\u00a0en la provincia, seg\u00fan estimaron desde la\u00a0Asociaci\u00f3n de Vi\u00f1ateros de Mendoza.<\/p>\n<p>Desde el\u00a0sector sindical\u00a0remarcaron que la Direcci\u00f3n de Estad\u00edstica e Investigaciones Econ\u00f3micas de Mendoza (DEIE) se\u00f1al\u00f3 que\u00a0en la provincia, una familia necesit\u00f3 -durante marzo- $182.241\u00a0para pagar la\u00a0Canasta B\u00e1sica Total y no ser pobre.<\/p>\n<p>Los empleadores conformar\u00e1n una\u00a0comisi\u00f3n negociadora\u00a0que representar\u00e1 a la Asociaci\u00f3n de Vi\u00f1ateros de Mendoza, el Centro de Vi\u00f1ateros y Bodegueros del Este, la Asociaci\u00f3n de Cooperativas Vitivin\u00edcolas-Acovi, la Uni\u00f3n Vitivin\u00edcola Argentina, Bodegas de Argentina y la C\u00e1mara de Comercio, Industria y Agropecuaria de San Rafael.<\/p>\n<h6>Fuetne: Uno<\/h6>\n","protected":false},"excerpt":{"rendered":"<p>La semana que viene se reunir\u00e1n en la Subsecretar\u00eda de Trabajo representantes de las entidades vitivin\u00edcolas y contratistas para negociar las subas salariales del 2023 en un temporada marcada por una fuerte inflaci\u00f3n y las secuelas que dejaron las heladas tard\u00edas y el granizo<\/p>\n","protected":false},"author":2,"featured_media":135598,"comment_status":"closed","ping_status":"closed","sticky":false,"template":"","format":"standard","meta":{"footnotes":""},"categories":[65],"tags":[31],"class_list":["post-135597","post","type-post","status-publish","format-standard","has-post-thumbnail","hentry","category-provincias","tag-mendoza"],"_links":{"self":[{"href":"http:\/\/argentinamunicipal.com.ar\/argentina\/wp-json\/wp\/v2\/posts\/135597","targetHints":{"allow":["GET"]}}],"collection":[{"href":"http:\/\/argentinamunicipal.com.ar\/argentina\/wp-json\/wp\/v2\/posts"}],"about":[{"href":"http:\/\/argentinamunicipal.com.ar\/argentina\/wp-json\/wp\/v2\/types\/post"}],"author":[{"embeddable":true,"href":"http:\/\/argentinamunicipal.com.ar\/argentina\/wp-json\/wp\/v2\/users\/2"}],"replies":[{"embeddable":true,"href":"http:\/\/argentinamunicipal.com.ar\/argentina\/wp-json\/wp\/v2\/comments?post=135597"}],"version-history":[{"count":0,"href":"http:\/\/argentinamunicipal.com.ar\/argentina\/wp-json\/wp\/v2\/posts\/135597\/revisions"}],"wp:featuredmedia":[{"embeddable":true,"href":"http:\/\/argentinamunicipal.com.ar\/argentina\/wp-json\/wp\/v2\/media\/135598"}],"wp:attachment":[{"href":"http:\/\/argentinamunicipal.com.ar\/argentina\/wp-json\/wp\/v2\/media?parent=135597"}],"wp:term":[{"taxonomy":"category","embeddable":true,"href":"http:\/\/argentinamunicipal.com.ar\/argentina\/wp-json\/wp\/v2\/categories?post=135597"},{"taxonomy":"post_tag","embeddable":true,"href":"http:\/\/argentinamunicipal.com.ar\/argentina\/wp-json\/wp\/v2\/tags?post=135597"}],"curies":[{"name":"wp","href":"https:\/\/api.w.org\/{rel}","templated":true}]}}