{"id":13580,"date":"2014-08-18T07:00:45","date_gmt":"2014-08-18T10:00:45","guid":{"rendered":"http:\/\/argentinamunicipal.com.ar\/argentina\/?p=13580"},"modified":"2014-08-16T10:51:57","modified_gmt":"2014-08-16T13:51:57","slug":"colombia-incorporo-a-victimas-de-la-violencia-para-las-negociaciones-de-paz","status":"publish","type":"post","link":"http:\/\/argentinamunicipal.com.ar\/argentina\/colombia-incorporo-a-victimas-de-la-violencia-para-las-negociaciones-de-paz\/","title":{"rendered":"Colombia incorpor\u00f3 a v\u00edctimas de la violencia para las negociaciones de paz"},"content":{"rendered":"<div id=\"attachment_13581\" style=\"width: 631px\" class=\"wp-caption aligncenter\"><a href=\"http:\/\/argentinamunicipal.com.ar\/argentina\/wp-content\/uploads\/2014\/08\/0816_EM3301-ap.jpg_88717827.jpg\"><img loading=\"lazy\" decoding=\"async\" aria-describedby=\"caption-attachment-13581\" class=\"size-full wp-image-13581\" src=\"http:\/\/argentinamunicipal.com.ar\/argentina\/wp-content\/uploads\/2014\/08\/0816_EM3301-ap.jpg_88717827.jpg\" alt=\"Reclamo. Protesta en Bogot\u00e1 de familiares de soldados desaparecidos por las Farc.\" width=\"621\" height=\"465\" srcset=\"http:\/\/argentinamunicipal.com.ar\/argentina\/wp-content\/uploads\/2014\/08\/0816_EM3301-ap.jpg_88717827.jpg 621w, http:\/\/argentinamunicipal.com.ar\/argentina\/wp-content\/uploads\/2014\/08\/0816_EM3301-ap.jpg_88717827-300x224.jpg 300w\" sizes=\"auto, (max-width: 621px) 100vw, 621px\" \/><\/a><p id=\"caption-attachment-13581\" class=\"wp-caption-text\">Reclamo. Protesta en Bogot\u00e1 de familiares de soldados desaparecidos por las Farc.<\/p><\/div>\n<p>Familiares de asesinados por las Farc, los paramilitares y el ej\u00e9rcito viajaron a Cuba para participar de las conversaciones.<\/p>\n<p>Los familiares de las v\u00edctimas de la guerrilla y otras formaciones armadas ilegales intervendr\u00e1n en las negociaciones de paz entre Colombia y las Farc que se desarrollan en Cuba. Ayer Naciones Unidas dio a conocer una lista de las 12 personas que viajaron a La Habana. Son v\u00edctimas de las Farc, pero tambi\u00e9n de los paramilitares.<\/p>\n<p>Las 12 personas viajaron ayer a la capital cubana y hoy tendr\u00e1n su primer encuentro con las delegaciones negociadoras del gobierno y de las Fuerzas Armadas Revolucionarias de Colombia (Farc). Entre los escogidos por la ONU, la Universidad Nacional y la Iglesia Cat\u00f3lica est\u00e1n Constanza Turbay Cote, cuya madre y dos hermanos fueron asesinados por las Farc, y Janeth Bautista, hermana de una integrante del hoy pacificado movimiento guerrillero M-19 que en 1987 fue secuestrada y asesinada por militares. Tambi\u00e9n aparece Angela Mar\u00eda Giraldo, hermana del pol\u00edtico Francisco Javier Giraldo, secuestrado en abril de 2002 junto con 12 colegas en la sede de la Asamblea del departamento de Valle del Cauca, en la ciudad de Cali, a 300 kil\u00f3metros al suroeste de Bogot\u00e1. Giraldo, como otros 11 diputados, fueron asesinados por las Farc cuando creyeron estar cercadas por el ej\u00e9rcito. S\u00f3lo sobrevivi\u00f3 Sigifredo L\u00f3pez, quien en el momento de la masacre se encontraba en un lugar distinto al de sus compa\u00f1eros. En la delegaci\u00f3n figura igualmente Luz Marina Bernal, madre de un hombre de 26 a\u00f1os con discapacidad mental que en 2008 fue enga\u00f1ado y llevado al noreste de pa\u00eds donde finalmente fue asesinado por militares. El caso del joven es emblem\u00e1tico porque \u00e9l y 11 hombres m\u00e1s de Soacha \u2014un municipio al sur de Bogot\u00e1\u2014 fueron asesinados por uniformados en lo que en Colombia empez\u00f3 a llamarse \u00abfalsos positivos\u00bb. Era una manera de sumar cuerpos como falsos ca\u00eddos de la guerrilla.<\/p>\n<p>Por el caso de Soacha en octubre de 2008 el entonces presidente Alvaro Uribe (2002-2010) y su ministro de Defensa, el actual mandatario Juan Manuel Santos, destituyeron a 27 militares \u2014entre ellos a tres generales\u2014 porque por acci\u00f3n u omisi\u00f3n habr\u00edan permitido la ejecuci\u00f3n de esas ejecuciones extrajudiciales de civiles. Otro hombre que estar\u00e1 en la mesa de negociaci\u00f3n es Jos\u00e9 Antequera, hijo del l\u00edder pol\u00edtico Jos\u00e9 Antequera asesinado en 1989. Su caso fue presentado ante la Comisi\u00f3n Interamericana de Derechos Humanos.<\/p>\n<p>En total ser\u00e1n 60 las v\u00edctimas que en varios grupos viajar\u00e1n a la capital cubana. Desde fines de 2012, el gobierno de Santos y las Farc llevan adelante en La Habana negociaciones para tratar de poner fin a 50 a\u00f1os de confrontaci\u00f3n armada. Hasta la fecha, las delegaciones negociadoras han logrado acuerdos en puntos clave como la reforma agraria y los problemas relacionados con la tierra, la participaci\u00f3n pol\u00edtica de los rebeldes y el combate al narcotr\u00e1fico, delito en el que incurren a gran escala las Farc.<\/p>\n<p>Actualmente las delegaciones tratan el tema de v\u00edctimas que, seg\u00fan opini\u00f3n de expertos, puede ser el m\u00e1s complejo. Pol\u00edticos consultados expresaron opiniones dis\u00edmiles sobre la conformaci\u00f3n del grupo que viaj\u00f3 a Cuba. Para el senador de izquierda Iv\u00e1n Cepeda, f\u00e9rreo defensor del di\u00e1logo con las guerrillas, el viaje de las v\u00edctimas a Cuba \u00abes un hecho muy significativo, es un hito en la historia de los procesos de paz y en general de los procesos de reconocimiento de las v\u00edctimas en Colombia\u00bb. Seg\u00fan Cepeda, la que viaj\u00f3 a La Habana \u00abes una delegaci\u00f3n pluralista en la que hay, no solamente v\u00edctimas de la guerrilla sino tambi\u00e9n del Estado y de los paramilitares\u00bb. En cambio, el ex ministro del Interior Fernando Londo\u00f1o cuestion\u00f3 la conformaci\u00f3n de la delegaci\u00f3n y dijo que \u00abno pod\u00edan hacer un \u00absalpic\u00f3n\u00bb m\u00e1s inmanejable. Ah\u00ed van v\u00edctimas de la guerrilla, v\u00edctimas de todo el mundo, v\u00edctimas del Estado. \u00bfPara qu\u00e9?\u00bb. Para Londo\u00f1o, como se trata de un proceso de paz con las Farc, todas las v\u00edctimas debieron ser de este grupo guerrillero. El senador Horacio Serpa del Partido Liberal opin\u00f3 que la integraci\u00f3n de la comitiva es \u00abexcelente\u00bb y remarc\u00f3 que \u00abes la primera vez que, en esta larga historia de la lucha por la paz, se presenta un episodio de esta naturaleza: que las Farc aceptan tambi\u00e9n hablar con v\u00edctimas del conflicto\u00bb.<\/p>\n<p>R\u00e9plica de Santos. El presidente colombiano Juan Manuel Santos expres\u00f3 su satisfacci\u00f3n por el viaje a Cuba de las v\u00edctimas y lo consider\u00f3 un paso importante para el proceso de paz. \u00abAlgunos dec\u00edan por qu\u00e9 van actores que no han sido v\u00edctimas de las Farc, por qu\u00e9 van v\u00edctimas de paramilitares o de agentes del Estado. La respuesta es muy sencilla: porque el conflicto es uno\u00bb, dijo el gobernante.<\/p>\n<p>La ONU se\u00f1al\u00f3 que ya han avanzado con la selecci\u00f3n de las 60 personas que viajar\u00e1n, pero que dar\u00e1n a conocer los nombres s\u00f3lo cuando salga cada una de las cinco delegaciones de 12 personas.<\/p>\n<p>Se estima que m\u00e1s de 220.000 personas murieron en medio siglo de conflicto en Colombia. El conflicto armado entre guerrillas de izquierda, grupos paramilitares y las fuerzas del Estado desplaz\u00f3 tambi\u00e9n a m\u00e1s 5,7 millones de personas, en la que es considerada una de las peores crisis de desplazamiento del mundo.<\/p>\n<h6>Fuente: La Capital, Rosario<\/h6>\n","protected":false},"excerpt":{"rendered":"<p>Familiares de asesinados por las Farc, los paramilitares y el ej\u00e9rcito viajaron a Cuba para participar de las conversaciones. Los familiares de las v\u00edctimas de la guerrilla y otras formaciones armadas ilegales intervendr\u00e1n en las negociaciones de paz entre Colombia y las Farc que se desarrollan en Cuba. Ayer Naciones Unidas dio a conocer una<\/p>\n","protected":false},"author":2,"featured_media":13581,"comment_status":"closed","ping_status":"closed","sticky":false,"template":"","format":"standard","meta":{"footnotes":""},"categories":[22],"tags":[57],"class_list":["post-13580","post","type-post","status-publish","format-standard","has-post-thumbnail","hentry","category-el-mundo","tag-el-mundo"],"_links":{"self":[{"href":"http:\/\/argentinamunicipal.com.ar\/argentina\/wp-json\/wp\/v2\/posts\/13580","targetHints":{"allow":["GET"]}}],"collection":[{"href":"http:\/\/argentinamunicipal.com.ar\/argentina\/wp-json\/wp\/v2\/posts"}],"about":[{"href":"http:\/\/argentinamunicipal.com.ar\/argentina\/wp-json\/wp\/v2\/types\/post"}],"author":[{"embeddable":true,"href":"http:\/\/argentinamunicipal.com.ar\/argentina\/wp-json\/wp\/v2\/users\/2"}],"replies":[{"embeddable":true,"href":"http:\/\/argentinamunicipal.com.ar\/argentina\/wp-json\/wp\/v2\/comments?post=13580"}],"version-history":[{"count":0,"href":"http:\/\/argentinamunicipal.com.ar\/argentina\/wp-json\/wp\/v2\/posts\/13580\/revisions"}],"wp:featuredmedia":[{"embeddable":true,"href":"http:\/\/argentinamunicipal.com.ar\/argentina\/wp-json\/wp\/v2\/media\/13581"}],"wp:attachment":[{"href":"http:\/\/argentinamunicipal.com.ar\/argentina\/wp-json\/wp\/v2\/media?parent=13580"}],"wp:term":[{"taxonomy":"category","embeddable":true,"href":"http:\/\/argentinamunicipal.com.ar\/argentina\/wp-json\/wp\/v2\/categories?post=13580"},{"taxonomy":"post_tag","embeddable":true,"href":"http:\/\/argentinamunicipal.com.ar\/argentina\/wp-json\/wp\/v2\/tags?post=13580"}],"curies":[{"name":"wp","href":"https:\/\/api.w.org\/{rel}","templated":true}]}}