{"id":135847,"date":"2023-05-04T06:24:43","date_gmt":"2023-05-04T09:24:43","guid":{"rendered":"http:\/\/argentinamunicipal.com.ar\/argentina\/?p=135847"},"modified":"2023-05-04T06:24:43","modified_gmt":"2023-05-04T09:24:43","slug":"42o-edicion-de-la-fiesta-nacional-de-la-ganaderia-general-alvear","status":"publish","type":"post","link":"http:\/\/argentinamunicipal.com.ar\/argentina\/42o-edicion-de-la-fiesta-nacional-de-la-ganaderia-general-alvear\/","title":{"rendered":"42\u00ba edici\u00f3n de la Fiesta Nacional de la Ganader\u00eda, General Alvear"},"content":{"rendered":"<p>La Fiesta Nacional de la Ganader\u00eda, la m\u00e1s importante del oeste argentino, comenz\u00f3 oficialmente esta noche en el departamento sure\u00f1o.<\/p>\n<p>La 42\u00ba edici\u00f3n de la Fiesta Nacional de la Ganader\u00eda comenz\u00f3 este miercoles en el departamento de General Alvear, el predio ferial ubicado sobre Ruta 188 y calle 7, recibi\u00f3 a cientos de alvearenses y turistas quieren presenciaron la inauguraci\u00f3n del evento que se dio oficialmente a la hora 20:52<\/p>\n<p>Walther Marcolini intendente de General Alvear\u00a0dio la bienvenida a los visitantes y resalt\u00f3 la labor de todos lo que hicieron posible esta nueva edici\u00f3n de esta Fiesta Nacional: \u00abSaludos a todos los que han trabajado por la realizaci\u00f3n de esta nueva edicion, felicitaciones por el esfuerzo, porque esto se ha transformado en una verdadera politica de estado, gracias a todas las autoridades de la provincia presentes y al obispo Carlos Mar\u00eda Dominguez, tambi\u00e9n por supuesto a los expositores que son lo que hacen parte escencial de esta feria\u00bb.<\/p>\n<p>Adem\u00e1s agrego Marcolini:\u00a0\u00abCon el correr de los a\u00f1os General Alvear y desde aquellos pioneros visionarios en la decada del 80 de la agricultura de Mendoza y empez\u00f3 a sentir por la caida de los ramales ferroviarios y el grupo Greco,\u00a0ellos emprendedores, mujeres y hombre de trabajo y sacrifico que nunca temieron a las \u00e9pocas duras y supieron tirar para adelante, pensar en el mediano y largo plazo. En ese marco 42 a\u00f1os es un honor, recibir a tantos visitantes, nos honra a todos y el saludo enorme a las empresas que confian en la C\u00e1mara de Comercio\u00bb.<\/p>\n<p>Tambi\u00e9n el intendente afirm\u00f3:\u00a0\u00abEsperemos que tengan una estancia de realizaci\u00f3n, de comprender el espiritu alvearense y del sur todo de Mendoza. Esta es la muestra del esfuerzo cabal de todo pueblo, de un sentir en comunidad donde se pueden hacer cosas importante cuando se trabaja mancomunadamente en lo p\u00fablico y privado.\u00a0Se ha conseguido mejoras en todo nuestro secano, solo menciono el acueducto ganadero Bowen &#8211; Canaleja con la importancia de la financiaci\u00f3n del Gobierno de Mendoza\u00a0y eso ha sido un paso sustantivo para nuestro desarrollo\u00bb.<\/p>\n<p>Para finalizar el madatario expres\u00f3:\u00a0\u00abEn este marco les informamamos que hoy se encuentra concluido\u00a0un matadero frigorifico ciclo 1 y 2, el cu\u00e1l ha sido financiado por el munciipio, ya que el estado local ha sido un facilitador y lo pone a disponibilidad para que se pueda invertir\u00a0y cerrar el ciclo de faenar a exportar. La semana proxima en la falda de nevado instalaremos una antena de UHF para todos los productores de campo. Hemos iniciado tratativas adem\u00e1s con Arsat para que exista una tarifa especial para los productores de telefon\u00eda satelital. Esta feria forma parte de nuestra cultura y si seguimos apostando a ello tenemos un pueblo con una capacidad enorme para apostarle al pa\u00eds\u00bb<\/p>\n<p>La reina mandato cumplido de la Fiesta Nacional de la Ganader\u00eda Sofia Perfumo,\u00a0expres\u00f3 sus sentimientos por representar al pa\u00eds desde su posici\u00f3n de embajadora: \u00abHe tenido el placer durante un a\u00f1o de representar a la Fiesta en todo el pa\u00eds, hace 42 a\u00f1os naci\u00f3 esta fiesta la mas grande del oeste argentino, quiero agradecer a cada persona que se suma a colaborar, a la C\u00e1mara de Comercio y a la Municipalidad de General Alvear,todos debemos sumar nuestro esfuerzo en esta fiesta que potencia la ganader\u00eda y que da una gran oportunidad a Mendoza toda. Quiero agradecer a cada expositor y bienvendio a los que llegan por primera vez y apoyan para que nuestra fiesta para que siga creciendo\u00bb.<\/p>\n<h6>Fuente: sitioandino.com.ar<\/h6>\n<p>&nbsp;<\/p>\n","protected":false},"excerpt":{"rendered":"<p>La Fiesta Nacional de la Ganader\u00eda, la m\u00e1s importante del oeste argentino, comenz\u00f3 oficialmente esta noche en el departamento sure\u00f1o.<\/p>\n","protected":false},"author":2,"featured_media":135848,"comment_status":"closed","ping_status":"closed","sticky":false,"template":"","format":"standard","meta":{"footnotes":""},"categories":[47],"tags":[31],"class_list":["post-135847","post","type-post","status-publish","format-standard","has-post-thumbnail","hentry","category-fiestas","tag-mendoza"],"_links":{"self":[{"href":"http:\/\/argentinamunicipal.com.ar\/argentina\/wp-json\/wp\/v2\/posts\/135847","targetHints":{"allow":["GET"]}}],"collection":[{"href":"http:\/\/argentinamunicipal.com.ar\/argentina\/wp-json\/wp\/v2\/posts"}],"about":[{"href":"http:\/\/argentinamunicipal.com.ar\/argentina\/wp-json\/wp\/v2\/types\/post"}],"author":[{"embeddable":true,"href":"http:\/\/argentinamunicipal.com.ar\/argentina\/wp-json\/wp\/v2\/users\/2"}],"replies":[{"embeddable":true,"href":"http:\/\/argentinamunicipal.com.ar\/argentina\/wp-json\/wp\/v2\/comments?post=135847"}],"version-history":[{"count":0,"href":"http:\/\/argentinamunicipal.com.ar\/argentina\/wp-json\/wp\/v2\/posts\/135847\/revisions"}],"wp:featuredmedia":[{"embeddable":true,"href":"http:\/\/argentinamunicipal.com.ar\/argentina\/wp-json\/wp\/v2\/media\/135848"}],"wp:attachment":[{"href":"http:\/\/argentinamunicipal.com.ar\/argentina\/wp-json\/wp\/v2\/media?parent=135847"}],"wp:term":[{"taxonomy":"category","embeddable":true,"href":"http:\/\/argentinamunicipal.com.ar\/argentina\/wp-json\/wp\/v2\/categories?post=135847"},{"taxonomy":"post_tag","embeddable":true,"href":"http:\/\/argentinamunicipal.com.ar\/argentina\/wp-json\/wp\/v2\/tags?post=135847"}],"curies":[{"name":"wp","href":"https:\/\/api.w.org\/{rel}","templated":true}]}}