{"id":136,"date":"2014-01-30T10:47:22","date_gmt":"2014-01-30T13:47:22","guid":{"rendered":"http:\/\/municipales.org.ar\/argentina\/?p=136"},"modified":"2014-02-08T18:54:30","modified_gmt":"2014-02-08T21:54:30","slug":"en-parana-buscan-crear-un-area-contra-la-discriminacion-en-el-ambito-municipal","status":"publish","type":"post","link":"http:\/\/argentinamunicipal.com.ar\/argentina\/en-parana-buscan-crear-un-area-contra-la-discriminacion-en-el-ambito-municipal\/","title":{"rendered":"En Paran\u00e1, buscan crear un \u00e1rea contra la discriminaci\u00f3n en el \u00e1mbito municipal"},"content":{"rendered":"<p><a href=\"http:\/\/argentinamunicipal.com.ar\/argentina\/wp-content\/uploads\/2014\/02\/Cristina_Ponce.jpg_869080375.jpg\"><img loading=\"lazy\" decoding=\"async\" class=\"alignright  wp-image-137\" alt=\"Cristina_Ponce.jpg_869080375\" src=\"http:\/\/argentinamunicipal.com.ar\/argentina\/wp-content\/uploads\/2014\/02\/Cristina_Ponce.jpg_869080375.jpg\" width=\"437\" height=\"328\" srcset=\"http:\/\/argentinamunicipal.com.ar\/argentina\/wp-content\/uploads\/2014\/02\/Cristina_Ponce.jpg_869080375.jpg 624w, http:\/\/argentinamunicipal.com.ar\/argentina\/wp-content\/uploads\/2014\/02\/Cristina_Ponce.jpg_869080375-300x225.jpg 300w\" sizes=\"auto, (max-width: 437px) 100vw, 437px\" \/><\/a>Distintas instituciones vienen articulando para dise\u00f1ar un espacio que pueda recibir denuncias, mediar y en \u00faltima instancia sancionar actos discriminatorios. Buscan generar conciencia. Preocupa la situaci\u00f3n en boliches, bares y comercios.<\/p>\n<p>&nbsp;<\/p>\n<p>Los recurrentes actos discriminatorios sufridos por ciudadanos de Paran\u00e1 preocupan a distintas instituciones relacionadas con la problem\u00e1tica, que vienen buscando articular acciones con el objetivo de generar un abordaje distinto de la situaci\u00f3n. De esta forma, pretenden promover un cambio de paradigma en la intervenci\u00f3n de los casos, donde exista un \u00e1rea que pueda recibir denuncias y acompa\u00f1ar el proceso, poniendo en pr\u00e1ctica la mediaci\u00f3n, emprendiendo campa\u00f1as de promoci\u00f3n y, s\u00f3lo en \u00faltima instancia, sancionando al responsable del acto discriminatorio.<\/p>\n<p>\u201cEstamos con mucha preocupaci\u00f3n porque hay situaciones que no se resuelven con la sola existencia de una norma. Queremos hacer una ordenanza que genere una instancia donde podamos hacer mediaci\u00f3n y recibir denuncias de quienes sufran alguna actitud discriminatoria\u201d, explic\u00f3 a UNO la secretaria de Ni\u00f1ez, Familia y Discapacidad, Cristina Ponce, quien viene llevando adelante encuentros con distintas instituciones vinculadas a la problem\u00e1tica.<\/p>\n<p>Seg\u00fan detall\u00f3 la funcionaria provincial, la idea es crear un espacio dentro del \u00e1mbito municipal donde puedan articular distintas instituciones, entre ellas la Defensor\u00eda del Pueblo \u2014que tiene un sostenido trabajo en mediaci\u00f3n\u2014, la Secretar\u00eda de Derechos Humanos, Salud y Educaci\u00f3n de Paran\u00e1 y la delegaci\u00f3n entrerriana del Instituto Nacional contra la Discriminaci\u00f3n, la Xenofibia y el Racismo (Inadi).<\/p>\n<p>En ese sentido, Ponce se reuni\u00f3 este jueves con el equipo de asesores legales del concejal Juan Manuel Huss, en vistas a la posibilidad de darle forma a la ordenanza que crear\u00e1 el espacio. \u201cLa idea es crear una ordenanza que tenga un procedimiento espec\u00edfico, y determinar un \u00e1rea pertinente para la recepci\u00f3n de denuncias y tamb\u00ed\u00e9n de promoci\u00f3n\u201d, indic\u00f3 a este medio Mar\u00eda Emilia Rolandelli, abogada y asesora del edil paranaense. En esa l\u00ednea, la letrada coment\u00f3 que la iniciativa se inspira en una metodolog\u00eda de trabajo similar que existe en Rosario, donde hay una l\u00ednea gratuita y un \u00e1rea de recepci\u00f3n de denuncias, y que desde hace siete a\u00f1os \u201cviene funcionando muy bien\u201d.<\/p>\n<p>\u201cQueremos crear una figura nueva, no que sea el juzgado de faltas \u00fanicamente; que no sea s\u00f3lo aplicar una pena, sino lograr generar conciencia del acto discriminatorio\u201d, indic\u00f3 Ponce.<\/p>\n<p>Una de las situaciones que m\u00e1s preocupan es la que ocurre en boliches bailables, donde estas pr\u00e1cticas son muy habituales y generalmente no se denuncian. De este problema, seg\u00fan explicaron, se vienen ocupando mucho, y la idea es poder incluirlo dentro de las preocupaciones m\u00e1s generales que est\u00e1n discutiendo. Otro punto que podr\u00eda estar contemplado en la normativa es aqu\u00e9l relativo a los comercios de ropa, sobre todo en cuanto al incumplimiento de la Ley de Talles.<\/p>\n<p>En los pr\u00f3ximos d\u00edas, se mantendr\u00e1n nuevos encuentros con el equipo de trabajo de la Defensor\u00eda del Pueblo, encabezada por Luis Garay, como as\u00ed tambi\u00e9n con la secretaria de Derechos Humanos, Salud y Educaci\u00f3n del municipio, Florencia Amore. De esta forma, avanzar\u00e1n en un di\u00e1logo interinstitucional que pueda materializarse en una ordenanza, primero, y luego en la instrumentaci\u00f3n de un \u00e1rea donde puedan recibirse las denuncias, generar campa\u00f1as de promoci\u00f3n, actuar en la mediaci\u00f3n de los problemas y, por \u00faltimo, poder determinar sanciones.<\/p>\n<pre>Fuente: Diario Uno de Paran\u00e1<\/pre>\n","protected":false},"excerpt":{"rendered":"<p>Distintas instituciones vienen articulando para dise\u00f1ar un espacio que pueda recibir denuncias, mediar y en \u00faltima instancia sancionar actos discriminatorios. Buscan generar conciencia. Preocupa la situaci\u00f3n en boliches, bares y comercios. &nbsp; Los recurrentes actos discriminatorios sufridos por ciudadanos de Paran\u00e1 preocupan a distintas instituciones relacionadas con la problem\u00e1tica, que vienen buscando articular acciones con<\/p>\n","protected":false},"author":1,"featured_media":137,"comment_status":"closed","ping_status":"closed","sticky":false,"template":"","format":"standard","meta":{"footnotes":""},"categories":[2],"tags":[17],"class_list":["post-136","post","type-post","status-publish","format-standard","has-post-thumbnail","hentry","category-informe-municipal","tag-entre-rios"],"_links":{"self":[{"href":"http:\/\/argentinamunicipal.com.ar\/argentina\/wp-json\/wp\/v2\/posts\/136","targetHints":{"allow":["GET"]}}],"collection":[{"href":"http:\/\/argentinamunicipal.com.ar\/argentina\/wp-json\/wp\/v2\/posts"}],"about":[{"href":"http:\/\/argentinamunicipal.com.ar\/argentina\/wp-json\/wp\/v2\/types\/post"}],"author":[{"embeddable":true,"href":"http:\/\/argentinamunicipal.com.ar\/argentina\/wp-json\/wp\/v2\/users\/1"}],"replies":[{"embeddable":true,"href":"http:\/\/argentinamunicipal.com.ar\/argentina\/wp-json\/wp\/v2\/comments?post=136"}],"version-history":[{"count":0,"href":"http:\/\/argentinamunicipal.com.ar\/argentina\/wp-json\/wp\/v2\/posts\/136\/revisions"}],"wp:featuredmedia":[{"embeddable":true,"href":"http:\/\/argentinamunicipal.com.ar\/argentina\/wp-json\/wp\/v2\/media\/137"}],"wp:attachment":[{"href":"http:\/\/argentinamunicipal.com.ar\/argentina\/wp-json\/wp\/v2\/media?parent=136"}],"wp:term":[{"taxonomy":"category","embeddable":true,"href":"http:\/\/argentinamunicipal.com.ar\/argentina\/wp-json\/wp\/v2\/categories?post=136"},{"taxonomy":"post_tag","embeddable":true,"href":"http:\/\/argentinamunicipal.com.ar\/argentina\/wp-json\/wp\/v2\/tags?post=136"}],"curies":[{"name":"wp","href":"https:\/\/api.w.org\/{rel}","templated":true}]}}