{"id":136098,"date":"2023-05-15T06:09:29","date_gmt":"2023-05-15T09:09:29","guid":{"rendered":"http:\/\/argentinamunicipal.com.ar\/argentina\/?p=136098"},"modified":"2023-05-15T06:09:29","modified_gmt":"2023-05-15T09:09:29","slug":"de-justicias-y-presidencialismos","status":"publish","type":"post","link":"http:\/\/argentinamunicipal.com.ar\/argentina\/de-justicias-y-presidencialismos\/","title":{"rendered":"De Justicias y Presidencialismos"},"content":{"rendered":"<p>En v\u00edsperas de las que podr\u00edan ser las elecciones nacionales m\u00e1s dram\u00e1ticas de la Historia contempor\u00e1nea, son infinitos los interrogantes que germinan en el pueblo argentino, pero hay uno especialmente muy complejo: \u00bfTiene arreglo la democracia argentina, castigada por propios y ajenos y hoy representada por dirigencias cuestionables, cuando no traidoras? \u00bfQu\u00e9 se necesita para ser presidente, hoy, y reorientar la tantas veces incalificable situaci\u00f3n pol\u00edtica, econ\u00f3mica y sobre todo social?<\/p>\n<p>Es claro que hacen falta Patriotismo y valor, tanto como decencia y coraje: eso que hay que tener, como se dice vulgarmente y mirando hacia abajo. Y hay que tener sincero amor a la Patria \u2013es b\u00e1sico\u2013 y cero egoismo, y conocimiento del mundo y las relaciones internacionales, y un 100% de sentido de Justicia. Y cabr\u00eda sumar todav\u00eda, a esas cualidades, talento y pasi\u00f3n por el fascinante trabajo de conducir al pueblo y ayudarlo a crecer. Y como si eso fuera poco, desde el vamos hay que tener bien reposicionado el sincero amor a los s\u00edmbolos de la Soberan\u00eda, que son el Himno y la Bandera, y el Escudo y la moneda nacionales, \u00e9sta \u00faltima hoy cautiva de perversos poderes mundiales y de una miserable caterva de cipayos locales.<\/p>\n<p>As\u00ed, de modos irregulares y cuestionables se han venido apoderando de las tierras, los llanos, las aguas y las monta\u00f1as, y del riqu\u00edsimo subsuelo territorial y tambi\u00e9n del vasto Mar Argentino, las islas Malvinas, y las Georgias y siguen apoder\u00e1ndose de nuestro Atl\u00e1ntico Sur al punto que tambi\u00e9n nuestra Ant\u00e1rtida est\u00e1 en peligro.<\/p>\n<p>Y para peor, ahora todo lo usurpan y sostienen con la venia o consentimiento impl\u00edcitos de funcionarios traidores que fueron legi\u00f3n durante el menemismo y el macrismo, much\u00edsimos de los cuales trasplantados y sostenidos por la actual gesti\u00f3n. As\u00ed la Argentina se ha venido desmoronando y hoy est\u00e1 en riesgo de disoluci\u00f3n e incluso de ocupaciones militares extranjeras, ya iniciadas mediante adquisiciones supuestamente civiles a cargo de multimillonarios extranjeros y cipayos vern\u00e1culos.<\/p>\n<p>Con un pueblo desencantado y malinformado adrede como es hoy el pueblo argentino, que adem\u00e1s est\u00e1 muy enojado por innumerables razones, y encima con vastos n\u00facleos confundidos y\/o recolonizados espiritualmente, y partido al medio en clases sociales abismalmente desiguales, e ignorando su propia tragedia en marcha, el peligro que corre esta Patria nuestra es imprecisable, nom\u00e1s por tan grande e inminente que es.<\/p>\n<p>Por todos esos riesgos, y algunos m\u00e1s, hoy los ataques a la Democracia son desembozados y grotescos \u2013como las disparatadas y provocadoras acciones de la CSJ y en especial del Sr. Rosatti, sin dudas el m\u00e1s cuestionado cortesano de la Historia Argentina contempor\u00e1nea, superador incluso del menemista Sr. Nazareno en los 90. De modo que ya no es s\u00f3lo cuesti\u00f3n de amor a nuestra pa\u00eds, que s\u00ed necesita asistencia y amor, tanto como verdad y honestidad. Hoy adem\u00e1s la Patria convoca a detener a los jueces venales, chantas y hasta feroces, as\u00ed como a los pol\u00edticos corruptos que s\u00f3lo piensan en reelecciones y favoritismos en bien de sus chupamedias. As\u00ed la Patria exige, en su silencioso pero consistente estilo, que se planten en la lid electoral otras personas \u2013diferentes, sin m\u00e1culas ni prontuarios\u2013 para que conduzcan el presente hacia un mejor destino: \u00e9se que se basa en la Verdad, la Memoria y la Justicia sin blanduras ni excepciones.<\/p>\n<p>Y todo esto es ahora. Y ahora m\u00e1s que nunca. Porque la Corte actual ha mostrado su esencia golpista, y el sistema judicial federal todo, cruje y ya sobrepasa el l\u00edmite de lo tolerable. Y a su obsesi\u00f3n de no investigar el intento de asesinato a la Vicepresidenta \u2013inacci\u00f3n que el mundo entero contempla azorado\u2013 se ha sumado el \u00faltimo grado de perversi\u00f3n pol\u00edtica: anular elecciones en el autoritario estilo de las viejas dictaduras. Tanta insensatez puede leerse como el inicio de hecho de un golpe de estado, y por ese s\u00f3lo hecho absurdo puede inferirse que debe ser desobedecida y condenada en aras de la Paz, la Democracia y la Soberan\u00eda.<\/p>\n<p>Ese golpismo, por cierto, es el mismo que ha llevado al Presidente de M\u00e9xico \u2013el jueves pasado y en su \u00faltima \u00abma\u00f1anera\u00bb\u2013 a anunciar la reforma de 3 art\u00edculos de la Constituci\u00f3n para que los ministros de la Corte sean elegidos \u00abpor el pueblo\u00bb porque \u00abel Poder Judicial est\u00e1 podrido\u00bb.<\/p>\n<p>No es descartable que estemos ante una oleada parecida, pues lo que define a esas propuestas es\u00a0la necesidad de verdaderos y profundos cambios pol\u00edticos y sobre todo econ\u00f3micos, que en el caso argentino parten de cuestionar el err\u00e1tico desandar del Frente de Todos y en particular del Presidente.<\/p>\n<p>Tambi\u00e9n por eso, y de hecho, nuevas fuerzas pol\u00edticas se presentan en toda la Rep\u00fablica, y todas en riguroso respaldo a CFK, y no s\u00f3lo porque viene siendo difamada medi\u00e1ticamente, burlada judicialmente y atacada pol\u00edticamente \u2013lo que condiciona su presencia y perturba su indesmentible liderazgo\u2013 sino por acci\u00f3n de<\/p>\n<p>la\u00a0\u00abfamilia judicial\u00bb, que ha llegado al colmo de su torpeza y corrupci\u00f3n. Sobran sospechas de que la vicepresidenta seguir\u00e1 siendo amenazada y\/o sujeta a absurdas limitaciones judiciales, y es por eso que las propuestas electorales en su respaldo coinciden en plantearse como posibles alternativas, indeseadas pero casi seguramente forzosas, para\u00a0participar en las pr\u00f3ximas elecciones si se diera el caso de que CFK sea finalmente impedida de ser candidata.<\/p>\n<p>Las fuerzas pol\u00edticas que est\u00e1n apareciendo se autoasignan la sana misi\u00f3n de acompa\u00f1ar, velar y asegurar la vigencia y cuidado de los valores principales de nuestra democracia. Y para ello no hay mejor camino que participar de la contienda electoral con\u00a0candidat@s\u00a0propios y ad refer\u00e9ndum del curso de los hechos.<\/p>\n<p>Como es sabido en todo el pa\u00eds, esta columna sostiene, hace docencia y defiende desde hace a\u00f1os las grandes cuestiones de Soberan\u00eda y en particular la referida al r\u00edo Paran\u00e1 y al Canal Magdalena. Objetivos pol\u00edticos, econ\u00f3micos y sociales fundamentales para la recuperaci\u00f3n de esta rep\u00fablica. Y lo hace proponiendo dos quiebres b\u00e1sicos: 1) cambiar la Constituci\u00f3n Nacional, recuperando la de 1949, que fue la \u00faltima Constituci\u00f3n legal y leg\u00edtima, democr\u00e1tica y de esencia popular. Y 2) cambiar de ra\u00edz todo el sistema judicial, incluyendo la Corte Suprema y la magistratura completa, lo que deber\u00e1 hacerse con auxilio de\u00a0l@s\u00a0m\u00e1s relevantes juristas del mundo, convocados especialmente. No hay otro camino, serio y prioritario, para garantizar la Paz y afianzar y democratizar la administraci\u00f3n de Justicia en todo el pa\u00eds.<\/p>\n<p>Afortunadamente son varias las propuestas alternativas que circulan, ninguna con car\u00e1cter completamente nacional, todav\u00eda, pero algunas ya con definidos perfiles medi\u00e1ticos \u2013los casos de Juan Grabois y de Gabriel Mariotto son claros ejemplos\u2013 y ya se perfila, y en crecimiento, una Coalici\u00f3n por la Paz, la Democracia y la Soberan\u00eda, cuyo programa de 23 puntos recorre ya algunas provincias y del que no es ajena esta columna. Y esas expresiones \u00ad\u2013a las que acaso se sumen otras\u2013 son un inmejorable punto de partida para mejorar la vida pol\u00edtica nacional, y sobre todo asegurar la mejor calidad de vida, en convivencia con dignidad, de 50 millones de compatriotas. Y a la vez asegurando la Soberan\u00eda Nacional sobre todos los bienes naturales de nuestro territorio, el subsuelo y el espacio a cielo abierto de la Rep\u00fablica Argentina.<\/p>\n<p>Por Mempo Giardinelli<\/p>\n<h6>Fuente: P\u00e1gina 12<\/h6>\n","protected":false},"excerpt":{"rendered":"<p>En v\u00edsperas de las que podr\u00edan ser las elecciones nacionales m\u00e1s dram\u00e1ticas de la Historia contempor\u00e1nea, son infinitos los interrogantes que germinan en el pueblo argentino<\/p>\n","protected":false},"author":2,"featured_media":136099,"comment_status":"closed","ping_status":"closed","sticky":false,"template":"","format":"standard","meta":{"footnotes":""},"categories":[6],"tags":[21],"class_list":["post-136098","post","type-post","status-publish","format-standard","has-post-thumbnail","hentry","category-opiniones","tag-argentina"],"_links":{"self":[{"href":"http:\/\/argentinamunicipal.com.ar\/argentina\/wp-json\/wp\/v2\/posts\/136098","targetHints":{"allow":["GET"]}}],"collection":[{"href":"http:\/\/argentinamunicipal.com.ar\/argentina\/wp-json\/wp\/v2\/posts"}],"about":[{"href":"http:\/\/argentinamunicipal.com.ar\/argentina\/wp-json\/wp\/v2\/types\/post"}],"author":[{"embeddable":true,"href":"http:\/\/argentinamunicipal.com.ar\/argentina\/wp-json\/wp\/v2\/users\/2"}],"replies":[{"embeddable":true,"href":"http:\/\/argentinamunicipal.com.ar\/argentina\/wp-json\/wp\/v2\/comments?post=136098"}],"version-history":[{"count":0,"href":"http:\/\/argentinamunicipal.com.ar\/argentina\/wp-json\/wp\/v2\/posts\/136098\/revisions"}],"wp:featuredmedia":[{"embeddable":true,"href":"http:\/\/argentinamunicipal.com.ar\/argentina\/wp-json\/wp\/v2\/media\/136099"}],"wp:attachment":[{"href":"http:\/\/argentinamunicipal.com.ar\/argentina\/wp-json\/wp\/v2\/media?parent=136098"}],"wp:term":[{"taxonomy":"category","embeddable":true,"href":"http:\/\/argentinamunicipal.com.ar\/argentina\/wp-json\/wp\/v2\/categories?post=136098"},{"taxonomy":"post_tag","embeddable":true,"href":"http:\/\/argentinamunicipal.com.ar\/argentina\/wp-json\/wp\/v2\/tags?post=136098"}],"curies":[{"name":"wp","href":"https:\/\/api.w.org\/{rel}","templated":true}]}}