{"id":13610,"date":"2014-08-19T08:53:53","date_gmt":"2014-08-19T11:53:53","guid":{"rendered":"http:\/\/argentinamunicipal.com.ar\/argentina\/?p=13610"},"modified":"2014-08-19T08:53:53","modified_gmt":"2014-08-19T11:53:53","slug":"mas-de-60-mil-jovenes-en-la-fiesta-de-disfraces-mas-grande-del-pais-en-parana","status":"publish","type":"post","link":"http:\/\/argentinamunicipal.com.ar\/argentina\/mas-de-60-mil-jovenes-en-la-fiesta-de-disfraces-mas-grande-del-pais-en-parana\/","title":{"rendered":"M\u00e1s de 60 mil j\u00f3venes en la fiesta de disfraces m\u00e1s grande del pa\u00eds en Paran\u00e1"},"content":{"rendered":"<p><a href=\"http:\/\/argentinamunicipal.com.ar\/argentina\/wp-content\/uploads\/2014\/08\/Video-fiesta-de-disfraces-2013-Parana.jpg\"><img loading=\"lazy\" decoding=\"async\" class=\"aligncenter  wp-image-13611\" src=\"http:\/\/argentinamunicipal.com.ar\/argentina\/wp-content\/uploads\/2014\/08\/Video-fiesta-de-disfraces-2013-Parana.jpg\" alt=\"Video-fiesta-de-disfraces-2013-Parana\" width=\"694\" height=\"460\" srcset=\"http:\/\/argentinamunicipal.com.ar\/argentina\/wp-content\/uploads\/2014\/08\/Video-fiesta-de-disfraces-2013-Parana.jpg 960w, http:\/\/argentinamunicipal.com.ar\/argentina\/wp-content\/uploads\/2014\/08\/Video-fiesta-de-disfraces-2013-Parana-300x198.jpg 300w\" sizes=\"auto, (max-width: 694px) 100vw, 694px\" \/><\/a><br \/>\nLa 16\u00b0 Fiesta de Disfraces se vivi\u00f3 en el predio de Circunvalaci\u00f3n y Don Bosco con shows de m\u00fasica. Miles de personas de diferentes puntos de Argentina y otros pa\u00edses se acercaron a disfrutar bajo las m\u00e1s dis\u00edmiles apariencias.<\/p>\n<p>Pasada la medianoche ya se contabilizaban m\u00e1s de 50.000 personas en el predio, marcando un r\u00e9cord de concurrencia, pero el ingreso continuaba de manera incesante.<\/p>\n<p>\u201cHace varios a\u00f1os que vengo, la verdad que es la primera vez que nos toca una noche tan linda como esta\u201d, dijo un vampiro llamado Maxi mientras ingresaba al predio. Poco minutos despu\u00e9s de las 20 se abrieron las seis puertas del predio ubicado en Don Bosco y Circunvalaci\u00f3n, lugar de festejo para todos aquellos que estuvieron llegando a Paran\u00e1 en los \u00faltimos d\u00edas, y paseando por calles y parques, algunos ya disfrazados desde el comienzo del fin de semana.<\/p>\n<p>Los primeros en entrar tardaron un rato m\u00e1s, viviendo el colorido clima en las inmediaciones. En la Puerta D, dos monjas y un cardenal inauguraron el ingreso. Esteban, vestido de hombre lobo, pasa solito bien temprano por la Puerta E, apenas qued\u00f3 habilitada. En la Puerta F, en cambio, fue el \u201cCapit\u00e1n Argentina\u201d (Capit\u00e1n Am\u00e9rica hab\u00eda muchos) el primero en traspasar el control de cacheos. \u201cEse ya se gana un punto por originalidad\u201d, dice uno de los polic\u00edas.<\/p>\n<p>Los que entraron desde temprano tuvieron su tiempo y espacio para recorrer las seis carpas distribuidas en las ocho hect\u00e1reas: Roundbox, Beambos, Speed Club, La Carpa de la Alegr\u00eda, Coolbox y Classics (para mayores de 35, cada vez m\u00e1s numerosa, con su ingreso preferencial por Acceso Norte y L\u00f3pez Jord\u00e1n, y estacionamiento propio).<\/p>\n<p>Cada carpa presentaba barra, sonido, video, iluminaci\u00f3n y DJ propio. Tambi\u00e9n estaban los tres sectores gastron\u00f3micos, el espacio para las fotograf\u00edas oficiales (que luego compiten por los premios), y el sector con juegos, publica El Diario.<\/p>\n<p>Como en las \u00faltimas ediciones, mucha gente se reuni\u00f3 en las cercan\u00edas del ingreso para ver llegar, evaluar y deleitarse con el desfile de disfrazados participantes. Se juntaron personas mayores, adultos con ni\u00f1os y vecinos que se acercaron a sacar fotos, como en cualquier espect\u00e1culo popular. \u201cSalimos con los chicos, nos comemos algo por ac\u00e1, y disfruta toda la familia\u201d, coment\u00f3 Esteban, que desde temprano se instal\u00f3 con una conservadora en la esquina m\u00e1s concurrida. Este a\u00f1o no hubo gradas dispuestas como un cors\u00f3dromo, pero los curiosos se acercaron igual a observar la entrada. Muchos de los peque\u00f1os iban disfrazados de zorro, hombre ara\u00f1a, mago o dama antigua, y solicitaban sus fotos con Mickey, Minie y Papa Pitufo.<\/p>\n<h6>Fuente: El Once<\/h6>\n","protected":false},"excerpt":{"rendered":"<p>La 16\u00b0 Fiesta de Disfraces se vivi\u00f3 en el predio de Circunvalaci\u00f3n y Don Bosco con shows de m\u00fasica. Miles de personas de diferentes puntos de Argentina y otros pa\u00edses se acercaron a disfrutar bajo las m\u00e1s dis\u00edmiles apariencias. Pasada la medianoche ya se contabilizaban m\u00e1s de 50.000 personas en el predio, marcando un r\u00e9cord<\/p>\n","protected":false},"author":2,"featured_media":13611,"comment_status":"closed","ping_status":"closed","sticky":false,"template":"","format":"standard","meta":{"footnotes":""},"categories":[2],"tags":[17],"class_list":["post-13610","post","type-post","status-publish","format-standard","has-post-thumbnail","hentry","category-informe-municipal","tag-entre-rios"],"_links":{"self":[{"href":"http:\/\/argentinamunicipal.com.ar\/argentina\/wp-json\/wp\/v2\/posts\/13610","targetHints":{"allow":["GET"]}}],"collection":[{"href":"http:\/\/argentinamunicipal.com.ar\/argentina\/wp-json\/wp\/v2\/posts"}],"about":[{"href":"http:\/\/argentinamunicipal.com.ar\/argentina\/wp-json\/wp\/v2\/types\/post"}],"author":[{"embeddable":true,"href":"http:\/\/argentinamunicipal.com.ar\/argentina\/wp-json\/wp\/v2\/users\/2"}],"replies":[{"embeddable":true,"href":"http:\/\/argentinamunicipal.com.ar\/argentina\/wp-json\/wp\/v2\/comments?post=13610"}],"version-history":[{"count":0,"href":"http:\/\/argentinamunicipal.com.ar\/argentina\/wp-json\/wp\/v2\/posts\/13610\/revisions"}],"wp:featuredmedia":[{"embeddable":true,"href":"http:\/\/argentinamunicipal.com.ar\/argentina\/wp-json\/wp\/v2\/media\/13611"}],"wp:attachment":[{"href":"http:\/\/argentinamunicipal.com.ar\/argentina\/wp-json\/wp\/v2\/media?parent=13610"}],"wp:term":[{"taxonomy":"category","embeddable":true,"href":"http:\/\/argentinamunicipal.com.ar\/argentina\/wp-json\/wp\/v2\/categories?post=13610"},{"taxonomy":"post_tag","embeddable":true,"href":"http:\/\/argentinamunicipal.com.ar\/argentina\/wp-json\/wp\/v2\/tags?post=13610"}],"curies":[{"name":"wp","href":"https:\/\/api.w.org\/{rel}","templated":true}]}}