{"id":136274,"date":"2023-05-19T05:30:00","date_gmt":"2023-05-19T08:30:00","guid":{"rendered":"http:\/\/argentinamunicipal.com.ar\/argentina\/?p=136274"},"modified":"2023-05-18T17:53:20","modified_gmt":"2023-05-18T20:53:20","slug":"eleccion-con-proscripcion","status":"publish","type":"post","link":"http:\/\/argentinamunicipal.com.ar\/argentina\/eleccion-con-proscripcion\/","title":{"rendered":"Elecci\u00f3n con proscripci\u00f3n"},"content":{"rendered":"<p>El mensaje de la Corte Suprema fue m\u00e1s fuerte que el operativo clamor. No es renunciamiento. Cristina Kirchner fue obligada a tomar esta decisi\u00f3n. Si fuera renunciamiento, la responsabilidad de la decisi\u00f3n estar\u00eda en ella. Pero la proscripci\u00f3n implica una falla institucional grave que obligar\u00e1 a una de las fuerzas pol\u00edticas mayoritarias a competir en una situaci\u00f3n muy desfavorable.<\/p>\n<p>La \u00fanica decisi\u00f3n que pod\u00eda tomar la vicepresidenta era afrontar ahora la proscripci\u00f3n o esperar a la condena en firme que debe salir de la Corte, como le sucedi\u00f3 al gobernador de San Juan, Sergio U\u00f1ac, cinco d\u00edas antes de las elecciones. Al adelantarse a la condena en firme,\u00a0le dio la posibilidad al Frente de Todos de hacer campa\u00f1a sin temor a perder el candidato.<\/p>\n<p>Si esperaba a que la condena en firme saliera como en San Juan, cinco d\u00edas antes de las elecciones, hubiera quedado m\u00e1s clara la intenci\u00f3n proscriptiva del tribunal que la juzg\u00f3 y de las distintas instancias que debe atravesar la sentencia hasta llegar a la Corte. Pero en ese caso, el Frente de Todos se quedaba sin candidato, lo que hubiera puesto al pa\u00eds al borde de la violencia.<\/p>\n<p>Las investigaciones a los jueces de la Corte tendr\u00edan que haber empezado desde el primer d\u00eda que asumi\u00f3\u00a0Alberto Fern\u00e1ndez. La tarea que realiza la comisi\u00f3n de juicio pol\u00edtico de Diputados demuestra que se trata de una Corte muy vulnerable. Han surgido indicios concretos sobre irregularidades y corrupci\u00f3n que comprometen a los cuatro jueces que la integran.<\/p>\n<p>Son indicios y testimonios lo suficientemente fuertes como para romper el blindaje medi\u00e1tico que protege a los funcionarios del\u00a0Partido Judicial. Esta Corte macrista es a\u00fan m\u00e1s turbia que la vieja Corte menemista de la mayor\u00eda autom\u00e1tica. Y su titular,\u00a0Horacio Rosatti, no oculta las ambiciones pol\u00edticas que lo llevan a tomar medidas temerarias, al borde de la imprudencia, confiado en la impunidad que le concede su alianza con el macrismo y las corporaciones medi\u00e1ticas.<\/p>\n<p>La conciencia de que Cristina Kirchner no ser\u00e1 candidata crea una sensaci\u00f3n de vac\u00edo hasta en sus cr\u00edticos de la interna peronista. La persistencia de la crisis y los rebotes complejos que genera cada parche que se le pone cre\u00f3 la necesidad de una intervenci\u00f3n en\u00e9rgica que corte por lo sano.<\/p>\n<p>La vicepresidenta proyecta la imagen m\u00e1s fuerte en ese cuadro. Cada vez que tuvo que hacerlo lo hizo. En su gobierno puso en caja a los diferentes sectores que trataron de sacar ganancia en detrimento de la mayor\u00eda. Y aunque no faltan quienes tambi\u00e9n la responsabilizan por la crisis actual, tambi\u00e9n es cierto que una caracter\u00edstica de este gobierno al cerrar la negociaci\u00f3n con el FMI fue\u00a0el desencuentro entre el presidente y su vice.<\/p>\n<p>Por esta caracter\u00edstica era la candidata m\u00e1s resistida por el llamado\u00a0C\u00edrculo Rojo, que son los representantes del capital concentrado que vertebra el sistema de desigualdad e injusticias. Cristina ha sido la m\u00e1s atacada por ese C\u00edrculo Rojo, a diferencia de\u00a0Javier Milei, que es un hombre del sistema, financiado incluso por algunos de estos empresarios m\u00e1s recalcitrantes, que tambi\u00e9n le ponen fichas a la candidatura de\u00a0Patricia Bullrich. Son dos candidatos que han alejado simpat\u00edas de otros sectores empresarios que advirtieron la impericia y la superficialidad de sus propuestas.<\/p>\n<p>La desaz\u00f3n que generar\u00e1 su ausencia en las listas de candidatos corre el riesgo de profundizar la falta de confianza que se ha extendido en los sectores de la sociedad m\u00e1s agobiados por la carest\u00eda de la vida. El Frente de Todos puede elegir sus candidatos en unas internas o avalar a aquel que sea m\u00e1s representativo de las posiciones de Cristina Kirchner, para tratar de contener el caudal mayoritario de votos que convoca la vicepresidenta. Y tiene que ser adem\u00e1s\u00a0un candidato que traccione.<\/p>\n<p>Y se da por descontado que Cristina Kirchner deber\u00e1 tener un papel central en la campa\u00f1a del que resulte designado por el Frente de Todos.\u00a0En cada acto de la campa\u00f1a, Cristina deber\u00e1 estar junto al candidato. Hay una cierta reminiscencia a otras \u00e9pocas con elecciones donde estaban proscriptos los candidatos del peronismo. Se vot\u00f3 en blanco, se buscaron alianzas o se eligieron candidatos leales que ganaron las elecciones y fueron anuladas por los militares, como fue el caso de\u00a0Andr\u00e9s Framini, durante el frondicismo, o el de\u00a0H\u00e9ctor C\u00e1mpora, que le abri\u00f3 paso a la candidatura natural del general Per\u00f3n.<\/p>\n<p>No ser\u00e1 la primera vez que los candidatos del movimiento popular sufran la proscripci\u00f3n del sistema. Y en este caso, como en todos los anteriores,\u00a0qued\u00f3 lesionada la legitimidad del acto electoral\u00a0y del sistema que las engendr\u00f3.<\/p>\n<p>El Frente de Todos deber\u00e1 competir en evidente desigualdad porque no puede llevar como candidata a su principal dirigente. Y a\u00fan as\u00ed tiene\u00a0la responsabilidad de ganar para transformar y democratizar ese mismo sistema que lo proscribe. Es una historia que se repite.<\/p>\n<p>Por Luis Bruschtein<\/p>\n<h6>Fuente: P\u00e1gina 12<\/h6>\n","protected":false},"excerpt":{"rendered":"<p>El mensaje de la Corte Suprema fue m\u00e1s fuerte que el operativo clamor. No es renunciamiento. Cristina Kirchner fue obligada a tomar esta decisi\u00f3n. Si fuera renunciamiento, la responsabilidad de la decisi\u00f3n estar\u00eda en ella.<\/p>\n","protected":false},"author":2,"featured_media":136275,"comment_status":"closed","ping_status":"closed","sticky":false,"template":"","format":"standard","meta":{"footnotes":""},"categories":[6],"tags":[21],"class_list":["post-136274","post","type-post","status-publish","format-standard","has-post-thumbnail","hentry","category-opiniones","tag-argentina"],"_links":{"self":[{"href":"http:\/\/argentinamunicipal.com.ar\/argentina\/wp-json\/wp\/v2\/posts\/136274","targetHints":{"allow":["GET"]}}],"collection":[{"href":"http:\/\/argentinamunicipal.com.ar\/argentina\/wp-json\/wp\/v2\/posts"}],"about":[{"href":"http:\/\/argentinamunicipal.com.ar\/argentina\/wp-json\/wp\/v2\/types\/post"}],"author":[{"embeddable":true,"href":"http:\/\/argentinamunicipal.com.ar\/argentina\/wp-json\/wp\/v2\/users\/2"}],"replies":[{"embeddable":true,"href":"http:\/\/argentinamunicipal.com.ar\/argentina\/wp-json\/wp\/v2\/comments?post=136274"}],"version-history":[{"count":0,"href":"http:\/\/argentinamunicipal.com.ar\/argentina\/wp-json\/wp\/v2\/posts\/136274\/revisions"}],"wp:featuredmedia":[{"embeddable":true,"href":"http:\/\/argentinamunicipal.com.ar\/argentina\/wp-json\/wp\/v2\/media\/136275"}],"wp:attachment":[{"href":"http:\/\/argentinamunicipal.com.ar\/argentina\/wp-json\/wp\/v2\/media?parent=136274"}],"wp:term":[{"taxonomy":"category","embeddable":true,"href":"http:\/\/argentinamunicipal.com.ar\/argentina\/wp-json\/wp\/v2\/categories?post=136274"},{"taxonomy":"post_tag","embeddable":true,"href":"http:\/\/argentinamunicipal.com.ar\/argentina\/wp-json\/wp\/v2\/tags?post=136274"}],"curies":[{"name":"wp","href":"https:\/\/api.w.org\/{rel}","templated":true}]}}