{"id":136333,"date":"2023-05-22T06:02:59","date_gmt":"2023-05-22T09:02:59","guid":{"rendered":"http:\/\/argentinamunicipal.com.ar\/argentina\/?p=136333"},"modified":"2023-05-22T06:02:59","modified_gmt":"2023-05-22T09:02:59","slug":"unidad-un-acto-de-responsabilidad","status":"publish","type":"post","link":"http:\/\/argentinamunicipal.com.ar\/argentina\/unidad-un-acto-de-responsabilidad\/","title":{"rendered":"Unidad: un acto de responsabilidad"},"content":{"rendered":"<p>En junio de 2009, durante el cierre de campa\u00f1a del Frente para la Victoria de la Ciudad de Buenos Aires en el Luna Park, cuando me postulaba como primer candidato a diputado nacional, N\u00e9stor Kirchner afirmaba: \u201cHace 36 a\u00f1os la Capital Federal afrontaba una elecci\u00f3n donde se discut\u00edan modelos. Lamentablemente, hace 36 a\u00f1os esa ceguera cultural a veces de ciertos sectores, llev\u00f3 a que cuando tuvieron que votar fuertemente por la consolidaci\u00f3n de un proyecto de liberaci\u00f3n de la patria, votaron por Fernando de la R\u00faa. Espero que aprendan de la memoria y el dolor sufriente del pueblo argentino durante todo este tiempo (\u2026) \u00bfC\u00f3mo puede ser que otra vez los sectores retr\u00f3grados de la patria vuelvan a aliarse, tanto aquellos concentrados medi\u00e1ticamente como econ\u00f3micamente (\u2026) No podemos volver ni por asomo a reconstruir las pol\u00edticas que nacieron en el 76 y se consolidaron en la d\u00e9cada del 90\u201d.<\/p>\n<p>Hace apenas unas semanas, la vicepresidenta Cristina Fern\u00e1ndez de Kirchner, en el Teatro Argentino de La Plata sosten\u00eda: \u201cen esta Argentina circular es como que el pasado aparece otra vez ac\u00e1 en el presente. Hoy estamos con una situaci\u00f3n en la que figuras e ideas y hechos del pasado parecen querer venir nuevamente a instalarse en el presente para condicionarlo y para adem\u00e1s, tambi\u00e9n, condicionar el futuro. Estamos en ese raro momento en que el pasado se torna presente y, tal vez, frustre el futuro\u201d.<\/p>\n<p>Los dos, con catorce a\u00f1os de diferencia, hac\u00edan referencia a lo mismo: a la Argentina donde retornan c\u00edclicamente personajes e ideas que destruyen el pa\u00eds. Ambos alertaban sobre la amenaza de la vuelta del programa de la dictadura, del programa del menemismo, del programa de la Alianza, del programa del macrismo. Un c\u00edrculo vicioso, donde los que nos llevaron a la destrucci\u00f3n nos quieren conducir nuevamente a la destrucci\u00f3n.<\/p>\n<p>En ese mismo acto de 2009 en el Luna Park, N\u00e9stor propon\u00eda una salida de ese c\u00edrculo vicioso: \u201cLa derecha siempre marcha junta porque tiene las ideas, el poder econ\u00f3mico y el poder medi\u00e1tico y sus propias necesidades claras. \u00bfPuede ser que la construcci\u00f3n de un campo y un espacio popular en la Argentina sea tan dif\u00edcil? No es tan dif\u00edcil.\u201d<\/p>\n<p>Tambi\u00e9n Cristina se refer\u00eda en La Plata al tema de la unidad: \u201ccuando en Avellaneda les dije a los compa\u00f1eros y compa\u00f1eras que sacaran el bast\u00f3n de mariscal no es para d\u00e1rselo en la cabeza a otro compa\u00f1ero o compa\u00f1era sino para poder ayudar a pensar una sociedad, un pa\u00eds diferente y ver c\u00f3mo podemos contribuir a un futuro mejor\u201d.<\/p>\n<p>Dos momentos hist\u00f3ricos y el mismo llamado a la unidad. Como siempre decimos: los problemas entre nosotros son menores, los verdaderos problemas son con los otros.<\/p>\n<p>No hay otro horizonte pol\u00edtico que no sea juntarnos, organizarnos y dise\u00f1ar en conjunto un programa para enfrentar a ese pasado que intenta nuevamente volver. No hay otra salida: unirnos para construir las relaciones de fuerza favorables que nos permitan avanzar en el futuro con mayor velocidad y profundidad.<\/p>\n<p>No nos tiene que juntar el espanto: nos debe unir la responsabilidad y la inteligencia pol\u00edtica. Y la convicci\u00f3n de impedir que nuestro pueblo atraviese nuevos a\u00f1os de angustia y de sufrimiento.<\/p>\n<p>N\u00e9stor y Cristina no dejaban de alertar sobre el riesgo del retorno neoliberal. \u00c9l se tuvo que hacer cargo en 2003 de un pa\u00eds en ruinas tras las experiencias de gobiernos de derecha que destruyeron el sistema previsional, privatizaron las empresas p\u00fablicas, aumentaron la pobreza y la desocupaci\u00f3n y precipitaron el cierre de decenas de miles de peque\u00f1as y medianas empresas, entre otras calamidades. Cristina los enfrent\u00f3 cuando quisieron neutralizar, entre otras grandes iniciativas, las pol\u00edticas de distribuci\u00f3n y de igualdad, la recuperaci\u00f3n de las empresas p\u00fablicas y el sistema previsional de reparto. En todos esos a\u00f1os hubo que trabajar duro para dejar atr\u00e1s la Argentina del abismo que nos dejaron.<\/p>\n<p>En estos d\u00edas, le\u00eda declaraciones de un expresidente del Banco Central y asesor en la actualidad de uno de los precandidatos a presidente de Juntos por el Cambio, quien aseguraba que, en un hipot\u00e9tico gobierno de ese espacio, desde el primer d\u00eda buscar\u00edan alcanzar la emisi\u00f3n cero, el d\u00e9ficit fiscal cero y el tipo de cambio unificado. Pero la aplicaci\u00f3n de esas tres medidas ocasionar\u00eda un desastre. Porque no est\u00e1n diciendo \u201cvamos a crear impuestos extraordinarios a las grandes fortunas, vamos a ir detr\u00e1s de los grandes evasores y de los contrabandistas\u201d. Afirman otra cosa: afirman que van a bajar impuestos y recortar el gasto y, cuando hablan de recortar el gasto, hablan de recortar esencialmente el gasto social y, dentro de este, el previsional, que es lo que conforma la parte sustancial del gasto p\u00fablico en la Argentina. Cuando ellos dicen emisi\u00f3n cero, est\u00e1n hablando de generar una situaci\u00f3n de recesi\u00f3n inmediata y brutal. Cuando hablan de unificar el tipo de cambio hablan de una monumental devaluaci\u00f3n que, como la experiencia nos indica, termina produciendo un enorme crecimiento de la pobreza y de la desigualdad.<\/p>\n<p>Es necesario trabajar en un programa com\u00fan de tal modo que el candidato elegido est\u00e9 obligado a representarlo. Lo sabemos: m\u00e1s importante que el candidato es el proyecto. Porque el proyecto establece las pol\u00edticas que deber\u00e1 impulsar el candidato. Pero, a la vez, el proyecto necesita de un candidato que lo exprese. Cada uno de esos componentes \u2013proyecto y candidato\u2013 se requieren de manera mutua.<\/p>\n<p>Seguramente ser\u00e1 uno de los ejes a los que se referir\u00e1 Cristina en esa convocatoria fenomenal a la que vamos a ir todas y todos el 25, para celebrar los 20 a\u00f1os de la asunci\u00f3n a la presidencia de N\u00e9stor Kirchner. Tenemos que comprometernos para asegurar un triunfo, porque en eso le va la vida y la felicidad a muchos argentinos y argentinas.<\/p>\n<p>Existen dos modelos: aquel donde conduce el mercado, es decir, los grupos concentrados de la econom\u00eda que fijan las reglas y asignan los recursos; y el modelo en que el Estado asume la representaci\u00f3n de los intereses de la sociedad, pone l\u00edmites a esos grupos concentrados e interviene para que los beneficios de lo que se produce lleguen al conjunto de la sociedad.<\/p>\n<p>Para que gane nuestro modelo tenemos que estar unidos, tenemos que trabajar con amplitud y tenemos que reventar la Plaza de Mayo el pr\u00f3ximo 25 para dotar de movilizaci\u00f3n popular al programa que estamos construyendo.<\/p>\n<p>Por Carlos Heller<\/p>\n<p>* Diputado nacional por el Frente de Todos y Presidente del Partido Solidario<\/p>\n<h6>Fuente: P\u00e1gina 12<\/h6>\n","protected":false},"excerpt":{"rendered":"<p>Los dos, con catorce a\u00f1os de diferencia, hac\u00edan referencia a lo mismo: a la Argentina donde retornan c\u00edclicamente personajes e ideas que destruyen el pa\u00eds.<\/p>\n","protected":false},"author":2,"featured_media":136334,"comment_status":"closed","ping_status":"closed","sticky":false,"template":"","format":"standard","meta":{"footnotes":""},"categories":[6],"tags":[21],"class_list":["post-136333","post","type-post","status-publish","format-standard","has-post-thumbnail","hentry","category-opiniones","tag-argentina"],"_links":{"self":[{"href":"http:\/\/argentinamunicipal.com.ar\/argentina\/wp-json\/wp\/v2\/posts\/136333","targetHints":{"allow":["GET"]}}],"collection":[{"href":"http:\/\/argentinamunicipal.com.ar\/argentina\/wp-json\/wp\/v2\/posts"}],"about":[{"href":"http:\/\/argentinamunicipal.com.ar\/argentina\/wp-json\/wp\/v2\/types\/post"}],"author":[{"embeddable":true,"href":"http:\/\/argentinamunicipal.com.ar\/argentina\/wp-json\/wp\/v2\/users\/2"}],"replies":[{"embeddable":true,"href":"http:\/\/argentinamunicipal.com.ar\/argentina\/wp-json\/wp\/v2\/comments?post=136333"}],"version-history":[{"count":0,"href":"http:\/\/argentinamunicipal.com.ar\/argentina\/wp-json\/wp\/v2\/posts\/136333\/revisions"}],"wp:featuredmedia":[{"embeddable":true,"href":"http:\/\/argentinamunicipal.com.ar\/argentina\/wp-json\/wp\/v2\/media\/136334"}],"wp:attachment":[{"href":"http:\/\/argentinamunicipal.com.ar\/argentina\/wp-json\/wp\/v2\/media?parent=136333"}],"wp:term":[{"taxonomy":"category","embeddable":true,"href":"http:\/\/argentinamunicipal.com.ar\/argentina\/wp-json\/wp\/v2\/categories?post=136333"},{"taxonomy":"post_tag","embeddable":true,"href":"http:\/\/argentinamunicipal.com.ar\/argentina\/wp-json\/wp\/v2\/tags?post=136333"}],"curies":[{"name":"wp","href":"https:\/\/api.w.org\/{rel}","templated":true}]}}