{"id":13640,"date":"2014-08-19T10:11:10","date_gmt":"2014-08-19T13:11:10","guid":{"rendered":"http:\/\/argentinamunicipal.com.ar\/argentina\/?p=13640"},"modified":"2014-08-19T10:11:10","modified_gmt":"2014-08-19T13:11:10","slug":"amnistia-internacional-envio-observadores-a-las-protestas-en-missouri","status":"publish","type":"post","link":"http:\/\/argentinamunicipal.com.ar\/argentina\/amnistia-internacional-envio-observadores-a-las-protestas-en-missouri\/","title":{"rendered":"Amnist\u00eda Internacional envi\u00f3 observadores a las protestas en Missouri"},"content":{"rendered":"<p><a href=\"http:\/\/argentinamunicipal.com.ar\/argentina\/wp-content\/uploads\/2014\/08\/0004271448.jpg\"><img loading=\"lazy\" decoding=\"async\" class=\"aligncenter size-full wp-image-13641\" src=\"http:\/\/argentinamunicipal.com.ar\/argentina\/wp-content\/uploads\/2014\/08\/0004271448.jpg\" alt=\"0004271448\" width=\"602\" height=\"338\" srcset=\"http:\/\/argentinamunicipal.com.ar\/argentina\/wp-content\/uploads\/2014\/08\/0004271448.jpg 602w, http:\/\/argentinamunicipal.com.ar\/argentina\/wp-content\/uploads\/2014\/08\/0004271448-300x168.jpg 300w\" sizes=\"auto, (max-width: 602px) 100vw, 602px\" \/><\/a><br \/>\nMientras crece el esc\u00e1ndalo racial en Estados Unidos por la muerte de un joven negro en manos de un oficial de polic\u00eda, la ONG Amnist\u00eda Internacional envi\u00f3 una delegaci\u00f3n a Ferguson, Missouri, para evaluar posibles violaciones a los derechos humanos contra los manifestantes que se encuentran en el lugar.<\/p>\n<p>Seg\u00fan reportan medios locales, trece observadores est\u00e1n en la ciudad donde hace una semana un agente de polic\u00eda asesin\u00f3 al joven negro Michael Brown, provocando la ira de la poblaci\u00f3n afroamericana.<\/p>\n<p>Una de las integrantes de la comitiva que est\u00e1 en Ferguson, Jasmine Heiss, dijo que la tarea que est\u00e1n realizando en estos momentos en dicha ciudad es \u00abm\u00e1s parecida a la realizada durante las protestas en Turqu\u00eda en 2013\u00bb.<\/p>\n<p>Por su parte, el diario The Washington Post report\u00f3 que el director ejecutivo de Amnist\u00eda Internacional en Estados Unidos, Steven Hawkings, envi\u00f3 una carta a las fuerzas de seguridad para manifestarles su \u00abpreocupaci\u00f3n\u00bb por el asesinato del joven negro y por c\u00f3mo estaba respondiendo la polic\u00eda frente a los manifestantes.<\/p>\n<p>Anteriormente, Hawkings hab\u00eda criticado la decisi\u00f3n del gobernador Nixon de decretar el toque de queda en la ciudad, que ya fue levantado.<\/p>\n<p>Las protestas en Ferguson hab\u00edan cedido, pero volvieron al conocerse el resultado de la autopsia que mostraba que el adolescente fue asesinado de seis balazos por un oficial de polic\u00eda, cuando estaba arrodillado.<\/p>\n<h3>Fuente: San Luis 24<\/h3>\n<hr \/>\n<p>&nbsp;<\/p>\n<h2>Ferguson: Diez datos para entender el conflicto racial<\/h2>\n<p><a href=\"http:\/\/argentinamunicipal.com.ar\/argentina\/wp-content\/uploads\/2014\/08\/53ee09360be8e_565_319.jpg\"><img loading=\"lazy\" decoding=\"async\" class=\"alignleft  wp-image-13642\" src=\"http:\/\/argentinamunicipal.com.ar\/argentina\/wp-content\/uploads\/2014\/08\/53ee09360be8e_565_319.jpg\" alt=\"53ee09360be8e_565_319!\" width=\"507\" height=\"286\" srcset=\"http:\/\/argentinamunicipal.com.ar\/argentina\/wp-content\/uploads\/2014\/08\/53ee09360be8e_565_319.jpg 565w, http:\/\/argentinamunicipal.com.ar\/argentina\/wp-content\/uploads\/2014\/08\/53ee09360be8e_565_319-300x169.jpg 300w\" sizes=\"auto, (max-width: 507px) 100vw, 507px\" \/><\/a>Hay datos m\u00e1s que relevantes que ayudan a entender el motivo de las protestas, tras el asesinato en manos de la polic\u00eda de un joven afroamericano desarmado.<br \/>\nEl asesinato a manos de un polic\u00eda de un joven afroamericano en la ciudad estadounidense de Ferguson ha desatado una ola de disturbios. Pero, \u00bfpor qu\u00e9 protestan los vecinos de esa urbe? Conozca datos clave del caso y de la ciudad donde ocurri\u00f3 todo.<\/p>\n<p><strong>1. Joven afroamericano<\/strong><\/p>\n<p>La v\u00edctima, Michael Brown, ten\u00eda tan solo 18 a\u00f1os y era afroamericano. Muri\u00f3 el pasado 9 de agosto tras recibir varios disparos de un agente. Cuando ocurrieron los hechos el joven se dirig\u00eda a casa de su abuela, ubicada en un barrio de las afueras del condado de San Luis.<\/p>\n<p><strong>2. Desarmado<\/strong><\/p>\n<p>De acuerdo con la Polic\u00eda y los testigos, el joven iba desarmado. Mientras fuentes policiales sostienen que Brown atac\u00f3 al agente para tratar de arrebatarle su pistola, testigos afirman que no hubo ninguna agresi\u00f3n.<\/p>\n<p><strong>4. Seis disparos<\/strong><\/p>\n<p>Seg\u00fan una autopsia privada publicada por el diario &#8216;The New York Times&#8217;, el joven recibi\u00f3 seis disparos, dos de ellos en la cabeza.<\/p>\n<p>El forense contratado por la familia Brown, Michael M. Baden, inform\u00f3 este lunes que el joven pudo haber \u00absobrevivido\u00bb a todas las heridas de bala que recibi\u00f3 \u00abexcepto al \u00faltimo disparo, efectuado en la parte superior de la cabeza\u00bb.<br \/>\n<strong>5. Brown trataba de rendirse cuando fue asesinado<\/strong><\/p>\n<p>Algunos testigos aseguran que Brown ten\u00eda sus manos en alto en se\u00f1al de rendici\u00f3n cuando el oficial abri\u00f3 fuego y le mat\u00f3, apunta el portal &#8216;Daily News&#8217;.<\/p>\n<p><strong>6. El polic\u00eda que mat\u00f3 a Brown sigue en libertad<\/strong><\/p>\n<p>El polic\u00eda que dispar\u00f3 a Brown, Darren Wilson, a\u00fan no ha sido detenido. Tampoco pesa sobre \u00e9l ninguna acusaci\u00f3n.<\/p>\n<p><strong>6. No hubo enfrentamiento entre el agente y Brown<\/strong><\/p>\n<p>El doctor que practic\u00f3 la autopsia se\u00f1al\u00f3 que \u00abno hab\u00eda se\u00f1ales de enfrentamiento\u00bb, lo que contradice una de las versiones defendidas por las autoridades policiales de que hubo un forcejeo por el arma del agente antes de los disparos.<\/p>\n<p>Adem\u00e1s, el abogado de la familia Brown, Benjamin Crump, afirma que los resultados de esta autopsia muestran que las declaraciones de los testigos, y no la de los polic\u00edas, eran ciertas.<\/p>\n<p>La Polic\u00eda se ha negado a publicar el informe de la autopsia o datos sobre su investigaci\u00f3n del caso<\/p>\n<p>La Polic\u00eda del condado de San Luis est\u00e1 a cargo de la investigaci\u00f3n sobre la muerte de Brown. Sin embargo, no ha publicado ning\u00fan informe de la autopsia realizada por el m\u00e9dico forense del condado. Tampoco han facilitado detalles acerca de las pruebas que se han recopilado hasta la fecha.<\/p>\n<p><strong>8. Similitudes con el caso de Trayvon Martin<\/strong><\/p>\n<p>El caso de Brown recuerda en muchos aspectos al de Trayvon Martin, otro joven afroamericano que fue asesinado en febrero del 2012 por George Zimmerman, quien vigilaba un vecindario en las afueras de Orlando (Florida) donde se hab\u00eda registrado una serie de robos. El asesinato provoc\u00f3 protestas durante semanas.<\/p>\n<p>En julio pasado un tribunal estadounidense declar\u00f3 \u00abno culpable\u00bb a Zimmerman por el asesinato y dictamin\u00f3 que \u00abactu\u00f3 en defensa propia\u00bb.<\/p>\n<p><strong>9. \u00abRespuesta militarizada\u00bb a las manifestaciones<\/strong><\/p>\n<p>Las protestas en Ferguson estallaron tan pronto como se conoci\u00f3 la noticia de la muerte de Brown y se han repetido pr\u00e1cticamente a diario.<\/p>\n<p>L\u00edderes sociales y religiosos de la comunidad afroamericana en Misuri han criticado lo que consideran una \u00abrespuesta militarizada\u00bb a las manifestaciones ciudadanas que esta muerte ha generado.<\/p>\n<p>En la localidad se han llegado a desplegar agentes de seguridad con chalecos antibala, fusiles y uniformes de combate, e incluso un blindado.<\/p>\n<p>El propio gobernador del estado de Misuri, Jay Nixon, reconoci\u00f3 que precisamente la respuesta militarizada caus\u00f3 a\u00fan m\u00e1s tensi\u00f3n en la localidad.<\/p>\n<p><strong>10. Ferguson es una ciudad de mayor\u00eda negra, pero el cuerpo policial es de mayor\u00eda blanca.<\/strong><\/p>\n<h6>Fuente: MDZ Online<\/h6>\n","protected":false},"excerpt":{"rendered":"<p>Mientras crece el esc\u00e1ndalo racial en Estados Unidos por la muerte de un joven negro en manos de un oficial de polic\u00eda, la ONG Amnist\u00eda Internacional envi\u00f3 una delegaci\u00f3n a Ferguson, Missouri, para evaluar posibles violaciones a los derechos humanos contra los manifestantes que se encuentran en el lugar. Seg\u00fan reportan medios locales, trece observadores<\/p>\n","protected":false},"author":2,"featured_media":13642,"comment_status":"closed","ping_status":"closed","sticky":false,"template":"","format":"standard","meta":{"footnotes":""},"categories":[22],"tags":[57],"class_list":["post-13640","post","type-post","status-publish","format-standard","has-post-thumbnail","hentry","category-el-mundo","tag-el-mundo"],"_links":{"self":[{"href":"http:\/\/argentinamunicipal.com.ar\/argentina\/wp-json\/wp\/v2\/posts\/13640","targetHints":{"allow":["GET"]}}],"collection":[{"href":"http:\/\/argentinamunicipal.com.ar\/argentina\/wp-json\/wp\/v2\/posts"}],"about":[{"href":"http:\/\/argentinamunicipal.com.ar\/argentina\/wp-json\/wp\/v2\/types\/post"}],"author":[{"embeddable":true,"href":"http:\/\/argentinamunicipal.com.ar\/argentina\/wp-json\/wp\/v2\/users\/2"}],"replies":[{"embeddable":true,"href":"http:\/\/argentinamunicipal.com.ar\/argentina\/wp-json\/wp\/v2\/comments?post=13640"}],"version-history":[{"count":0,"href":"http:\/\/argentinamunicipal.com.ar\/argentina\/wp-json\/wp\/v2\/posts\/13640\/revisions"}],"wp:featuredmedia":[{"embeddable":true,"href":"http:\/\/argentinamunicipal.com.ar\/argentina\/wp-json\/wp\/v2\/media\/13642"}],"wp:attachment":[{"href":"http:\/\/argentinamunicipal.com.ar\/argentina\/wp-json\/wp\/v2\/media?parent=13640"}],"wp:term":[{"taxonomy":"category","embeddable":true,"href":"http:\/\/argentinamunicipal.com.ar\/argentina\/wp-json\/wp\/v2\/categories?post=13640"},{"taxonomy":"post_tag","embeddable":true,"href":"http:\/\/argentinamunicipal.com.ar\/argentina\/wp-json\/wp\/v2\/tags?post=13640"}],"curies":[{"name":"wp","href":"https:\/\/api.w.org\/{rel}","templated":true}]}}