{"id":136466,"date":"2023-05-29T06:30:34","date_gmt":"2023-05-29T09:30:34","guid":{"rendered":"http:\/\/argentinamunicipal.com.ar\/argentina\/?p=136466"},"modified":"2023-05-29T06:30:34","modified_gmt":"2023-05-29T09:30:34","slug":"algunas-preguntas-despues-de-la-plaza","status":"publish","type":"post","link":"http:\/\/argentinamunicipal.com.ar\/argentina\/algunas-preguntas-despues-de-la-plaza\/","title":{"rendered":"Algunas preguntas despu\u00e9s de la Plaza"},"content":{"rendered":"<p>El an\u00e1lisis del acto en la Plaza podr\u00eda dividirse en por lo menos dos partes: las seguridades sobre el hecho que se produjo, y las dudas acerca de c\u00f3mo seguir\u00e1 lo electoral del oficialismo. Pero el gran interrogante es si hay alguna certeza alrededor del rumbo pol\u00edtico global.<\/p>\n<p>Cristina, como era esperable, confirm\u00f3 que su figura y liderazgo de sector son incomparables respecto de todo otro protagonista.<\/p>\n<p>La suma habitual de ignorantes, resentidos y odiadores se detuvo en la gente \u201carrastrada en micros\u201d, gracias al aparato de \u201clos que la hacen con la tuya, no con la de ellos\u201d. Nunca deja de ser impresionante lo balad\u00ed de afirmaciones como \u00e9sas, porque de ser atendibles implicar\u00edan que se puede comprar el fervor.<\/p>\n<p>Quitando a los \u201csueltos\u201d, que fueron muchos, es cierta la presencia clave y org\u00e1nica de intendencias del conurbano, La C\u00e1mpora, sindicatos poderosos que no respondieron a la vomitiva abstenci\u00f3n oficial de la CGT, movimientos sociales a los que esta vez se sum\u00f3 el Evita, CTA, etc\u00e9tera.<\/p>\n<p>\u00bfY? \u00bfQu\u00e9 problema hay? \u00bfTales conjuntos nacen de un repollo que produce aut\u00f3matas?<\/p>\n<p>Con ese criterio, puede arg\u00fcirse que \u201cautomatismo\u201d es en verdad, o adem\u00e1s, el de la tilinguer\u00eda dirigida por los medios hegem\u00f3nicos.<\/p>\n<p>Entrar en chicana por chicana no conduce a lugar alguno que no sea el del medir qui\u00e9n la tiene m\u00e1s larga en materia de comentarios al paso; de berretadas con pretensiones de iron\u00eda; de provocar para ver si alguien compra y (te, nos) concede unos segundos con estrellato de perejil, de microclima, en las redes, frente c\u00e1maras y micr\u00f3fonos, en un foro, donde sea.<\/p>\n<p>Justamente, CFK cit\u00f3 \u201clas boludeces que se hablan en los medios\u201d. Y tiene raz\u00f3n, aunque el bolud\u00f3metro se preste a la subjetividad. Pero lo que nadie deber\u00eda negarle es que ella traza y refuta con argumentos considerables, fuere para aceptarlos o rechazarlos.<\/p>\n<p>Eso es lo que hizo en la Plaza, bien que situ\u00e1ndose m\u00e1s en el pasado a recuperar que en el futuro a erigir\u2026 si es por las expectativas que esa Plaza ten\u00eda.<\/p>\n<p>No esquivemos que, al margen de\u00a0Cristina Presidenta\/Una m\u00e1s y no jodemos m\u00e1s\/La proscripci\u00f3n se va la puta que lo pari\u00f3, la multitud esperaba un gui\u00f1o, una frase, un gesto (que s\u00ed estuvo en los acompa\u00f1antes y su orden de ubicaci\u00f3n en el escenario,\u00a0junto con la potent\u00edsima imagen de sus nietos), capaces de dar pistas \u201csatisfactorias\u201d.<\/p>\n<p>No sucedi\u00f3.<\/p>\n<p>La desconcentraci\u00f3n estuvo tan lejos de parecerse a un velorio, mientras la lluvia volv\u00eda a ser implacable, como cerca de semejar a un final de fiesta chirle.<\/p>\n<p>\u00bfFue por \u201cculpa\u201d de Cristina? No. Cristina simplemente reiter\u00f3 aquello con lo que insiste hace demasiado rato y que, a juicio personal, es irrefutable.<\/p>\n<p>Como ocurri\u00f3 desde el 6 de diciembre, cuando dijo que no ser\u00eda candidata a nada de nada,\u00a0el problema ser\u00eda de los oyentes que no quieren ser escuchas,\u00a0aunque se comprenda el magnetismo que produce una personalidad semejante. Es incontrastable que nadie, absolutamente nadie, puede apasionar como ella. Sea para enamorarse o para odiarla.<\/p>\n<p>Cristina volvi\u00f3 a remarcar que no hay tut\u00eda si no se renegocia con el Fondo Monetario,\u00a0aclarado por ella misma que no se habla de no pagarle ni de dibujar versos anticapitalistas.\u00a0Volvi\u00f3 a avisar que debe \u201cabrirse la cabeza\u201d para el renacimiento de\u00a0un pacto entre el sector estatal y el privado.\u00a0Volvi\u00f3 a pedir que se restablezca un acuerdo democr\u00e1tico;\u00a0reivindic\u00f3 a Alfons\u00edn en sentido epocal;\u00a0llam\u00f3 a reemplazar \u201cenemigos\u201d por \u201cadversarios\u201d.\u00a0Y volvi\u00f3 a prevenir que con esta Corte Suprema no puede aspirarse a republicanismo alguno.<\/p>\n<p>El inconveniente de ese discurso es, por un lado, que afronta contradicciones e incertidumbres (como si pudiera existir que no las haya en cualquier dirigente de todo tiempo y lugar, y en casi cualquier circunstancia).<\/p>\n<p>Lo del FMI es la complicaci\u00f3n \u201cmenor\u201d, dentro del ahorque que significa. Como se supo o debi\u00f3 saberse desde el primer momento, esta tragedia que dej\u00f3 Macri ser\u00e1 susceptible de renegociaci\u00f3n permanente.<\/p>\n<p>El arreglo \u00bfpatri\u00f3tico? con secciones empresariales deber\u00eda ir de suyo, a menos que alguien siga creyendo en una econom\u00eda exclusivamente estatalista para aplicar desde un pa\u00eds perif\u00e9rico. Pero es veraz que los intentos de lograr esa paz de desarrollo econ\u00f3mico (digamos) chocan contra la negativa de las corporaciones.\u00a0\u00bfQuiz\u00e1 porque los intentos no fueron bien conducidos?<\/p>\n<p>La ratificaci\u00f3n del convenio democr\u00e1tico debiera ser imprescindible, cuando se viene de que quisieron asesinarla. Y siendo que la derecha oronda no pretende ganarle al peronismo, sino exterminarlo.\u00a0Pero como convocatoria, suena abstracto.<\/p>\n<p>Y el dicho de que, con esta Corte, es in\u00fatil arremeter contra un poder judicial siquiera menos aristocr\u00e1tico, resulta tan indesmentible como la lectura que lamentablemente lograron instalar: a ella s\u00f3lo le preocupa su situaci\u00f3n personal, no ir presa, que no le toquen a su familia.<\/p>\n<p>Entonces: ni renegociar con el FMI, ni buscar acuerdos con el sector privado, ni re-acordar un pacto democr\u00e1tico, ni reformar la Justicia o la Corte, son ingredientes de atracci\u00f3n popular.\u00a0Por las dudas: no se dice que no sean reclamos justos. S\u00ed se dice que\u00a0no alcanzan, tal como est\u00e1n formulados, a fines de despertar un entusiasmo de lucha.<\/p>\n<p>Para reconquistar apoyo popular, aparece m\u00e1s efectivo que, ahora y no para cuando haya un programa de gobierno, se tome alguna medida de ejemplificaci\u00f3n concreta.<\/p>\n<p>La Plaza, ergo, se retir\u00f3 desconcertada\u00a0por culpa de la realidad realmente existente que CFK describi\u00f3, con su brillantez de oradora extraordinaria, mucho m\u00e1s all\u00e1 de los errores que le correspondan o que pudieran adjudic\u00e1rsele.<\/p>\n<p>Se trata de las condiciones objetivas. De la coyuntura pol\u00edtica. De un presente que amenaza con proyecciones fascistoides y donde\u00a0resistir (para lo cual hay reservas poderosas, como lo demostr\u00f3 la Plaza) asoma m\u00e1s probable que construir.<\/p>\n<p>Entre data y conjeturas, hay para hacer dulce.<\/p>\n<p>\u00bfSergio Massa es el candidato a aguardar si es que le va bien en la China y con sus jugadas para que el Fondo desembolse d\u00f3lares, a costa de devaluar o de volver a revolearla a la tribuna, y pese a que el \u00edndice inflacionario amenaza con no parar de subir?<\/p>\n<p>\u00bfSe persistir\u00eda con que Axel Kicillof se \u201csacrifique\u201d en la nacional con la que no quiere saber nada, y vaya si se merece quedarse en La Provincia que lo muestra con una gesti\u00f3n encomiable?<\/p>\n<p>\u00bfEs Wado de Pedro como candidato K pero hacia el centro, que es a lo que Cristina est\u00e1 llamando mientras la minor\u00eda intensa y conmovedora sigue exigi\u00e9ndole combatividad hacia izquierda?<\/p>\n<p>\u00bfY con qui\u00e9n (se) articular\u00eda Wado, o Kicillof, para expresar \u201cs\u00edntesis\u201d de competitividad electoral?<\/p>\n<p>Posiblemente, es cuesti\u00f3n de que la propia Cristina est\u00e1 en duda y no de que hacia el \u00faltimo instante legal se reserva un factor sorpresa.<\/p>\n<p>La impresi\u00f3n es que un pedazo o pedacito de la moneda est\u00e1 en el aire, hasta que se compruebe c\u00f3mo le ir\u00e1 a Massa en el tablero internacional.\u00a0O c\u00f3mo en el tablero \u00e9se se resuelve si le sueltan la mano a la Argentina, u optan por descartar otro despelote en un lugar de la regi\u00f3n que no es ni menor ni decisivo.<\/p>\n<p>Van otras preguntas, a prop\u00f3sito de inc\u00f3gnitas sobre con qui\u00e9nes se podr\u00eda acumular para ofrecer desde el peronismo\/kirchnerismo\/progresismo una alternativa ganadora. O consistente. O decorosa.<\/p>\n<p>\u00bfY si fuera que, adem\u00e1s de ponerle nombre a las candidaturas, y visto que es cosa de recrear alianzas con franjas productivas, se trata de nominar a (y proceder con) esos actores?<\/p>\n<p>\u00bfQui\u00e9nes son?<\/p>\n<p>\u00bfSon empresas medianas, e incluso grandes, ligadas al mercado interno, apartadas de la gauchocracia de econom\u00eda primarizada y exportadora de commodities del agro? \u00bfSon industriales que deber\u00edan estar aterrorizados con la sola perspectiva de que vuelva Macri, en formas larret\u00edsticas, bullrichistas o de un lun\u00e1tico del que no importa en primer t\u00e9rmino cu\u00e1ntos votos terminar\u00e1 captando, sino el modo en que fija una agenda delirante?<\/p>\n<p>\u00bfNo ser\u00e1 que es m\u00e1s preciso y eficaz exhibir ese arco de alianzas probables, en reemplazo de apuntes sobre cosas ya sabidas o asumidas por quienes las usan para adherir o repudiar?<\/p>\n<p>S\u00f3lo son preguntas. Pueden ser incompletas e insuficientes. Pero dif\u00edcilmente no sean v\u00e1lidas.<\/p>\n<p>Por Eduardo Aliverti<\/p>\n<h6>Fuente: P\u00e1gina 12<\/h6>\n","protected":false},"excerpt":{"rendered":"<p>El an\u00e1lisis del acto en la Plaza podr\u00eda dividirse en por lo menos dos partes: las seguridades sobre el hecho que se produjo, y las dudas acerca de c\u00f3mo seguir\u00e1 lo electoral del oficialismo.<\/p>\n","protected":false},"author":2,"featured_media":136467,"comment_status":"closed","ping_status":"closed","sticky":false,"template":"","format":"standard","meta":{"footnotes":""},"categories":[6],"tags":[21],"class_list":["post-136466","post","type-post","status-publish","format-standard","has-post-thumbnail","hentry","category-opiniones","tag-argentina"],"_links":{"self":[{"href":"http:\/\/argentinamunicipal.com.ar\/argentina\/wp-json\/wp\/v2\/posts\/136466","targetHints":{"allow":["GET"]}}],"collection":[{"href":"http:\/\/argentinamunicipal.com.ar\/argentina\/wp-json\/wp\/v2\/posts"}],"about":[{"href":"http:\/\/argentinamunicipal.com.ar\/argentina\/wp-json\/wp\/v2\/types\/post"}],"author":[{"embeddable":true,"href":"http:\/\/argentinamunicipal.com.ar\/argentina\/wp-json\/wp\/v2\/users\/2"}],"replies":[{"embeddable":true,"href":"http:\/\/argentinamunicipal.com.ar\/argentina\/wp-json\/wp\/v2\/comments?post=136466"}],"version-history":[{"count":0,"href":"http:\/\/argentinamunicipal.com.ar\/argentina\/wp-json\/wp\/v2\/posts\/136466\/revisions"}],"wp:featuredmedia":[{"embeddable":true,"href":"http:\/\/argentinamunicipal.com.ar\/argentina\/wp-json\/wp\/v2\/media\/136467"}],"wp:attachment":[{"href":"http:\/\/argentinamunicipal.com.ar\/argentina\/wp-json\/wp\/v2\/media?parent=136466"}],"wp:term":[{"taxonomy":"category","embeddable":true,"href":"http:\/\/argentinamunicipal.com.ar\/argentina\/wp-json\/wp\/v2\/categories?post=136466"},{"taxonomy":"post_tag","embeddable":true,"href":"http:\/\/argentinamunicipal.com.ar\/argentina\/wp-json\/wp\/v2\/tags?post=136466"}],"curies":[{"name":"wp","href":"https:\/\/api.w.org\/{rel}","templated":true}]}}