{"id":136675,"date":"2023-06-02T05:47:35","date_gmt":"2023-06-02T08:47:35","guid":{"rendered":"http:\/\/argentinamunicipal.com.ar\/argentina\/?p=136675"},"modified":"2023-06-01T17:52:54","modified_gmt":"2023-06-01T20:52:54","slug":"en-santa-fe-hay-26-nuevas-familias-que-no-pueden-pagar-el-alquiler-y-duermen-en-la-calle","status":"publish","type":"post","link":"http:\/\/argentinamunicipal.com.ar\/argentina\/en-santa-fe-hay-26-nuevas-familias-que-no-pueden-pagar-el-alquiler-y-duermen-en-la-calle\/","title":{"rendered":"En Santa Fe hay 26 nuevas familias que no pueden pagar el alquiler y duermen en la calle"},"content":{"rendered":"<p>La mayor\u00eda fueron desalojados. 12 de estas personas tienen trabajo y a\u00fan as\u00ed no les alcanza para alquilar un techo. En el \u00faltimo a\u00f1o, son 221 las personas que duermen en la calle en la ciudad. El drama de ser los nuevos pobres.<br \/>\nCeremonia. Pese al desamparo, este muchacho tiende su cama para dormir en la calle. Cr\u00e9dito: Manuel Fabat\u00eda<\/p>\n<p>No se sabe si cen\u00f3, ni qu\u00e9 comi\u00f3, ni d\u00f3nde o c\u00f3mo lo hizo. Lo que se sabe es que no se mir\u00f3 al espejo. Tampoco se higieniz\u00f3. Y esta noche no se quitar\u00e1 la ropa para dormir. Sin embargo el muchacho tiende la cama. Un colch\u00f3n gastado y roto sobre la vereda, bajo la garita de un comercio enrejado que al otro lado del cristal ofrece en su vidriera art\u00edculos tecnol\u00f3gicos. Las luces iluminar\u00e1n su silueta hasta el amanecer. Pero ahora el muchacho lleva a cabo silenciosa su ceremonia \u00edntima. Alza el brazo y estira la s\u00e1bana, la acomoda. Tiende su cama. M\u00e1s tarde se tapar\u00e1 con una cobija para aguantar a la intemperie hasta el nuevo d\u00eda. \u00bfSe quitar\u00e1 la gorrita? \u00bfQu\u00e9 sue\u00f1os lo acompa\u00f1ar\u00e1n? Hasta ma\u00f1ana.<\/p>\n<p>Una recorrida nocturna por la ciudad de Santa Fe deja postales que duelen. Hay gran cantidad de gente durmiendo en la calle. Hay desamparo. Y uno de los lugares m\u00e1s concurridos en busca de refugio es la Terminal de \u00d3mnibus. Lo mismo ocurre en otras ciudades. La crisis pega duro. Y muy duro en los que menos tienen.<\/p>\n<p>Es esta misma crisis econ\u00f3mica la que en los \u00faltimos meses dej\u00f3 en la calle a 26 nuevas familias que ya no pueden pagar el alquiler de las viviendas que habitaban y hoy duermen a la intemperie o al reparo que encuentren cada noche. Una loter\u00eda. De ese total, 12 personas tienen trabajo y ni as\u00ed pueden afrontar los elevados costos de un alquiler. Mientras que 20 personas reciben alg\u00fan tipo de ingreso (AUH, pensi\u00f3n por discapacidad, programa Potenciar). Pero a ninguno les alcanza para un techo. Pasaron a formar parte de un universo m\u00e1s grande que en total asciende a 130 personas que cada noche deambulan en busca de un amparo y duermen en la calle. Duermen como pueden. Son los que viven en el margen. Son los que algunos se atreven a decir que le sobran al hostil sistema. Son el rostro en el espejo de la cara m\u00e1s violenta generada por esta sociedad.<\/p>\n<p>Los datos son actuales y surgen del relevamiento que realiza a diario la Municipalidad de Santa Fe en el marco del programa de asistencia permanente de la gente en situaci\u00f3n de calle. \u00abLa de esta gente es una situaci\u00f3n nueva y es muy preocupante\u00bb, dice la secretaria de Pol\u00edticas de Cuidado y Acci\u00f3n Social municipal, Soledad Artigas. \u00abEs un fen\u00f3meno muy reciente, que comenz\u00f3 en noviembre del a\u00f1o pasado y que no hab\u00edamos tenido antes -detalla-. Vamos a ver para d\u00f3nde deriva, porque son personas de clase media que han tenido trabajo hasta hace muy poco tiempo, o que tienen hoy trabajo formal o informal, pero que no les alcanza para pagar un alquiler, y han quedado en la calle porque los han desalojado\u00bb.<\/p>\n<p><strong>Vivir en la calle<\/strong><br \/>\nDe ese relevamiento municipal se desprende tambi\u00e9n que durante el \u00faltimo a\u00f1o fueron 221 las personas que cada noche durmieron en la calle. \u00abEso no quiere decir que estas mismas 221 personas estuvieron todas las noches en situaci\u00f3n de calle\u00bb, aclara Artigas. \u00abEl n\u00famero es fluctuante, var\u00eda bastante\u00bb. Lo cierto es que de ese total, la gran mayor\u00eda son varones de entre 27 y 59 a\u00f1os (ver gr\u00e1fico). \u00abEn el \u00faltimo a\u00f1o atendimos a 26 mujeres\u00bb, apunta la funcionaria, \u00aby la mayor\u00eda de estos casos no son situaciones estructurales de calle\u00bb.<\/p>\n<p><strong>Hay ni\u00f1as y ni\u00f1os, \u00bflos tienen relevados?<\/strong><br \/>\n-En este momento tenemos relevada s\u00f3lo una familia con ni\u00f1os que duermen algunas noches por L\u00f3pez y Planes, en las adyacencias del club Uni\u00f3n, y les estamos brindando asistencia.<\/p>\n<p><strong>Asistencia<\/strong><br \/>\nEquipos de asistentes municipales salen cada noche a brindarles algo caliente a los desamparados. Una frazada, un caf\u00e9 o los invitan a ir a los refugios preparados especialmente para pasar la noche bajo un techo en una cama caliente, en medio de este fr\u00edo oto\u00f1al que pronto ser\u00e1 m\u00e1s fr\u00edo, ser\u00e1 invierno.<\/p>\n<p>El fen\u00f3meno de la gente en situaci\u00f3n de calle hist\u00f3ricamente tuvo que ver con un problema \u00abestructural, de personas que est\u00e1n en la calle desde hace m\u00e1s de un a\u00f1o, que en Santa Fe est\u00e1 conformado por un n\u00facleo duro de entre 80 a 86 personas\u00bb, describe Artigas. \u00abEs gente que hace a\u00f1os est\u00e1 en la calle y es dif\u00edcil lograr modificar esa conducta, vinculada a padecimientos, mucha pobreza, vulneraci\u00f3n de derechos, consumos problem\u00e1ticos y conflictos familiares\u00bb.<\/p>\n<p>A esta poblaci\u00f3n de gente que est\u00e1 desde hace a\u00f1os en situaci\u00f3n de calle se les suma ahora a los nuevos pobres que se quedaron sin un techo. \u00abSon personas que fueron desalojadas por no poder pagar m\u00e1s los alquileres\u00bb, insiste Artigas, \u00abpor la crisis econ\u00f3mica, la inflaci\u00f3n, y los aumentos de los costos\u00bb, enumera. \u00abY esto genera un crecimiento exponencial en la cantidad de gente con esta problem\u00e1tica\u00bb, alerta.<\/p>\n<p><strong>Terminal<\/strong><br \/>\nMuchos de estos nuevos pobres que duermen en la calle buscan cada noche un refugio en los rincones de la Terminal de \u00d3mnibus, adentro del edificio o junto a las d\u00e1rsenas de arribo de los micros, bajo el techo. \u00abLa mayor\u00eda de estas personas duermen en la Terminal y al otro d\u00eda se levantan y van a su trabajo\u00bb, dice Artigas, que cuenta con esta informaci\u00f3n tras el relevamiento que realizaron los equipos de su \u00e1rea municipal. \u00abY vuelven a la tardecita a instalarse nuevamente\u00bb, cuenta la funcionaria sobre un fen\u00f3meno que \u00abes muy nuevo, que el a\u00f1o pasado no exist\u00eda y que comenz\u00f3 a notarse cada vez m\u00e1s\u00bb.<\/p>\n<p>Los fr\u00edos n\u00fameros del Indec tienen rostros. De acuerdo a las \u00faltimas cifras dadas a conocer hace dos meses, en el Gran Santa Fe hay 215 mil personas bajo la l\u00ednea de pobreza. Y el \u00fanico ingreso de esas personas son los $50 mil de las asignaciones y programas sociales.<\/p>\n<p><strong>-\u00bfQu\u00e9 tiene al alcance el Municipio para ayudar a esta gente en situaci\u00f3n de calle?<\/strong><br \/>\n-En el caso de las situaciones estructurales de calle, las personas ya est\u00e1n habituadas a utilizar los paradores nocturnos. Sobre todo ahora que vino el fr\u00edo. Se utilizan bastante durante todo el invierno.<\/p>\n<p>La Municipalidad cuenta con un parador para varones y otro para mujeres. Adem\u00e1s, tiene convenios con distintas instituciones de la ciudad para poder alojar a m\u00e1s personas en sus paradores particulares.<\/p>\n<p>A esto se le suma la asistencia alimentaria durante todo el a\u00f1o. \u00abSe reparten unas 180 viandas diarias\u00bb, detalla Artigas.<\/p>\n<p><strong>Acompa\u00f1amiento<\/strong><br \/>\nEn el caso de la gente comprendida en este nuevo fen\u00f3meno, la gente que desde fin de a\u00f1o pas\u00f3 a dormir en la calle por no poder pagar un alquiler, \u00abson casos complejos\u00bb, dice Artigas. \u00abSon familias que tienen otras estrategias y reciben otro tipo de acompa\u00f1amiento\u00bb.<\/p>\n<p>\u00abEstas personas no se vuelven estructurales de calle\u00bb, explica la funcionaria municipal. \u00abIniciamos procesos de acompa\u00f1amiento y ayuda del Estado, y vemos que as\u00ed logran restablecerse. No logran alquilar la casa que ten\u00edan antes pero quiz\u00e1 s\u00ed pueden llegar a alquilar una pensi\u00f3n de forma temporal para estar mejor y cuidar su salud\u00bb.<\/p>\n<p>Una vez resuelto el techo, la Municipalidad acompa\u00f1a a estas personas \u00aben el proceso de b\u00fasqueda de un nuevo trabajo u otra salida econ\u00f3mica\u00bb, dice Artigas. \u00abEs un fen\u00f3meno muy reciente y veremos c\u00f3mo evoluciona.<\/p>\n<p>Entendemos que se puede llegar a agravar, porque aun con un sueldo hoy en d\u00eda es muy dif\u00edcil poder alquilar\u00bb, advierte, y cuenta: \u00abHemos acompa\u00f1ado a personas que a\u00fan con un recibo de sueldo fueron desalojadas por no poder pagar\u00bb.<\/p>\n<h6>Fuente: El Litoral<\/h6>\n","protected":false},"excerpt":{"rendered":"<p>La mayor\u00eda fueron desalojados. 12 de estas personas tienen trabajo y a\u00fan as\u00ed no les alcanza para alquilar un techo. En el \u00faltimo a\u00f1o, son 221 las personas que duermen en la calle en la ciudad.<\/p>\n","protected":false},"author":2,"featured_media":136676,"comment_status":"closed","ping_status":"closed","sticky":false,"template":"","format":"standard","meta":{"footnotes":""},"categories":[2],"tags":[10],"class_list":["post-136675","post","type-post","status-publish","format-standard","has-post-thumbnail","hentry","category-informe-municipal","tag-santa-fe"],"_links":{"self":[{"href":"http:\/\/argentinamunicipal.com.ar\/argentina\/wp-json\/wp\/v2\/posts\/136675","targetHints":{"allow":["GET"]}}],"collection":[{"href":"http:\/\/argentinamunicipal.com.ar\/argentina\/wp-json\/wp\/v2\/posts"}],"about":[{"href":"http:\/\/argentinamunicipal.com.ar\/argentina\/wp-json\/wp\/v2\/types\/post"}],"author":[{"embeddable":true,"href":"http:\/\/argentinamunicipal.com.ar\/argentina\/wp-json\/wp\/v2\/users\/2"}],"replies":[{"embeddable":true,"href":"http:\/\/argentinamunicipal.com.ar\/argentina\/wp-json\/wp\/v2\/comments?post=136675"}],"version-history":[{"count":0,"href":"http:\/\/argentinamunicipal.com.ar\/argentina\/wp-json\/wp\/v2\/posts\/136675\/revisions"}],"wp:featuredmedia":[{"embeddable":true,"href":"http:\/\/argentinamunicipal.com.ar\/argentina\/wp-json\/wp\/v2\/media\/136676"}],"wp:attachment":[{"href":"http:\/\/argentinamunicipal.com.ar\/argentina\/wp-json\/wp\/v2\/media?parent=136675"}],"wp:term":[{"taxonomy":"category","embeddable":true,"href":"http:\/\/argentinamunicipal.com.ar\/argentina\/wp-json\/wp\/v2\/categories?post=136675"},{"taxonomy":"post_tag","embeddable":true,"href":"http:\/\/argentinamunicipal.com.ar\/argentina\/wp-json\/wp\/v2\/tags?post=136675"}],"curies":[{"name":"wp","href":"https:\/\/api.w.org\/{rel}","templated":true}]}}