{"id":136681,"date":"2023-06-02T04:55:16","date_gmt":"2023-06-02T07:55:16","guid":{"rendered":"http:\/\/argentinamunicipal.com.ar\/argentina\/?p=136681"},"modified":"2023-06-01T17:59:20","modified_gmt":"2023-06-01T20:59:20","slug":"nacion-pago-el-anticipo-y-llego-el-alivio-a-la-obra-del-monumento-a-la-bandera","status":"publish","type":"post","link":"http:\/\/argentinamunicipal.com.ar\/argentina\/nacion-pago-el-anticipo-y-llego-el-alivio-a-la-obra-del-monumento-a-la-bandera\/","title":{"rendered":"Naci\u00f3n pag\u00f3 el anticipo y lleg\u00f3 el alivio a la obra del Monumento a la Bandera"},"content":{"rendered":"<p>La empresa Dyscon SA ratific\u00f3 la continuidad de los trabajos y record\u00f3 que \u00abnunca se pararon\u00bb. Ahora se avanza en un informe del relevamiento de los bajorrelieves iniciado semanas atr\u00e1s<\/p>\n<p>La demora en el pago de un anticipo por parte del Ministerio de Obras P\u00fablicas de la Naci\u00f3n tuvo en vilo en las \u00faltimas dos semanas a las esperadas obras en el Monumento Nacional a la Bandera, que comenzaron en abril pasado. La confirmaci\u00f3n este mi\u00e9rcoles del desembolso por parte del gobierno central del dinero reclamado por la empresa Dyscon SA para que los trabajos tomen buen ritmo y se sostengan, sin riesgo de ralentizarse, trajo finalmente alivio a una situaci\u00f3n que era de tensi\u00f3n. \u00abNosotros nos comprometimos a esperar sin frenar los trabajos y Naci\u00f3n a pagar y as\u00ed fue, se cumplieron los compromisos\u00bb, dijeron a\u00a0La Capital\u00a0desde la empresa adjudicataria.<\/p>\n<p>Desde el arranque de los trabajos a finales de abril y tras el derrotero que el proyecto hab\u00eda tenido durante la gesti\u00f3n nacional de Mauricio Macri, la restauraci\u00f3n del Monumento no dej\u00f3 de estar nunca en la mira. La semana pasada, circul\u00f3 informaci\u00f3n period\u00edstica que dio cuenta de que Dyscon ten\u00eda la decisi\u00f3n tomada y comunicada al gobierno nacional de paralizar la obra ante la falta de pago.<\/p>\n<p>Si bien desde la empresa indicaron que \u00abnunca se decidi\u00f3 frenar la obra\u00bb, s\u00ed admitieron que desde el inicio de los trabajos Naci\u00f3n a\u00fan no hab\u00eda concretado ning\u00fan pago, ni siquiera un anticipo que hab\u00eda prometido. Es m\u00e1s, la obra ya hab\u00eda sido inspeccionada por la Direcci\u00f3n Nacional de Arquitectura, pero el dinero no hab\u00eda llegado.<\/p>\n<p>As\u00ed y todo, la Dyscon reconoci\u00f3 en todo momento \u00abla buena voluntad y predisposici\u00f3n\u00bb de las partes e incluso se\u00f1al\u00f3 un compromiso de pago previsto para la previa del feriado extra largo del 25 de mayo. Aunque eso no se concret\u00f3, la firma decidi\u00f3 esperar incluso una semana m\u00e1s y el desembolso se concret\u00f3 durante la tarde del mi\u00e9rcoles.<\/p>\n<p>Aunque el compromiso previo del Ministerio de Obras P\u00fablicas de la Naci\u00f3n exist\u00eda y hab\u00eda sido se\u00f1alado en varias oportunidades, no dejaron de apuntar las gestiones de dos rosarinos con responsabilidades en el \u00f3rbita nacional: los ministros de Transporte de la Naci\u00f3n, Diego Giuliano, y el jefe de Gabinete y precandidato a presidente de la Naci\u00f3n, Agust\u00edn Rossi.<\/p>\n<p><strong>La primera inspecci\u00f3n<\/strong><br \/>\nA poco de iniciados los trabajos, en la segunda semana de mayo, la directora de Servicios de Ejecuci\u00f3n de Proyectos del Ministerio de Obras P\u00fablicas de la Naci\u00f3n, Mariana Quiroga, realiz\u00f3 la primera inspecci\u00f3n de la obra.<\/p>\n<p>En ese momento, la funcionaria recalc\u00f3 que de las \u00abm\u00e1s de 150 obras en todo el pa\u00eds vinculadas a la infraestructura patrimonial\u201d que lleva adelante el ministerio, \u201cuna de las m\u00e1s importantes es la que se est\u00e1 realizando en Rosario\u201d.<\/p>\n<p>Junto a Quiroga, inspeccionaron los trabajos la coordinadora de obras de Conservaci\u00f3n y Patrimonio, Flavia Rinaldi; la asesora t\u00e9cnica en obras de conservaci\u00f3n y restauraci\u00f3n, Laura Basterrechea, e inspectores.<\/p>\n<p>En los d\u00edas subsiguientes, los trabajos avanzaron en el desarme de una \u00e1nfora ubicada el Propileo, para evaluar su estructura y determinar las acciones de restauraci\u00f3n necesarias. Seg\u00fan detallaron los especialistas de la constructora, se desarmaron las piezas \u00abpara realizar una evaluaci\u00f3n exhaustiva de cada una y precisar cu\u00e1l es su estado\u00bb. Con eso, el siguiente paso es la determinaci\u00f3n de cu\u00e1les ser\u00e1n las tareas de restauraci\u00f3n pertinentes.<\/p>\n<p><strong>Un relevamiento exhaustivo<\/strong><br \/>\nPasados mediados de mayo, adem\u00e1s, se comenz\u00f3 a llevar adelante un relevamiento y registro fotogr\u00e1fico de dos de lo puntos m\u00e1s importantes puntos del Monumento, que son los altorrelieves y bajorrelieves en los laterales del atrio: Oc\u00e9ano Atl\u00e1ntico y R\u00edo Paran\u00e1.<\/p>\n<p>Por esos d\u00edas, la arquitecta Carolina de Luise, integrante de los equipos, explic\u00f3 \u00aba partir de una serie de fotograf\u00edas que se van tomando, a trav\u00e9s de un proceso que se hace usando un programa espec\u00edfico, se unen esas im\u00e1genes y se pueden generar im\u00e1genes en t3D, \u00e1reas, para despu\u00e9s poder hacer un an\u00e1lisis m\u00e1s preciso de las patolog\u00edas\u201d.<\/p>\n<p>Ahora esas im\u00e1genes est\u00e1n siendo procesadas en un informe que permitir\u00e1 establecer cu\u00e1les ser\u00e1n los criterios de intervenci\u00f3n, a partir de lo hecho: registro fotogr\u00e1fico del estado previo, un plano de las patolog\u00edas reveladas, una ficha con propuestas de intervenci\u00f3n y un plano de intervenci\u00f3n.<\/p>\n<h6>Fuente: La Capital<\/h6>\n","protected":false},"excerpt":{"rendered":"<p>La empresa Dyscon SA ratific\u00f3 la continuidad de los trabajos y record\u00f3 que \u00abnunca se pararon\u00bb. Ahora se avanza en un informe del relevamiento de los bajorrelieves iniciado semanas atr\u00e1s<\/p>\n","protected":false},"author":2,"featured_media":136682,"comment_status":"closed","ping_status":"closed","sticky":false,"template":"","format":"standard","meta":{"footnotes":""},"categories":[2],"tags":[10],"class_list":["post-136681","post","type-post","status-publish","format-standard","has-post-thumbnail","hentry","category-informe-municipal","tag-santa-fe"],"_links":{"self":[{"href":"http:\/\/argentinamunicipal.com.ar\/argentina\/wp-json\/wp\/v2\/posts\/136681","targetHints":{"allow":["GET"]}}],"collection":[{"href":"http:\/\/argentinamunicipal.com.ar\/argentina\/wp-json\/wp\/v2\/posts"}],"about":[{"href":"http:\/\/argentinamunicipal.com.ar\/argentina\/wp-json\/wp\/v2\/types\/post"}],"author":[{"embeddable":true,"href":"http:\/\/argentinamunicipal.com.ar\/argentina\/wp-json\/wp\/v2\/users\/2"}],"replies":[{"embeddable":true,"href":"http:\/\/argentinamunicipal.com.ar\/argentina\/wp-json\/wp\/v2\/comments?post=136681"}],"version-history":[{"count":0,"href":"http:\/\/argentinamunicipal.com.ar\/argentina\/wp-json\/wp\/v2\/posts\/136681\/revisions"}],"wp:featuredmedia":[{"embeddable":true,"href":"http:\/\/argentinamunicipal.com.ar\/argentina\/wp-json\/wp\/v2\/media\/136682"}],"wp:attachment":[{"href":"http:\/\/argentinamunicipal.com.ar\/argentina\/wp-json\/wp\/v2\/media?parent=136681"}],"wp:term":[{"taxonomy":"category","embeddable":true,"href":"http:\/\/argentinamunicipal.com.ar\/argentina\/wp-json\/wp\/v2\/categories?post=136681"},{"taxonomy":"post_tag","embeddable":true,"href":"http:\/\/argentinamunicipal.com.ar\/argentina\/wp-json\/wp\/v2\/tags?post=136681"}],"curies":[{"name":"wp","href":"https:\/\/api.w.org\/{rel}","templated":true}]}}