{"id":136697,"date":"2023-06-05T05:23:50","date_gmt":"2023-06-05T08:23:50","guid":{"rendered":"http:\/\/argentinamunicipal.com.ar\/argentina\/?p=136697"},"modified":"2023-06-02T06:26:02","modified_gmt":"2023-06-02T09:26:02","slug":"la-terminal-de-cipolletti-tambien-muestra-el-drama-de-los-sin-techo","status":"publish","type":"post","link":"http:\/\/argentinamunicipal.com.ar\/argentina\/la-terminal-de-cipolletti-tambien-muestra-el-drama-de-los-sin-techo\/","title":{"rendered":"La Terminal de Cipolletti tambi\u00e9n muestra el drama de los \u00absin techo\u00bb"},"content":{"rendered":"<p>Sorprende la cantidad de j\u00f3venes en esa situaci\u00f3n alarmante en esa ciudad. Por qu\u00e9 no hay un refugio permanente, las opciones que brinda la Municipalidad.<\/p>\n<p>Ya no es solo Benito, el vecino que duerme hace a\u00f1os en la v\u00eda p\u00fablica y por distintos motivos se neg\u00f3 a recibir ayuda. El n\u00famero de personas en situaci\u00f3n de calle en Cipolletti se incrementa de manera preocupante y lo que lamentablemente disminuye es el promedio de edad de los \u00absin techo\u00bb.<\/p>\n<p>Mientras un nuevo y crudo invierno se aproxima y\u00a0la ciudad carece de un refugio concreto para albergarlos, la secretaria de Desarrollo Humano y Promoci\u00f3n Comunitaria, Viviana Pereira estim\u00f3 en \u00ab19 o 20\u00bb la cantidad de hombres que pasan la noche a la intemperie revel\u00f3 el nuevo perfil de estos y a la vez explic\u00f3 c\u00f3mo act\u00faa la Municipalidad en esos casos. Tambi\u00e9n se refiri\u00f3 al proyecto integral que est\u00e1n delineando y que \u00abir\u00e1 mucho m\u00e1s all\u00e1 del pernocte\u00bb.<\/p>\n<p>\u00abEste a\u00f1o al fr\u00edo se suma la delicada situaci\u00f3n social y econ\u00f3mica del pa\u00eds y por eso se ha acrecentado la cifra. Antes eran hombres mayores de 50, hoy tambi\u00e9n hay j\u00f3venes, de 25, de 30 a\u00f1os, la mayor\u00eda con consumos problem\u00e1ticos, otros que han cumplido condena y no se han podido reinsertar o bien personas expulsadas por violencia o conflictos familiares\u00bb, precis\u00f3 la funcionaria en declaraciones a LM Cipolletti.<\/p>\n<p>Claro que en esa triste tendencia tambi\u00e9n juega un papel importante la gente que arriba desde otros destinos, \u00abfundamentalmente del Norte\u00bb, con \u00abpropuestas de trabajo y cuando llegan aqu\u00ed no son tales o porque vienen a buscar otro futuro en Cipolletti. Aseguran que aun viviendo en la calle estar\u00edan mejor que en sus ciudades\u00bb, confi\u00f3 Pereira.<\/p>\n<p><strong>Las opciones que brinda La Muni<\/strong><br \/>\nFrente a ese delicado escenario y en cu\u00e1nto a las respuestas de la Municipalidad, explic\u00f3 que \u00abun modo de intervenci\u00f3n r\u00e1pida es a trav\u00e9s de la guardia, que funciona llamando al 109, adem\u00e1s de las cl\u00e1sicas recorridas\u00bb.<\/p>\n<p>\u00abUna vez que se detecta un caso, nuestro personal se acerca, vemos la situaci\u00f3n y en primera instancia tratamos la posibilidad de encontrar a su familia. A veces logramos hacer la revinculaci\u00f3n, otras no se puede\u00bb, indic\u00f3.<\/p>\n<p>\u00abA los hist\u00f3ricos que siguen viviendo en la calle por decisi\u00f3n propia los acompa\u00f1amos, vemos c\u00f3mo le podemos llevar alimentos, atender su salud, el tema de la documentaci\u00f3n\u00bb, puntualiz\u00f3.<\/p>\n<p>En ese sentido, inform\u00f3 que el a\u00f1o pasado se conform\u00f3 una \u00abRed de Contingencia\u00bb junto a \u00abla Universidad del Comahue, la Iglesia y otras entidades y organizaciones barriales\u00bb para atender esta problem\u00e1tica.<\/p>\n<p>\u00abEl pernocte es una de las cosas y ofrecemos soluciones provisorias, pero m\u00e1s all\u00e1. Remar, una organizaci\u00f3n religiosa que trabaja con adicciones nos asiste y se llevan gente a dormir, tambi\u00e9n la organizaci\u00f3n de Lila Calder\u00f3n, Dignidad Rebelde, disponemos de un Hotel que tenemos v\u00ednculo ante eventualidades\u00bb, asegur\u00f3. Y dej\u00f3 en claro que \u00aba los 19 o 20 que hoy duermen en la calle, de los que tenemos sus datos, les brindamos estas alternativas&#8230;\u00bb.<\/p>\n<p><strong>El proyecto integral<\/strong><br \/>\nOtra de las cuestiones en que hizo hincapi\u00e9 Pereira es en el \u00abproyecto integral\u00bb que se est\u00e1 elaborando, a la vez que anticip\u00f3 que el Concejo Deliberante va a adherir a la \u00abley provincial de personas en situaci\u00f3n de calles, la 5614\u00bb.<\/p>\n<p>Respecto al alcance de la iniciativa local, dijo: \u00abCreemos que si bien la urgencia en el invierno es buscar el lugar donde estas personas duerman, el proyecto consiste en un trabajo m\u00e1s profundo, en intentar mejorarle la calidad de vida. Estamos reuni\u00e9ndonos con la Universidad, Iglesias, la Pastoral Evang\u00e9lica, convocando a gente, voluntarios con formaci\u00f3n o acompa\u00f1amiento, sumado a Dignidad Rebelde y scouts y la idea es analizar sus perfiles y ofrecerles, una vez que nos ganemos su confianza, algo m\u00e1s que un lugar donde pasar la noche, que vaya desde la salud a reencausarlos en lo social y, si se puede, laboralmente\u00bb.<\/p>\n<p>La funcionaria explic\u00f3 que por lo pronto cuentan con \u00abespacios o alternativas\u00bb que vendr\u00edan a reemplazar al refugio, todos recintos atendidos por \u00abpersonas especializadas en la materia\u00bb, aunque no descart\u00f3 de ser necesario recurrir a un \u00ablugar permanente\u00bb.<\/p>\n<p><strong>El seguimiento a los \u00abcallejeros\u00bb<\/strong><br \/>\nPereira record\u00f3 que todo depende de la \u00abvoluntad\u00bb de las personas a la hora de aceptar la asistencia o continuar en situaci\u00f3n de calle.<\/p>\n<p>\u00abAflojan cuando est\u00e1n con un problema de salud. Algunos no hay forma, aunque igual se les da comida, abrigo y se hace un seguimiento cuando no lo vemos en sus lugares habituales\u00bb, culmin\u00f3.<\/p>\n<p>Los hay en la Terminal, en las plazas, en las puertas de las iglesias. Cada vez son m\u00e1s y m\u00e1s j\u00f3venes los que duermen en la v\u00eda p\u00fablica expuestos a las bajas temperaturas. Preocupante.<\/p>\n<h6>Fuente: La Ma\u00f1ana Neuqu\u00e9n<\/h6>\n","protected":false},"excerpt":{"rendered":"<p>Sorprende la cantidad de j\u00f3venes en esa situaci\u00f3n alarmante en esa ciudad. Por qu\u00e9 no hay un refugio permanente, las opciones que brinda la Municipalidad.<br \/>\n\u00a0<\/p>\n","protected":false},"author":2,"featured_media":136698,"comment_status":"closed","ping_status":"closed","sticky":false,"template":"","format":"standard","meta":{"footnotes":""},"categories":[2],"tags":[11],"class_list":["post-136697","post","type-post","status-publish","format-standard","has-post-thumbnail","hentry","category-informe-municipal","tag-rio-negro"],"_links":{"self":[{"href":"http:\/\/argentinamunicipal.com.ar\/argentina\/wp-json\/wp\/v2\/posts\/136697","targetHints":{"allow":["GET"]}}],"collection":[{"href":"http:\/\/argentinamunicipal.com.ar\/argentina\/wp-json\/wp\/v2\/posts"}],"about":[{"href":"http:\/\/argentinamunicipal.com.ar\/argentina\/wp-json\/wp\/v2\/types\/post"}],"author":[{"embeddable":true,"href":"http:\/\/argentinamunicipal.com.ar\/argentina\/wp-json\/wp\/v2\/users\/2"}],"replies":[{"embeddable":true,"href":"http:\/\/argentinamunicipal.com.ar\/argentina\/wp-json\/wp\/v2\/comments?post=136697"}],"version-history":[{"count":0,"href":"http:\/\/argentinamunicipal.com.ar\/argentina\/wp-json\/wp\/v2\/posts\/136697\/revisions"}],"wp:featuredmedia":[{"embeddable":true,"href":"http:\/\/argentinamunicipal.com.ar\/argentina\/wp-json\/wp\/v2\/media\/136698"}],"wp:attachment":[{"href":"http:\/\/argentinamunicipal.com.ar\/argentina\/wp-json\/wp\/v2\/media?parent=136697"}],"wp:term":[{"taxonomy":"category","embeddable":true,"href":"http:\/\/argentinamunicipal.com.ar\/argentina\/wp-json\/wp\/v2\/categories?post=136697"},{"taxonomy":"post_tag","embeddable":true,"href":"http:\/\/argentinamunicipal.com.ar\/argentina\/wp-json\/wp\/v2\/tags?post=136697"}],"curies":[{"name":"wp","href":"https:\/\/api.w.org\/{rel}","templated":true}]}}