{"id":136749,"date":"2023-06-05T05:24:44","date_gmt":"2023-06-05T08:24:44","guid":{"rendered":"http:\/\/argentinamunicipal.com.ar\/argentina\/?p=136749"},"modified":"2023-06-05T06:27:06","modified_gmt":"2023-06-05T09:27:06","slug":"rafaela-sera-sede-del-congreso-internacional-de-la-bicicleta","status":"publish","type":"post","link":"http:\/\/argentinamunicipal.com.ar\/argentina\/rafaela-sera-sede-del-congreso-internacional-de-la-bicicleta\/","title":{"rendered":"Rafaela ser\u00e1 sede del Congreso Internacional de la Bicicleta"},"content":{"rendered":"<p>Ser\u00e1 el 15 de junio de manera presencial, y al d\u00eda siguiente con modalidad virtual. El eje central ser\u00e1 la Movilidad Activa<\/p>\n<p>La ciudad de\u00a0Rafaela\u00a0ser\u00e1 sede el\u00a015 y 16 de este mes\u00a0del\u00a04\u00ba Congreso Internacional de la Bicicleta, un evento organizado en esta instancia por el\u00a0Ministerio de Ambiente y Cambio Clim\u00e1tico de la provincia, la\u00a0Municipalidad\u00a0de esa ciudad cabecera del departamento Castellanos y el\u00a0Instituto de Desarrollo Sustentable, junto con la\u00a0ONG Plataforma de Sustentabilidad Integral.<\/p>\n<p>La actividad se desarrollar\u00e1 bajo modalidad\u00a0h\u00edbrida: ser\u00e1\u00a0presencial el jueves 15\u00a0de junio en Rafaela y\u00a0virtual\u00a0el\u00a0viernes 16. Se har\u00e1 en forma coordinada con Plataforma de Sustentabilidad Integral, una organizaci\u00f3n que busca ser un espacio de encuentro y participaci\u00f3n de actores y sectores diversos para reflexionar sobre la\u00a0Movilidad Activa\u00a0en territorio como acci\u00f3n clim\u00e1tica.<\/p>\n<p>El 4to Congreso Internacional de la Bicicleta es gratuito y contar\u00e1 con reconocidos expositores internacionales y nacionales, quienes abordar\u00e1n la tem\u00e1tica de la movilidad como un aspecto fundamental en el desarrollo sostenible de las ciudades. El evento se encuentra dirigido a personas interesadas en la tem\u00e1tica a nivel nacional y provincial: grupos de ciclismo, emprendedores, empresas, ciclistas, estudiantes, y p\u00fablico en general.<\/p>\n<p><strong>Valor para la provincia<\/strong><br \/>\nRespecto de la actividad, la\u00a0ministra de Ambiente y Cambio Clim\u00e1tico, Erika Gonnet, record\u00f3 que en la actual gesti\u00f3n de gobierno se cre\u00f3 el\u00a0\u00e1rea de Movilidad Activa, y que se viene \u00abimpulsando este tema como una pol\u00edtica de\u00a0acci\u00f3n clim\u00e1tica concreta. Estamos realizando capacitaciones, talleres de cicloreparaci\u00f3n, jornadas de educaci\u00f3n ambiental y entrega de bicicletas y equipamiento para adultos e infancias, siempre de forma articulada con municipios, comunas, organizaciones e instituciones educativas, teniendo en cuenta la realidad de cada territorio\u201d, agreg\u00f3. Y concluy\u00f3: \u201cCreo que este Congreso es una nueva oportunidad para seguir poniendo a la provincia en lo m\u00e1s alto en materia ambiental\u201d.<\/p>\n<p>Sobre Rafaela como sede, el\u00a0intendente Luis Castellano\u00a0se\u00f1al\u00f3: \u201cVenimos hablando de Rafaela como una ciudad\u00a0reconocida por sus eventos, y esta es otra oportunidad para que la visiten y conozcan. En la ciudad hace tiempo venimos trabajando para\u00a0potenciar el uso de veh\u00edculos que cuiden el ambiente, no s\u00f3lo con la promoci\u00f3n sino tambi\u00e9n con normativas y obras. Pero, adem\u00e1s, esta oportunidad surge en el marco del trabajo articulado que venimos desarrollando con el gobierno de la provincia y la intenci\u00f3n de todos por\u00a0fortalecer las acciones vinculadas con la movilidad activa y sustentable\u201d.<\/p>\n<p>Por su parte,\u00a0Guillermo Liverotti\u00a0de la\u00a0Plataforma Sustentabilidad Integral\u00a0y creador de\u00a0Combici, destac\u00f3: \u201cEn esta edici\u00f3n nuevamente contaremos con ponentes reconocidos de primer nivel de pa\u00edses y ciudades l\u00edderes en movilidad como\u00a0Colombia,\u00a0Espa\u00f1a,\u00a0Pa\u00edses bajos,\u00a0Per\u00fa,\u00a0Uruguay, las ciudades de\u00a0Buenos Aires\u00a0y\u00a0C\u00f3rdoba, y excelentes ponentes de la\u00a0provincia de Santa Fe\u00a0que tambi\u00e9n est\u00e1 trabajando muy bien en la movilidad sustentable y acciones de mejoras para el cambio clim\u00e1tico, convirti\u00e9ndose en una de las provincias l\u00edderes en Argentina. Confiamos que al igual que a\u00f1os anteriores tendremos miles de participantes\u00bb. Adem\u00e1s, agreg\u00f3: \u201cEstamos muy contentos de que una\u00a0ciudad l\u00edder en movilidad sustentable como Rafaela, sea la organizadora\u00a0presencial de este evento internacional, que ya en su cuarta edici\u00f3n se volvi\u00f3 en uno de los eventos m\u00e1s importantes de latinoam\u00e9rica para el resto del mundo\u201d.<\/p>\n<p><strong>Sobre el congreso<\/strong><br \/>\nLa \u00abmovilidad activa\u00bb ser\u00e1 el tema principal de las jornadas, considerando\u00a0tres ejes\u00a0fundamentales: \u00abInfancias, personas mayores, personas gestantes y ciclismo urbano\u00bb; \u00abvulnerabilidad social y calidad del espacio p\u00fablico\u00bb, e \u00abinclusi\u00f3n y accesibilidad\u00bb. Los ejes se dan en el contexto de programas y pol\u00edticas de desarrollo de la bicicleta, como modo de transporte sostenible y de acciones, pr\u00e1cticas y medios para promover su uso. Y tambi\u00e9n de los\u00a0Objetivos para el Desarrollo Sostenible\u00a0propuestos por la\u00a0Organizaci\u00f3n de las Naciones Unidas.<\/p>\n<p>El Combici 2023 busca reflexionar sobre la Movilidad Activa en territorio como acci\u00f3n clim\u00e1tica, teniendo presente que el uso de la bicicleta como modo de transporte reduce la contaminaci\u00f3n y mejora la calidad de vida. Pero tambi\u00e9n quiere ser un espacio de encuentro y participaci\u00f3n de actores y sectores diversos, para repensar el uso equitativo del espacio p\u00fablico.<\/p>\n<p>Durante las jornadas se contar\u00e1 con actividades gratuitas, interactivas y abiertas al p\u00fablico en general: recorridos virtuales en bicicleta por la ciudad, juegos para las infancias, stands de emprendimientos vinculados a la movilidad, recorridos virtuales y feria de productos sustentables. Entre los expositores principales se encuentran:\u00a0Andrea Guti\u00e9rrez\u00a0(Argentina),\u00a0Lucas Galak\u00a0(Argentina),\u00a0Marce Buti\u00e9rrez\u00a0(Argentina),\u00a0Jimena P\u00e9rez Marcheta\u00a0(Argentina), entre otros.<\/p>\n<p>Participar\u00e1n adem\u00e1s representantes de localidades y comunas de toda la provincia, compartiendo experiencias de trabajo en torno al tema de la movilidad activa y talleres interactivos.<\/p>\n<p>Todos aquellos que est\u00e9n interesados en participar del evento, deber\u00e1n inscribirse por formulario virtual:\u00a0http:\/\/t.ly\/mmPh. Para consultas e informaci\u00f3n sobre el encuentro, pueden escribir a\u00a0combicirafaela2023@gmail.com\u00a0o llamar al (03492) 504579.<\/p>\n<p><strong>Historia<\/strong><br \/>\nCombici es una iniciativa dirigida a todas aquellas personas que desean\u00a0ciudades con mejor movilidad urbana, donde la bicicleta, la caminata y el uso de los medios de transportes p\u00fablicos sean considerados como parte integral de la movilidad en la ciudad, creando alianzas y conociendo las distintas acciones que se realizan en el mundo.<\/p>\n<p>Este evento, que durante tres a\u00f1os consecutivos se hizo de forma virtual, se realizar\u00e1\u00a0por primera vez de manera presencial.<\/p>\n<p>La edici\u00f3n tambi\u00e9n incluir\u00e1 una jornada virtual el d\u00eda viernes 16 de junio a trav\u00e9s de la plataforma\u00a0http:\/\/www.combici.org, convocando expositores y experiencias de todo el mundo, que estar\u00e1 a cargo de la ONG Plataforma de Sustentabilidad Integral.<\/p>\n<p>Plataforma de Sustentabilidad Integral es una ONG que trabaja desde el 2015 en red con instituciones sociales, p\u00fablicas y privadas en formar ciudadanos responsables y comprometidos con el medio ambiente y la comunidad. Entre sus acciones se encuentra la realizaci\u00f3n de este congreso, que en su historia\u00a0convoc\u00f3 a m\u00e1s de 50 disertantes de 14 pa\u00edses distintos.<\/p>\n<h6>Fuente: La Capital<\/h6>\n","protected":false},"excerpt":{"rendered":"<p>Ser\u00e1 el 15 de junio de manera presencial, y al d\u00eda siguiente con modalidad virtual. El eje central ser\u00e1 la Movilidad Activa<\/p>\n","protected":false},"author":2,"featured_media":136750,"comment_status":"closed","ping_status":"closed","sticky":false,"template":"","format":"standard","meta":{"footnotes":""},"categories":[2],"tags":[10],"class_list":["post-136749","post","type-post","status-publish","format-standard","has-post-thumbnail","hentry","category-informe-municipal","tag-santa-fe"],"_links":{"self":[{"href":"http:\/\/argentinamunicipal.com.ar\/argentina\/wp-json\/wp\/v2\/posts\/136749","targetHints":{"allow":["GET"]}}],"collection":[{"href":"http:\/\/argentinamunicipal.com.ar\/argentina\/wp-json\/wp\/v2\/posts"}],"about":[{"href":"http:\/\/argentinamunicipal.com.ar\/argentina\/wp-json\/wp\/v2\/types\/post"}],"author":[{"embeddable":true,"href":"http:\/\/argentinamunicipal.com.ar\/argentina\/wp-json\/wp\/v2\/users\/2"}],"replies":[{"embeddable":true,"href":"http:\/\/argentinamunicipal.com.ar\/argentina\/wp-json\/wp\/v2\/comments?post=136749"}],"version-history":[{"count":0,"href":"http:\/\/argentinamunicipal.com.ar\/argentina\/wp-json\/wp\/v2\/posts\/136749\/revisions"}],"wp:featuredmedia":[{"embeddable":true,"href":"http:\/\/argentinamunicipal.com.ar\/argentina\/wp-json\/wp\/v2\/media\/136750"}],"wp:attachment":[{"href":"http:\/\/argentinamunicipal.com.ar\/argentina\/wp-json\/wp\/v2\/media?parent=136749"}],"wp:term":[{"taxonomy":"category","embeddable":true,"href":"http:\/\/argentinamunicipal.com.ar\/argentina\/wp-json\/wp\/v2\/categories?post=136749"},{"taxonomy":"post_tag","embeddable":true,"href":"http:\/\/argentinamunicipal.com.ar\/argentina\/wp-json\/wp\/v2\/tags?post=136749"}],"curies":[{"name":"wp","href":"https:\/\/api.w.org\/{rel}","templated":true}]}}