{"id":136912,"date":"2023-06-08T06:06:17","date_gmt":"2023-06-08T09:06:17","guid":{"rendered":"http:\/\/argentinamunicipal.com.ar\/argentina\/?p=136912"},"modified":"2023-06-08T06:06:17","modified_gmt":"2023-06-08T09:06:17","slug":"las-claves-de-10-precandidatos-para-arrebatarle-la-intendencia-de-mendoza-a-ulpiano-suarez-y-su-carta-para-retenerla","status":"publish","type":"post","link":"http:\/\/argentinamunicipal.com.ar\/argentina\/las-claves-de-10-precandidatos-para-arrebatarle-la-intendencia-de-mendoza-a-ulpiano-suarez-y-su-carta-para-retenerla\/","title":{"rendered":"Las claves de 10 precandidatos para arrebatarle la intendencia de Mendoza a Ulpiano Suarez y su carta para retenerla"},"content":{"rendered":"<p>El actual intendente es el precandidato de Rodolfo Suarez y Alfredo Cornejo. El radicalismo lleva 40 a\u00f1os comandando la Municipalidad de la Ciudad de Mendoza<\/p>\n<p>El destino de\u00a0Ulpiano Suarez\u00a0y otros 10 precandidatos a intendente estar\u00e1 en manos de unos 100.000 electores. Son ellos los que tienen el poder para aprobar por mayor\u00eda la gesti\u00f3n actual y renovarle el voto de confianza por cuatro a\u00f1os m\u00e1s o forzar un cambio de rumbo dando, quiz\u00e1s, una de las sorpresas m\u00e1s grandes en las\u00a0elecciones 2023.<\/p>\n<p>Son 40 a\u00f1os los que el radicalismo lleva gobernando la Ciudad de Mendoza y pareciera que este no es el a\u00f1o para que aquel camino se tuerza. Sin embargo, desde la heterog\u00e9nea oposici\u00f3n concuerdan en un diagn\u00f3stico: la Capital se ve dormida, vieja y colapsada.<\/p>\n<p>Tambi\u00e9n, claro, apuntan a las diferencias que asoman entre lo que llaman la Ciudad del Oeste con la Ciudad del Este. Y se muestran confiados. Est\u00e1n seguros de que la mayor\u00eda de los vecinos no est\u00e1n conformes con la actual gesti\u00f3n y es a ese sector al que apuntan con sus propuestas de cambio.<\/p>\n<p>Ulpiano Suarez\u00a0no opina lo mismo y, por el contrario, en esa\u00a0doble tarea de gobernar y buscar la reelecci\u00f3n\u00a0se apoya en su gesti\u00f3n como carta de presentaci\u00f3n para la campa\u00f1a electoral.<\/p>\n<p><strong>Ulpiano Suarez: \u00abSi la macro se ordena, la Ciudad tendr\u00e1 un boom de crecimiento\u00bb<\/strong><br \/>\nCon un micr\u00f3fono en mano o en una simple charla con vecinos,\u00a0Ulpiano Suarez\u00a0puede nadar como un pez en el agua contando qu\u00e9 hizo hasta ahora por la Ciudad de Mendoza y qu\u00e9 es lo que falta por hacer. Como precandidato a intendente tiene en relaci\u00f3n a sus competidores esa ventaja de ser el jefe actual de la comuna por lo que en la cabeza tiene fresco todos los proyectos y acciones que se han llevado a cabo en los \u00faltimos 3 a\u00f1os y medio.<\/p>\n<p>Sabe que tiene una doble responsabilidad p\u00fablica durante estos meses de campa\u00f1a:\u00a0gestionar y ser la cara de la propuesta dentro de su espacio.\u00a0Pero tambi\u00e9n sabe que no puede descuidar ninguno de los dos objetivos porque van de la mano.<\/p>\n<p>Aunque dice no aferrarse a eso, no deja de recordar que atravesamos una pandemia. \u00abVivimos momentos complicados y estuvimos cerca. Gestionamos la salud, el comercio y el bienestar\u00bb, refiere Suarez. Como toda Ciudad grande, buena parte se paraliz\u00f3 pero \u00abhoy tenemos m\u00e1s de 1.100 comercios nuevos en el microcentro, en Ar\u00edstides y en Juan B. Justo: la recuperaci\u00f3n fue muy r\u00e1pida\u00bb.<\/p>\n<p>Platea una Ciudad basada en tres ejes:\u00a0inclusi\u00f3n, desarrollo econ\u00f3mico y cuidado del medio ambiente. \u00abEl norte es una ciudad sostenible\u00bb, dice.<\/p>\n<p>Pero bajando a tierra y hablando en concreto de las dificultades que le toca atravesar a la Capital de Mendoza, Ulpiano Suarez marca un punto que se conecta con la campa\u00f1a provincial de Cornejo:\u00a0\u00abSi la macroeconom\u00eda se ordena, la Ciudad tendr\u00e1 un boom de crecimiento porque est\u00e1n dadas las condiciones\u00bb. Lo que falta -dice en consecuencia- \u00abes inversi\u00f3n privada\u00bb.<\/p>\n<p>\u00abHay una transformaci\u00f3n que impulsamos con programas de reactivaci\u00f3n urbana pensado para inmuebles como galpones, playas de estacionamientos, casas de adobe. Ah\u00ed est\u00e1n los terrenos que necesitamos. Creamos tambi\u00e9n un programa de beneficios fiscales para quienes adquieran nuevos comercios y unidades habitacionales. Nosotros dejamos la Ciudad con luminaria y asfalto y cuando se reactive la macro los inversores van a venir a comprarnos\u00bb, profundiza en la idea en ese &#8216;dejar lista la Ciudad para&#8217;.<\/p>\n<p>Claro, es una\u00a0ciudad con m\u00e1s de 122.000 habitantes pero una densidad de 2.274,81 ciudadanos por kil\u00f3metro cuadrado\u00a0y adem\u00e1s, de lunes a viernes esas cifras se alteran por el ingreso de mendocinos que van a trabajar, a estudiar o a entretenerse a la capital.<\/p>\n<p>\u00abPrestamos servicios al triple de nuestra poblaci\u00f3n\u00bb, explica Suarez y hace un llamado a la Provincia, que hoy gobierna tambi\u00e9n el radicalismo, poniendo el ojo en la\u00a0coparticipaci\u00f3n que recibe la Ciudad de Mendoza y reconociendo falencias en el sistema de transporte p\u00fablico: \u00abNo depende de nosotros pero podemos mejorarlo para que sea una alternativa. Eso requiere una articulaci\u00f3n, visi\u00f3n metropolitana y es un problema del Gran Mendoza; es una agenda del Unicipio de ac\u00e1 a 10 a\u00f1os\u00bb.<\/p>\n<p>Es entonces cuando el tema del\u00a0estacionamiento\u00a0aparece en la charla: \u00abPara el proyecto de la playa subterr\u00e1nea no hubo inversores.\u00a0Estamos analizando la ordenanza para ver si con un cambio en la macro podemos generar un anillo de estacionamiento alrededor de la Ciudad que se conecte con el uso de transporte multimodal\u00bb.<\/p>\n<p>La educaci\u00f3n, la formaci\u00f3n de nuevos empleos y la seguridad son tres puntos que Suarez destaca de su gesti\u00f3n y buscar\u00e1 profundizar si es reelecto: \u00abHemos puesto luminarias orientadas a las veredas, despu\u00e9s de un relevamiento que hicimos caminando de noche por la Ciudad\u00bb. Esa acci\u00f3n se complement\u00f3 con operativos de poda y la instalaci\u00f3n de 100 nuevas c\u00e1maras.<\/p>\n<p>\u00abSomos el \u00fanico Municipio con programas en materia de seguridad ciudadana\u00bb, dice con orgullo tambi\u00e9n.<\/p>\n<p>Sabiendo de esas diferencias entre un sector y otro que la oposici\u00f3n le marca, en lo que se enfoca en estos meses de gobierno y en los que podr\u00edan llegar a venir es en\u00a0\u00abconcluir la urbanizaci\u00f3n en La Favorita para que no quede un solo lugar sin servicios b\u00e1sicos en la capital\u00a0y evitar nuevos asentamientos en el piedemonte para poder garantizar esos servicios\u00bb.<\/p>\n<p>\u00abCuando Rodolfo Suarez fue intendente se trabaj\u00f3 mucho en el hard y nosotros apuntamos al soft.\u00a0Con matices hay reglas claras cada 4 a\u00f1os\u00bb, resalta.\u00a0\u00abSi la macro se ordena, volamos\u00bb, reitera parafraseando a Cornejo.<\/p>\n<p><strong>Carlos Moyano, el precandidato de Luis Petri en la interna de Cambia Mendoza<\/strong><br \/>\nToda una vida en la Ciudad de Mendoza lo ha llevado a ser s\u00faper cr\u00edtico:\u00a0\u00abHa perdido el atractivo y est\u00e1 frenada\u00bb.<\/p>\n<p>Es abogado y emprendedor, por lo que conoce desde adentro las dificultades no solo como vecino sino tambi\u00e9n como trabajador en el distrito: \u00abSi uno quiere invertir en la Ciudad,\u00a0por poco te piden un an\u00e1lisis de sangre. Hay que desburocratizarla\u00bb.<\/p>\n<p>Apoya su precandidatura a intendente en la de Luis Petri a gobernador. Se conocen hace a\u00f1os, fueron compa\u00f1eros en la facultad y le reconoce haber mantenido una l\u00ednea en sus ideas.<\/p>\n<p>\u00abLa problem\u00e1tica principal que plantean los vecinos es la inflaci\u00f3n y llenar la heladera\u00bb, dice con visi\u00f3n nacional pero, expresa, \u00abla seguridad s\u00ed es un tema en el que la Municipalidad puede trabajar con la Provincia\u00bb.<\/p>\n<p>Lo que falta, dice, es ajustar nada m\u00e1s y nada menos que lo b\u00e1sico: \u00abEl\u00a0alumbrado, la desratizaci\u00f3n, la limpieza y la colocaci\u00f3n de c\u00e1maras\u00a0de seguridad\u00bb.<\/p>\n<p>\u00abFaltan cloacas y estacionamiento cuando terrenos hay. Lo que pasa es que\u00a0hay que atraer a los inversores, no espantarlos\u00bb, dice justamente para contraponer aquello que expresa el actual intendente sobre la falta de inversiones.<\/p>\n<p>\u00abEl centro es administrativo- bancario. Est\u00e1 colapsado hasta las 13 pero despu\u00e9s es un desierto.\u00a0No somos un atractivo\u00bb, diagnostica y pone el foco en las cuestiones que hay que reever: la falta de estacionamiento y flexibilizar los tr\u00e1mites.<\/p>\n<p>\u00abNo hay un plan solo shows y maratones\u00bb<\/p>\n<p>\u00abLas acequias est\u00e1n sucias y las ciclov\u00edas se usan poco porque no hay una campa\u00f1a para incentivar el uso de la bicicleta. Como viene la plata de arriba para hacerlas, entorpecemos el tr\u00e1nsito\u00bb, lo que no hay es un plan en la Ciudad de Mendoza.<\/p>\n<p><strong>Las mirada cr\u00edtica de las cuatro propuestas del peronismo<\/strong><br \/>\nGisela Lamberti, licenciada en Ciencias Pol\u00edticas,\u00a0lidera la lista del kirchnerismo en la Ciudad. Una lista que en la que resalta como positivo que \u00abcuenta con muchos j\u00f3venes con los que trabajamos hace a\u00f1os juntos\u00bb.<\/p>\n<p>\u00abLa estructura que tenemos es una de nuestras fortalezas. Tenemos muchos referentes territoriales\u00bb, dice.<\/p>\n<p>Para Lamberti, \u00abel modelo en la Ciudad est\u00e1 agotado: llega a triplicar a Guaymall\u00e9n en recursos y no ha podido solucionar problemas cotidianos. Hay una diferencia marcada entre el Este y el Oeste y se ha dejado de garantizar servicios b\u00e1sicos como seguridad, transporte p\u00fablico eficiente o agua potable por falta de voluntad pol\u00edtica\u00bb.<\/p>\n<p>A lo que apunta es clave: \u00abCambiar el orden de prioridades en la Ciudad de Mendoza.\u00a0No basta con el embellecimiento de las plazas\u00bb.<\/p>\n<p>Y basa su propuesta en cinco puntos trascendentales, siempre en sinton\u00eda con lo que Omar Parisi, su precandidato a gobernador, plantea para la Provincia: \u00abEn el municipio tambi\u00e9n se pondera la revoluci\u00f3n de la vivienda.\u00a0Proponemos dar cr\u00e9ditos municipales para reparaci\u00f3n, refacci\u00f3n y ampliaci\u00f3n de vivienda\u00bb.<\/p>\n<p>Si hay algo que Lamberti tiene es claridad a la hora de explicar qu\u00e9 es lo que busca: \u00abEn Seguridad, duplicar el presupuesto en\u00a0destacamentos, c\u00e1maras y preventores; en Salud, como los reclamos sobre los centros de salud municipales son constantes, proponemos la\u00a0creaci\u00f3n de un microhospital\u00a0de d\u00eda con guardia nocturna\u00bb.<\/p>\n<p>\u00abEl cuarto punto es la sostenibilidad, especialmente en lo que refiere al\u00a0cuidado del agua. El 40% de las redes de la Ciudad de Mendoza son viejas y desde la Municipalidad se puede colaborar con recursos para repararlas. Tambi\u00e9n debemos tecnificar el riego de los espacios p\u00fablicos porque hoy se desperdicia agua regando a manto o con camiones\u00bb.<\/p>\n<p>Y el quinto punto clave es la\u00a0suba de salarios, hecho que cree que se puede dar si, como advirti\u00f3, se reordenan las prioridades del Municipio porque recursos hay: \u00abHoy un clase A o B sin adicionales cobra $40.000\u00bb.<\/p>\n<p>Carina Farah\u00a0es candidata por primera vez. Tiene 48 a\u00f1os, es docente y\u00a0economista\u00a0con visi\u00f3n particular en la econom\u00eda feminista.<\/p>\n<p>\u00abSer una candidata mujer en Capital es disrruptivo y eso atrae a que las mujeres se acerquen a plantear los problemas que advierten, como la falta de poda y la desratizaci\u00f3n\u00bb, dice la\u00a0representante de la lista de Guillermo Carmona.<\/p>\n<p>Plantea primero cu\u00e1les son esas dificultades o falencias: \u00abLa Ciudad est\u00e1 invadida de ratas, faltan centros de salud de los barrios para atender las emergencias, y las frecuencias de los micros son irregulares en los barrios del Oeste\u00bb.<\/p>\n<p>\u00abLos centros de salud est\u00e1n de adorno, con infraestructura pero vac\u00edos\u00bb, agrega y marca un punto especial en lo que se quiere enfocar: \u00abLas tasas son alt\u00edsimas y no se les devuelve a los vecinos en un Estado m\u00e1s presente que brinde servicios b\u00e1sicos a todos\u00bb.<\/p>\n<p>\u00bfPor qu\u00e9 no se da? \u00abCreo que el gobierno radical, que tuvo una impronta muy marcada con el Vity Fayad que le cambi\u00f3 la cara a la Ciudad, pas\u00f3 a tener desde entonces una\u00a0pol\u00edtica de maquillaje\u00bb, dice y lo explica con un ejemplo sencillo: \u00abHacemos plazas con playones deportivos pero sin pelotas o un profe\u00bb.<\/p>\n<p>\u00abSe focaliza el gasto del Estado en la zona m\u00e1s tur\u00edstica pero a los vecinos que viven en la zona perif\u00e9rica no les llegan. Hay plazas con mal declive o que se siguen regando por manto\u00bb, ejemplifica.<\/p>\n<p>\u00abHay recursos pero est\u00e1n mal gestionados\u00bb, dice Farah coincidiendo con la visi\u00f3n que marcaba su competidora en la interna.<\/p>\n<p>\u00abNo creo en un Estado m\u00e1s chico sino en uno mejor gestionado\u00bb<\/p>\n<p>En materia de\u00a0seguridad, aquello que pondera Suarez es cuestionado por Farah: \u00abSe ha entrado en la l\u00f3gica de trasladarle al vecino la responsabilidad de la seguridad. Ojos en alerta te permite dar aviso al 911 pero no es su responsabilidad. Hay pocos preventores, para alguna salida de escuelas. Se circunscriben al tr\u00e1nsito pero no hacen rondines. Y a las alarmas comunitarias las pagan los vecinos cuando es un gasto que deber\u00eda la Municipalidad afrontar\u00bb.<\/p>\n<p>Otro eje en el que enfoca su propuesta tiene que ver con el\u00a0acceso a la Cultura y al Deporte. \u00abEs necesario que el municipio articule los medios para que a los chicos lleguen a estas actividades como movilizadores sociales.\u00a0Al narcotr\u00e1fico hay que sac\u00e1rselos antes de que les llegue\u00bb.<\/p>\n<p>Carlos Almenara, otro precandidato kirchnerista, busca ser intendente por la lista de Alfredo Guevara.\u00a0Tiene 54 a\u00f1os, es docente, licenciado en Adminstraci\u00f3n y comunicador.<\/p>\n<p>\u00abDesde 1983 gobierna el mismo grupo pol\u00edtico la Ciudad de Mendoza.\u00a0Hace 40 a\u00f1os, sin alternancia, con mayor\u00eda absoluta y autom\u00e1tica en el Concejo Deliberante\u00bb, grafica Almenara y se pregunta: \u00ab\u00bfQui\u00e9n controla los gastos del intendente y m\u00e1s con esta Justicia que no es muy confiable? \u00bfQui\u00e9n controla la buena administraci\u00f3n de los fondos de los vecinos?\u00bb.<\/p>\n<p><strong>El objetivo -dice- es \u00abplantar semillas de democracia y de la alternancia\u00bb.<\/strong><\/p>\n<p>\u00abNuestros recursos son limitados y hay una historia de voto en la Capital pero vemos que es bien recibido nuestro discurso y que r\u00e1pidamente el vecino se da cuenta de aquella situaci\u00f3n\u00bb, expresa.<\/p>\n<p>\u00abTambi\u00e9n vemos que estamos orgullosos de nuestra Ciudad pero que se ha deteriorado en materia de mantenimiento y de recursos\u00bb, agrega y tambi\u00e9n hace referencia a aquella intendencia de Fayad que tuvo aceptaci\u00f3n casi un\u00e1nime: \u00abDesde el Vity no hemos tenido intendentes con carisma que hayan transformado la Ciudad\u00bb.<\/p>\n<p>Como propuesta, Almenara asegura que lo que busca es \u00abhacer una ciudad abierta para todos. Tiene una zona del Oeste marginada y de Boulongne Sur Mer hacia el Este que no. Queremos que la ciudad se integre\u00bb.<\/p>\n<p>\u00abSe puede tener\u00a0wifi gratis\u00a0en la traza urbana para solucionar la vida de todos y es totalmente posible porque el territorio en s\u00ed es chico. Es una meta que no es f\u00e1cil pero s\u00ed es posible\u00bb, asegura.<\/p>\n<p>Otra de las banderas del equipo de Guevara es la apertura de\u00a0mercados populares\u00a0en los municipios con precios econ\u00f3micos de insumos b\u00e1sicos. \u00abEn esta lucha contra la inflaci\u00f3n, desde la Municipalidad se puede aportar con estos mercados permanentes y de apertura diaria para fijar los precios de referencia\u00bb.<\/p>\n<p>De los cuatro precandidatos del peronismo, tres son mujeres. La tercera de ellas es\u00a0Juana Su\u00e1rez, una representante pura de los barrios populares que va por la lista de Nicol\u00e1s Guill\u00e9n.<\/p>\n<p>Tiene 41 a\u00f1os, es madre de dos adolescentes y tiene a cargo la Secretar\u00eda de Ecologismo en el Movimiento Evita.<\/p>\n<p>\u00abEs momento de que los ciudadanos comunes nos involucremos en pol\u00edtica para ser la expresi\u00f3n de los barrios populares\u00bb, dice Su\u00e1rez, que vive en La Favorita.<\/p>\n<p>\u00abPuedo ser la expresi\u00f3n m\u00e1s pura del barrio\u00bb<\/p>\n<p>\u00abDecidimos estar en la lista para llenar esos lugares para que las decisiones sean justas.\u00a0Nos cansamos de que la pol\u00edtica tradicional nos busque solo cuando nos necesita\u00a0como mano de obra\u00bb, dice con firmeza.<\/p>\n<p>Y en ese mensaje no solo habla del radicalismo o de nuevos frentes. La frase va tambi\u00e9n apuntada al interior del peronismo:\u00a0\u00abHay compa\u00f1eros de otras listas que est\u00e1n apareciendo ahora\u00bb.<\/p>\n<p>\u00abDespu\u00e9s de las PASO nos vamos a unir todos pero desde nuestro espacio queremos romper con esta pol\u00edtica tradicional de aparecer solo ahora.\u00a0Vamos a acompa\u00f1ar al que se involucre\u00bb, avisa.<\/p>\n<p>\u00abQuienes trabajamos en los barrios, hacemos pol\u00edtica social con los vecinos con pocas herramientas. No queremos que la lapicera est\u00e9 en manos de una persona que no nos representa ni llega a los barrios\u00bb, dice.<\/p>\n<p>Y s\u00ed,\u00a0reconoce que es algo as\u00ed como \u00abla lista de los sue\u00f1os\u00bb\u00a0pero no cree que sea imposible ganar las PASO.<\/p>\n<p>Sobre la realidad de aquellos barrios a los que representa, Juana Su\u00e1rez expresa: \u00abEstamos apartados de la infraestructura, de las mejoras, no nos tienen en cuenta. Nos faltan servicios esenciales como el agua potable estando a cinco minutos del centro\u00bb.<\/p>\n<p>\u00abBuscamos que el presupuesto llegue.\u00a0No sacarle a otros sino repartirlo mejor. No hacer cuatro veces una plaza o una calle si hay que hacer una obra en el Oeste\u00bb y marca con un ejemplo extremadamente visible aquella diferencia:\u00a0\u00abNosotros tenemos plazas marrones o grises y no plazas verdes\u00bb.<\/p>\n<p><strong>El basti\u00f3n de Omar De Marchi para ganar la Ciudad de Mendoza<\/strong><br \/>\nHugo Laricchia es el \u00fanico de los dos precandidatos a intendente de la Ciudad de Mendoza que ir\u00e1 con la figura de Omar de Marchi en la boleta.\u00a0Es el ungido oficialmente.<\/p>\n<p>El empresario de 54 a\u00f1os es muy duro con la actual gesti\u00f3n de Ulpiano Suarez y asegura que \u00abla Municipalidad de la Capital est\u00e1 aburguesada producto de los 40 a\u00f1os de dominio absoluto del Ejecutivo y el Legislativo del radicalismo\u00bb.<\/p>\n<p>Ve a la Ciudad \u00abdeterior\u00e1ndose\u00bb y ejemplifica:<\/p>\n<p>\u00abEs como la casa de los abuelos que se va descarcarando\u00bb<\/p>\n<p>Para darle una vuelta de cara apunta a lo que llama el ABC de la responsabilidad municipal:\u00a0\u00abPara que sea la ciudad m\u00e1s limpia solo hay que limpiar\u00bb.<\/p>\n<p>Laricchia hace foco en algunas cuestiones que considera b\u00e1sicas y ofrece soluciones: \u00abLos shopping hoy brindan seguridad, estacionamiento y limpieza y es justamente lo que no tiene la Ciudad.\u00a0\u00bfPor qu\u00e9 no le damos a quienes cobran el estacionamiento un posnet con geolocalizaci\u00f3n, con comunicaci\u00f3n con bomberos y polic\u00edas y que pueda cobrar con QR y no con un papel impreso antiecol\u00f3gico?\u00bb<\/p>\n<p>\u00abHay que limpiar y poner preventores.\u00a0Que funcione una Muni de 24 horas para tareas de seguridad y limpieza\u00bb, dice.<\/p>\n<p>\u00abNos gobierna el heredero del heredero y est\u00e1n durmiendo la siesta con la fortuna que dej\u00f3 el Vity\u00bb<\/p>\n<p>En relaci\u00f3n a aquello, el precandidato de De Marchi asegura que tiempo atr\u00e1s \u00abla muni ten\u00eda un plan de obra y de mantenimiento pero\u00a0este indentende (NdR: Ulpiano Suarez) no hizo nada en 3 a\u00f1os y las quiso hacer todas de una vez en seis meses. Rompieron todas las calles a la vez y hay comerciantes de la calle San Juan que han tenido que cerrar\u00bb.<\/p>\n<p>\u00abLas obras se pueden hacer pero planificadas y m\u00e1s r\u00e1pido. Si es la municipalidad m\u00e1s rica del pa\u00eds, lo que hay es desidia y falta de planificaci\u00f3n\u00bb.<\/p>\n<p>Sobre\u00a0la zona Oeste, en la que muchos otros precandidatos ponen la lupa, Laricchia dice: \u00abFalta todo, no hay servicios.\u00a0Quiz\u00e1s especulan porque son pocos votos pero no puede ser que a 20 metros del centro haya calles de tierra\u00bb.<\/p>\n<p>\u00abNo proponemos cosas ex\u00f3ticas, sino que se avance pavimentando\u00bb, dice Laricchia, que se ve bien parado de cara a las elecciones:\u00a0\u00abSi Omar es gobernador, seguramente ganaremos la Ciudad\u00bb.<\/p>\n<p>Daniel Eduardo Gaido es el otro precandidato de La Uni\u00f3n Mendocina.\u00a0Se la juega sin la estructura fuerte del frente pero con el empuje de ser quien levanta la bandera por\u00a0Javier Milei.<\/p>\n<p>Es ingeniero civil, tiene una constructora y es docente. Su cercan\u00eda con los j\u00f3venes, el saber qu\u00e9 piensan y como viven es lo que lo termin\u00f3 impulsando para ser precandidato.<\/p>\n<p>\u00abNo pertenezco a la casta, nunca viv\u00ed de la pol\u00edtica ni pretendo hacerla\u00bb<\/p>\n<p>Representa al partido Libertario y, aunque reconoce que con algunas propuestas se exagera, lo que tiene en claro es que \u00aba lo mejor la locura es el pegamento para que gente muy capaz se meta y se comprometa\u00bb. Lo dice particularmente por Javier Milei, referente a nivel nacional.<\/p>\n<p>\u00abEl le\u00f3n no es el m\u00e1s r\u00e1pido ni el m\u00e1s inteligente ni el m\u00e1s fuerte pero no le tiene miedo a nada\u00bb, dice sobre el s\u00edmbolo que utiliza el precandidato a presidente.\u00a0Y s\u00ed \u00abpuede ser un loquito pero a veces hace falta uno para romper barreras; lo que hay que hacer es ayudarlo, rodearlo\u00bb.<\/p>\n<p>Puntualmente sobre la situaci\u00f3n de la Ciudad y lo que se puede pensar a futuro,\u00a0Gaido plantea cambios a largo plazo.<\/p>\n<p>\u00abTenemos una Ciudad amigable, coqueta, pero se debe transformar.\u00a0Lo que se ha hecho es mantenimiento y es lo que corresponde pero le falta dar un gran salto.\u00a0Pasar de un pueblo grande a una ciudad importante\u00bb, expresa y ejemplifica con lo que pas\u00f3 en ciudades como Curitiba, Brasil.<\/p>\n<p>\u00abUna de las cr\u00edticas que le hago al sistema es que se hacen obras para los turistas, est\u00e1n bien pero lo primero que hay que satisfacer a las 11 secciones. Hay un mont\u00f3n de secciones postergadas en las que no se hace nada.\u00a0Hay que hacer un relevamiento completo, mirarla desde arriba, planificar y proyectar porque hay cosas que no se hacen en 4 a\u00f1os\u00bb, explica.<\/p>\n<p>\u00abHay que preparar a la ciudad del futuro con obras trascendentes, con v\u00edas por arriba, por qu\u00e9 no hacer un subte.\u00a0Hay que proyectarla y planificar de aqu\u00ed a 50 a\u00f1os\u00bb, agrega a\u00fan sabiendo que no ser\u00edan obras f\u00e1ciles de concretar.<\/p>\n<p>\u00abHoy es una cuidad colapsada, es un infierno. Es el momento de consesuar con Las Heras y Godoy Cruz y conectarla para darle agilidad\u00bb dice.<\/p>\n<p><strong>Escuchar al vecino, la premisa del Partido Verde<\/strong><br \/>\nLa escribana\u00a0Eugenia Garriga\u00a0de 47 a\u00f1os es la\u00a0precandidata del Partido Verde en la Ciudad de Mendoza. En la lista, acompa\u00f1a al precandidato a gobernador\u00a0Mario Vadillo.<\/p>\n<p>\u00abEstoy cansada de la vieja pol\u00edtica y decidimos en familia salir de la zona de confort para aportar nuestro grano de arena\u00bb, dice sobre la decisi\u00f3n de dar el salto.<\/p>\n<p>Como objetivos, plantea tres concretos: \u00abMe interesa propiciar un cambio en seguridad, en medio ambiente y quiero un hospital veterinario\u00bb.<\/p>\n<p>\u00abSomos trabajadores del \u00e1mbito privado, abogados, escribanos, contadores, comerciantes que sabemos lo que es caminar, andar por diferentes provincias y cu\u00e1les son los problemas del pa\u00eds y la Provincia. Queremos que la gente com\u00fan pueda llegar a puestos, que se escuchen nuestras voces\u00bb, dice.<\/p>\n<p>La base para ella est\u00e1 en\u00a0\u00abescuchar al vecino, planificar las obras y ejecutarlas\u00bb.<\/p>\n<p>\u00abNada de ciclov\u00edas puestas por todos lados.\u00a0Si bien adoro las ciclov\u00edas, no se pueden poner en todos lados\u00a0como pas\u00f3 con Juan B. Justo o calle Mart\u00ednez de Rozas\u00bb.<\/p>\n<p>\u00abNo se pueden poner tachas que rompan las ruedas, hay que hacer badenes o lomos de burros\u00bb, expresa volviendo a esa premisa de escuchar al ciudadano para poder planificar y hacer.<\/p>\n<p>\u00abNo queremos que nuestros hijos se vayan\u00bb, dice\u00a0y para ello, desde la Municipalidad puede aportarse para mejorar la seguridad: \u00abNecesitamos una c\u00e1mara en cada esquina, en los m\u00f3viles policiales y botones de p\u00e1nico en las paradas\u00bb.<\/p>\n<p><strong>La izquierda, con una interna fuerte pero un marco program\u00e1tico com\u00fan<\/strong><br \/>\nGerardo Uceda es el precandidato a intendente que acompa\u00f1a a Lautaro Jim\u00e9nez.<\/p>\n<p>La idea del sector era no ir a una interna. Entend\u00edan que ante \u00abla dispersi\u00f3n de Cambia Mendoza y la poca presencia del peronismo\u00bb, el Frente de Izquierda y de Trabajadores-Unidad (FIT-U) ten\u00eda que presentar lista \u00fanica, pero desde el Partido Obrero no pensaron lo mismo. El precandidato por ese sector es un empleado municipal, Andr\u00e9s Guillermo El\u00edas.<\/p>\n<p>Uceda es cardi\u00f3logo y milita hace muchos a\u00f1os en la izquierda: \u00abVemos que la Provincia, al igual que la Naci\u00f3n tienen un programa muy corrido hacia la derecha que se asent\u00faa con la vuelta de Cornejo. Se refuerza el tema represivo, reaccionario contra los trabajadores\u00bb.<\/p>\n<p>El C\u00f3digo Contravencional es una piedra en el zapato para ellos. \u00abTenemos los salarios m\u00e1s bajos y no permiten las marchas. Es una cosa tremenda\u00bb, expresa.<\/p>\n<p>\u00abTe impide hasta hacer la campa\u00f1a pol\u00edtica. No se pueden colgar carteles, no se puede estar con parlantes. Es anticonstitucional\u00bb, dice.<\/p>\n<p>\u00abTenemos una Ciudad desigual con barrios empobrecidos y trabajadores estatales debajo de la l\u00ednea de pobreza y la \u00fanica respuesta que da Ulpiano es vamos a ordenar la calle\u00bb, agrega.<\/p>\n<p>Sobre sus ideas, cuenta que\u00a0est\u00e1 \u00ababsolutamente del lado de los trabajadores\u00bb. \u00abHay que hacer un plan habitacional para que haya trabajo y vivienda\u00bb. \u00abCon los negociados para la tercerizaci\u00f3n de la recolecci\u00f3n privada de la basura, los empleados municipales se redujeron al m\u00ednimo y con salarios b\u00e1sicos\u00bb, agrega.<\/p>\n<p>Otro punto importante en el que hace foco es en la\u00a0cultura. \u00abLo que est\u00e1n tratando de favorecer desde hace a\u00f1os es la cultura del espect\u00e1culo que se paga y no hay promoci\u00f3n de artistas independientes y j\u00f3venes, de m\u00fasica y literatura.\u00a0A los artistas callejeros directamente los persiguieron\u00bb.<\/p>\n<p>\u00abNo hay salas, no hay bibliotecas, el Gabriela Mistral est\u00e1 desaprovechado.\u00a0Ten\u00e9s decenas de grupos que no pueden expresarse. Todo es pago.\u00a0Hay que cambiar la l\u00f3gica de la cultura como espect\u00e1culo\u00bb, dice Uceda.<\/p>\n<p>Andr\u00e9s Guillermo El\u00edas es la otra oferta de la izquierda (Partido Obrero) en la Ciudad.\u00a0Tiene 60 a\u00f1os y es trabajador municipal, tambi\u00e9n fue concejal de 2015 a 2019.<\/p>\n<p>\u00abCreemos que hay un gran descontento con la gesti\u00f3n actual, que viene gobernando desde el 83. No hay obras que mejoren la calidad de los vida de los vecinos, salvo al de la Ar\u00edstides. En general la infraestructura se viene deteriorando de manera impresionante\u00bb, dice coincidiendo con el diagn\u00f3stico que hicieron muchos de los precandidatos.<\/p>\n<p>Hay \u00abfalta de regularizaci\u00f3n de barrios y urbanizaci\u00f3n en la zona del oeste. La cosm\u00e9tica de arreglar veredas y plazas ya no sirve\u00bb.<\/p>\n<p>\u00abPresentamos una propuesta de gobierno con una salida desde el Partido Obrero, que tiene que ver con salud, obra p\u00fablica y el mercado com\u00fan mendocino (grandes ferias)\u00a0para combatir a fondo la inflaci\u00f3n desde el municipio y ayudar a los peque\u00f1os productores\u00bb, refiere sobre sus ejes de campa\u00f1a.<\/p>\n<p>Respecto de la obra p\u00fablica, pone el ojo en la\u00a0\u00abregularizaci\u00f3n de loteos, urbanizaci\u00f3n y construcci\u00f3n de viviendas\u00bb, ejecutadas directamente desde la Capital.<\/p>\n<p>\u00abHay gente que ha tenido que emigrar siendo que hay muchos terrenos fiscales y disponibles pero la especulaci\u00f3n inmobiliaria acaba expulsando al trabajador de la Capital\u00bb, dice.<\/p>\n<p>Sobre la salud p\u00fablica, El\u00edas plantea que \u00abes insostenible que en La Favorita, donde hay m\u00e1s de 30 barrios urbanizados m\u00e1s todo lo que crece sin urbanizaci\u00f3n, siga con una simple sala de primeros auxilios, sin ambulancia. Se requiere otra cobertura como un\u00a0microhospital\u00bb.<\/p>\n<p>La interna ser\u00e1 fuerte.\u00a0El Partido Obrero\u00a0es muy cr\u00edtico de la experiencia del Frente de Izquierda cuando tuvo la oportunidad de tener cargos legislativos\u00a0y es por ello que no quiso una lista de unidad.<\/p>\n<p>\u00abHab\u00eda concejales en casi todos los departamentos del Gran Mendoza, legisladores y ahora se qued\u00f3 sin nada. No podemos echarle la culpa al descontento, sino hacer una autocr\u00edtica y en ese sentido polemizamos con el otro sector. La izquierda no puede ser una izquierda decorativa o de denuncias, muchas veces con el mismo slogan y que sea algo nada m\u00e1s que legislativo. Tiene que ser un factor de organizaci\u00f3n social, de centros de estudiantes, de sindicatos\u00bb, dice El\u00edas.<\/p>\n<p>La referencia sobre c\u00f3mo les puede ir en las PASO es la de\u00a0Maip\u00fa, donde ganaron la interna con amplitud y pasaron el 3%.<\/p>\n<h6>Fuente: Uno<\/h6>\n","protected":false},"excerpt":{"rendered":"<p>El actual intendente es el precandidato de Rodolfo Suarez y Alfredo Cornejo. El radicalismo lleva 40 a\u00f1os comandando la Municipalidad de la Ciudad de Mendoza<\/p>\n","protected":false},"author":2,"featured_media":136913,"comment_status":"closed","ping_status":"closed","sticky":false,"template":"","format":"standard","meta":{"footnotes":""},"categories":[4],"tags":[31],"class_list":["post-136912","post","type-post","status-publish","format-standard","has-post-thumbnail","hentry","category-informe-politico","tag-mendoza"],"_links":{"self":[{"href":"http:\/\/argentinamunicipal.com.ar\/argentina\/wp-json\/wp\/v2\/posts\/136912","targetHints":{"allow":["GET"]}}],"collection":[{"href":"http:\/\/argentinamunicipal.com.ar\/argentina\/wp-json\/wp\/v2\/posts"}],"about":[{"href":"http:\/\/argentinamunicipal.com.ar\/argentina\/wp-json\/wp\/v2\/types\/post"}],"author":[{"embeddable":true,"href":"http:\/\/argentinamunicipal.com.ar\/argentina\/wp-json\/wp\/v2\/users\/2"}],"replies":[{"embeddable":true,"href":"http:\/\/argentinamunicipal.com.ar\/argentina\/wp-json\/wp\/v2\/comments?post=136912"}],"version-history":[{"count":0,"href":"http:\/\/argentinamunicipal.com.ar\/argentina\/wp-json\/wp\/v2\/posts\/136912\/revisions"}],"wp:featuredmedia":[{"embeddable":true,"href":"http:\/\/argentinamunicipal.com.ar\/argentina\/wp-json\/wp\/v2\/media\/136913"}],"wp:attachment":[{"href":"http:\/\/argentinamunicipal.com.ar\/argentina\/wp-json\/wp\/v2\/media?parent=136912"}],"wp:term":[{"taxonomy":"category","embeddable":true,"href":"http:\/\/argentinamunicipal.com.ar\/argentina\/wp-json\/wp\/v2\/categories?post=136912"},{"taxonomy":"post_tag","embeddable":true,"href":"http:\/\/argentinamunicipal.com.ar\/argentina\/wp-json\/wp\/v2\/tags?post=136912"}],"curies":[{"name":"wp","href":"https:\/\/api.w.org\/{rel}","templated":true}]}}