{"id":136915,"date":"2023-06-08T04:07:33","date_gmt":"2023-06-08T07:07:33","guid":{"rendered":"http:\/\/argentinamunicipal.com.ar\/argentina\/?p=136915"},"modified":"2023-06-08T06:17:42","modified_gmt":"2023-06-08T09:17:42","slug":"la-triste-situacion-que-atraviesa-un-importante-merendero-de-mendoza","status":"publish","type":"post","link":"http:\/\/argentinamunicipal.com.ar\/argentina\/la-triste-situacion-que-atraviesa-un-importante-merendero-de-mendoza\/","title":{"rendered":"La triste situaci\u00f3n que atraviesa un importante merendero de Mendoza"},"content":{"rendered":"<p>A pocas semanas de la llegada del invierno, Juan Villegas, encargado del comedor y merendero \u00abNi\u00f1os de Dios\u00bb, planea cerrar el lugar debido a la falta de colaboraci\u00f3n y ayudas.<\/p>\n<p>La incertidumbre se cierne sobre el futuro de un comedor y merendero que ha sido un pilar fundamental para 180 familias en necesidad. Se trata del \u00abMerendero ni\u00f1os de Dios\u00bb que ha brindado no solo alimentos, sino tambi\u00e9n un sentido de comunidad y apoyo en medio de las adversidades que las personas que asisten este lugar enfrentan diariamente.<\/p>\n<p>Con el invierno acerc\u00e1ndose r\u00e1pidamente y las bajas temperaturas amenazando, la importancia de una alimentaci\u00f3n adecuada se vuelve a\u00fan m\u00e1s cr\u00edtica. Para estas familias, muchas de ellas en situaciones de vulnerabilidad, el\u00a0merendero\u00a0ha sido una fuente confiable de sustento para sus hijos, pero eso est\u00e1 por terminar. Juan Villegas, encargado del lugar, coment\u00f3 a\u00a0MDZ\u00a0sobre esta situaci\u00f3n que puede dejar a 500 personas sin un plato de comida.<\/p>\n<p>\u00abHace ocho a\u00f1os estamos en actividad, pero hoy ha llegado una crisis que estamos atravesando y que es muy fuerte, este mi\u00e9rcoles es el tercero que tenemos que suspender la cena porque no tenemos recursos y la verdad que estamos atravesando, tiempos muy dif\u00edcil por lo que llegamos a tomar la decisi\u00f3n de cerrarlo, porque no tenemos colaboraci\u00f3n ni ayuda\u00bb, coment\u00f3 el encargado y agreg\u00f3: \u00abNos duele en el alma porque son muchas familias que se van a quedar sin un sustento, sin una ayuda, es una decisi\u00f3n que no est\u00e1 costando mucho tomarla y cerrar las puertas, la verdad es que es algo dr\u00e1stico\u00bb.<\/p>\n<p>En este sitio cada mi\u00e9rcoles se entregan cenas a los m\u00e1s necesitados y los viernes la mediatarde, pero Villegas explic\u00f3 que cada d\u00eda es m\u00e1s dif\u00edcil. \u00abAc\u00e1 vienen muchas familias que vienen a buscar un poco de ayuda y esto aument\u00f3 m\u00e1s por los tiempos tan dif\u00edciles que estamos atravesando en el pa\u00eds\u00bb, coment\u00f3.<\/p>\n<p>Este merendero se ubica en Las Heras, en el barrio Centorbis MB c14. Villegas coment\u00f3 que no han recibido ayudas por parte del estado, por lo que piden la colaboraci\u00f3n de la sociedad: \u00abLe pedimos a los mendocinos que nos ayuden con alimentos no perecederos y tambi\u00e9n frutas, verduras y cualquier alimento que les sobren para poder seguir en actividad\u00bb.<\/p>\n<p>Quienes deseen ayudar a este merendero pueden aportar tambi\u00e9n con una transferencia bancara a:<\/p>\n<p>Alias: comedo.merendero.mp.<\/p>\n<p>CVU:\u00a00000003100001022327531.<\/p>\n<p>N\u00famero telef\u00f3nico: 2615966938.<\/p>\n<p>Adem\u00e1s, coment\u00f3 que esta situaci\u00f3n la padecen la mayor\u00eda de los\u00a0merenderos\u00a0en la provincia. M\u00f3nica Lisandro Mollano tambi\u00e9n dirige un merendero y coment\u00f3 que el merendero que dirige tambi\u00e9n baraja cerrar sus puertas. \u00abSi no consigo nada de insumos no me queda de otra que cerrarlo\u00bb. Adem\u00e1s, asegur\u00f3 que desde la Municipalidad de\u00a0Las Heras\u00a0\u00abnos dicen que solo dan ayuda a los merenderos que ellos administran y por parte del gobierno nacional tampoco porque no somos una persona jur\u00eddica\u00bb.<\/p>\n<h6>Fuente: MDZ<\/h6>\n","protected":false},"excerpt":{"rendered":"<p>A pocas semanas de la llegada del invierno, Juan Villegas, encargado del comedor y merendero \u00abNi\u00f1os de Dios\u00bb, planea cerrar el lugar debido a la falta de colaboraci\u00f3n y ayudas.<\/p>\n","protected":false},"author":2,"featured_media":136916,"comment_status":"closed","ping_status":"closed","sticky":false,"template":"","format":"standard","meta":{"footnotes":""},"categories":[2],"tags":[31],"class_list":["post-136915","post","type-post","status-publish","format-standard","has-post-thumbnail","hentry","category-informe-municipal","tag-mendoza"],"_links":{"self":[{"href":"http:\/\/argentinamunicipal.com.ar\/argentina\/wp-json\/wp\/v2\/posts\/136915","targetHints":{"allow":["GET"]}}],"collection":[{"href":"http:\/\/argentinamunicipal.com.ar\/argentina\/wp-json\/wp\/v2\/posts"}],"about":[{"href":"http:\/\/argentinamunicipal.com.ar\/argentina\/wp-json\/wp\/v2\/types\/post"}],"author":[{"embeddable":true,"href":"http:\/\/argentinamunicipal.com.ar\/argentina\/wp-json\/wp\/v2\/users\/2"}],"replies":[{"embeddable":true,"href":"http:\/\/argentinamunicipal.com.ar\/argentina\/wp-json\/wp\/v2\/comments?post=136915"}],"version-history":[{"count":0,"href":"http:\/\/argentinamunicipal.com.ar\/argentina\/wp-json\/wp\/v2\/posts\/136915\/revisions"}],"wp:featuredmedia":[{"embeddable":true,"href":"http:\/\/argentinamunicipal.com.ar\/argentina\/wp-json\/wp\/v2\/media\/136916"}],"wp:attachment":[{"href":"http:\/\/argentinamunicipal.com.ar\/argentina\/wp-json\/wp\/v2\/media?parent=136915"}],"wp:term":[{"taxonomy":"category","embeddable":true,"href":"http:\/\/argentinamunicipal.com.ar\/argentina\/wp-json\/wp\/v2\/categories?post=136915"},{"taxonomy":"post_tag","embeddable":true,"href":"http:\/\/argentinamunicipal.com.ar\/argentina\/wp-json\/wp\/v2\/tags?post=136915"}],"curies":[{"name":"wp","href":"https:\/\/api.w.org\/{rel}","templated":true}]}}