{"id":137147,"date":"2023-06-16T05:04:57","date_gmt":"2023-06-16T08:04:57","guid":{"rendered":"http:\/\/argentinamunicipal.com.ar\/argentina\/?p=137147"},"modified":"2023-06-14T19:09:41","modified_gmt":"2023-06-14T22:09:41","slug":"rosario-conmemorara-el-dia-de-la-bandera-con-una-gran-fiesta-popular","status":"publish","type":"post","link":"http:\/\/argentinamunicipal.com.ar\/argentina\/rosario-conmemorara-el-dia-de-la-bandera-con-una-gran-fiesta-popular\/","title":{"rendered":"Rosario conmemorar\u00e1 el D\u00eda de la Bandera con una gran fiesta popular"},"content":{"rendered":"<p>La programaci\u00f3n se iniciar\u00e1 a las 8.30 con el tradicional izamiento. Desde las 11 habr\u00e1 espect\u00e1culos, ferias, concurso de empanadas y de asadores en la zona del Monumento.<\/p>\n<p>Rosario\u00a0organizar\u00e1 el pr\u00f3ximo martes 20 de junio,\u00a0D\u00eda de la Bandera, la tradicional\u00a0fiesta popular\u00a0con motivo de conmemorarse el\u00a0aniversario n{umero 103 del fallecimiento del general Manuel Belgrano.<\/p>\n<p>La Municipalidad de Rosario precis\u00f3 que a las\u00a08.30\u00a0se realizar\u00e1 el tradicional\u00a0izamiento de la ense\u00f1a patria\u00a0en el m\u00e1stil mayor del Monumento con la presencia de las autoridades locales, provinciales y nacionales. La entonaci\u00f3n de las estrofas de Aurora y el Himno Nacional Argentino, a cargo de Ike Parodi y Pau Soka.<\/p>\n<p>Una hora m\u00e1s tarde llegar\u00e1 el turno de una ceremonia que, no por habitual, deja de ser emocionante: alumnos y alumnas de sexto y s\u00e9ptimo grado prometer\u00e1n lealtad a la Bandera -son alumnos que debieron haberlo hecho en 2020 y 2021 pero debieron suspenderlo por la pandemia de coronavirus- en el patio c\u00edvico del Monumento.<\/p>\n<p><strong>Encuentro de asadores a la estaca<\/strong><br \/>\nUna de las atracciones de la jornada estar\u00e1 dada por el\u00a0encuentro de asadores a la estaca, que\u00a0se iniciar\u00e1 bien temprano, a las 7, y culminar\u00e1 a las 12.30.<\/p>\n<p>El certamen, que se celebra anualmente en Rosario, forma parte de un circuito local de actividades que buscan recuperar y poner en valor las tradiciones argentinas vinculadas a partir de pr\u00e1cticas como la m\u00fasica, la danza y la gastronom\u00eda.<\/p>\n<p>Una vez finalizada la entrega de premios,\u00a0a las 13, est\u00e1 previsto el expendio al p\u00fablico de costillares asados a la estaca,\u00a0muchos de ellos hechos con t\u00e9cnicas ancestrales, en un\u00a0sector del parque nacional a la bandera ubicado entre La Fluvial y las instalaciones de Telefe Rosario.<\/p>\n<p><strong>Concurso de empanadas artesanales<\/strong><br \/>\nEste a\u00f1o, la celebraci\u00f3n sumar\u00e1 una nueva propuesta cultural que tiene como objetivo invitar a la ciudadan\u00eda a\u00a0recrear la elaboraci\u00f3n de empanadas. Y habr\u00e1 para todos los gustos: criollas, de carne, de verduras y otros sabores.<\/p>\n<p>Tambi\u00e9n, como no pod\u00eda ser de otra manera,\u00a0desde las 11 se dar\u00e1 inicio a una gran fiesta popular en el Parque Nacional a la Bandera, que incluir\u00e1 bailes t\u00edpicos, dos escenarios para disfrutar diversos espect\u00e1culos; y feria de artesanos y de econom\u00eda social.<\/p>\n<p>En el escenario central se presentar\u00e1n el Dj Wayra, Kimbara, Hern\u00e1n Flores Cuarteto, Todav\u00eda Cantamos, Rosario Smowing, La Vanidosa y\u00a0el cierre a cargo del Rally Barrionuevo.<\/p>\n<p>En el escenario de folclore dir\u00e1n presente Juan Santiago, Maximiliano Bravo, Juliana Salazar y su grupo Nuevo Resplandor, Soy Malambo, Mat\u00edas Bord\u00f3n, Joana, Grupo Origen y Mario Torres y su conjunto.<\/p>\n<p>El encuentro contar\u00e1 tambi\u00e9n con un\u00a0gran patio en el que bailar\u00e1n grupos de danza y habr\u00e1 clases abiertas de zamba, gato y chacarera\u00a0del que tomar\u00e1n parte la Agrupaci\u00f3n Folkl\u00f3rica Umbral del Espacio Cultural La Trunca, Grupo Lihue Sumaj de los talleres culturales del Distrito Oeste, Agrupaci\u00f3n Arreando Sue\u00f1os, Caro Trebino, directora del Espacio Cultural La Trunca, y Dj la Glorieta Itinerante.<\/p>\n<p><strong>Las infaltables ferias<\/strong><br \/>\nTambi\u00e9n en el marco de la celebraci\u00f3n del D\u00eda de la Bandera,\u00a0emprendedores y emprendedoras de la Econom\u00eda Social ofrecer\u00e1n sus productos en el \u00e1mbito del Parque Nacional a la Bandera, de 10 a 18, en rubros de alimentos saludables (dulces, delicatessen, licores, reposter\u00eda y panificaci\u00f3n), textiles para todas las edades, objetos para la decoraci\u00f3n del hogar realizados con materiales reutilizados, accesorios de moda y plantas para la ambientaci\u00f3n del hogar.<\/p>\n<h6>Fuente: La Capital<\/h6>\n","protected":false},"excerpt":{"rendered":"<p>La programaci\u00f3n se iniciar\u00e1 a las 8.30 con el tradicional izamiento. Desde las 11 habr\u00e1 espect\u00e1culos, ferias, concurso de empanadas y de asadores en la zona del Monumento.<\/p>\n","protected":false},"author":2,"featured_media":137148,"comment_status":"closed","ping_status":"closed","sticky":false,"template":"","format":"standard","meta":{"footnotes":""},"categories":[47],"tags":[10],"class_list":["post-137147","post","type-post","status-publish","format-standard","has-post-thumbnail","hentry","category-fiestas","tag-santa-fe"],"_links":{"self":[{"href":"http:\/\/argentinamunicipal.com.ar\/argentina\/wp-json\/wp\/v2\/posts\/137147","targetHints":{"allow":["GET"]}}],"collection":[{"href":"http:\/\/argentinamunicipal.com.ar\/argentina\/wp-json\/wp\/v2\/posts"}],"about":[{"href":"http:\/\/argentinamunicipal.com.ar\/argentina\/wp-json\/wp\/v2\/types\/post"}],"author":[{"embeddable":true,"href":"http:\/\/argentinamunicipal.com.ar\/argentina\/wp-json\/wp\/v2\/users\/2"}],"replies":[{"embeddable":true,"href":"http:\/\/argentinamunicipal.com.ar\/argentina\/wp-json\/wp\/v2\/comments?post=137147"}],"version-history":[{"count":0,"href":"http:\/\/argentinamunicipal.com.ar\/argentina\/wp-json\/wp\/v2\/posts\/137147\/revisions"}],"wp:featuredmedia":[{"embeddable":true,"href":"http:\/\/argentinamunicipal.com.ar\/argentina\/wp-json\/wp\/v2\/media\/137148"}],"wp:attachment":[{"href":"http:\/\/argentinamunicipal.com.ar\/argentina\/wp-json\/wp\/v2\/media?parent=137147"}],"wp:term":[{"taxonomy":"category","embeddable":true,"href":"http:\/\/argentinamunicipal.com.ar\/argentina\/wp-json\/wp\/v2\/categories?post=137147"},{"taxonomy":"post_tag","embeddable":true,"href":"http:\/\/argentinamunicipal.com.ar\/argentina\/wp-json\/wp\/v2\/tags?post=137147"}],"curies":[{"name":"wp","href":"https:\/\/api.w.org\/{rel}","templated":true}]}}