{"id":137159,"date":"2023-06-15T05:20:11","date_gmt":"2023-06-15T08:20:11","guid":{"rendered":"http:\/\/argentinamunicipal.com.ar\/argentina\/?p=137159"},"modified":"2023-06-14T19:28:08","modified_gmt":"2023-06-14T22:28:08","slug":"los-datos-que-evidencian-la-crisis-de-empleo-en-mendoza","status":"publish","type":"post","link":"http:\/\/argentinamunicipal.com.ar\/argentina\/los-datos-que-evidencian-la-crisis-de-empleo-en-mendoza\/","title":{"rendered":"Los datos que evidencian la crisis de empleo en Mendoza"},"content":{"rendered":"<p>Seg\u00fan un informe publicado este martes, Mendoza se encuentra s\u00f3lo por encima de Tucum\u00e1n en cuanto al crecimiento del empleo privado respecto a los niveles prepandemia.<\/p>\n<p>Mendoza se encuentra -en solitario- en el tercer y pen\u00faltimo grupo de provincias en las que el empleo privado registr\u00f3 un incremento por debajo del 2% en marzo respecto a febrero del 2020, es decir, previo al aislamiento por la pandemia. Tucum\u00e1n es el \u00fanico distrito que se encuentra atr\u00e1s de la provincia ya que tuvo una variaci\u00f3n negativa del 3,73%.<\/p>\n<p>Los datos surgen\u00a0del \u00faltimo informe del Sistema Integrado Previsional Argentino (SIPA) referido a la evoluci\u00f3n del\u00a0empleo\u00a0privado registrado de marzo y en \u00e9l se revela que en 19 provincias (Catamarca, Formosa, Tierra del Fuego, La Rioja, Misiones, San Luis, Chaco, Santiago del Estero, La Pampa, R\u00edo Negro, San Juan, C\u00f3rdoba, Santa Fe, Neuqu\u00e9n, Entre R\u00edos, Corrientes y Santa Cruz, Buenos Aires y Salta) el crecimiento respecto de febrero de 2020 es mayor al 5%.<\/p>\n<p>Tras este primer grupo se encuentran aquellos lugares en los que el alza se ubic\u00f3 entre el 2% y el 5% (Jujuy, CABA y Chubut). En tercer lugar, y en solitario, est\u00e1 Mendoza (con un incremento del 1,36%) y, finalmente, Tucum\u00e1n, el \u00fanico caso con una variaci\u00f3n negativa del 3,73% en relaci\u00f3n con el mes previo a la irrupci\u00f3n de la pandemia de coronavirus en la Argentina.<\/p>\n<p>Otro de los rasgos destacados por\u00a0CEPA\u00a0es la heterogeneidad sectorial que, si bien continu\u00f3 su reducci\u00f3n, \u00abse mantiene como fen\u00f3meno espec\u00edfico luego del impacto de la pandemia\u00bb.<\/p>\n<p>Al respecto, se\u00f1al\u00f3 a diez sectores \u00abdin\u00e1micos\u00bb (con mejoras porcentuales en comparaci\u00f3n con el nivel previo a la pandemia), dos \u00aben recuperaci\u00f3n\u00bb (a\u00fan en baja respecto de febrero de 2020 pero mejor que en el piso del inicio de la pandemia) y otros dos \u00aben crisis\u00bb (peor que en las dos situaciones se\u00f1aladas).<\/p>\n<p>En el primer grupo sobresale la Construcci\u00f3n, con una mejora del 20,4% respecto de febrero de 2020, seguido por Inmobiliarias e Industrias (ambos con 8,9%), Comercio (7,9%), Miner\u00eda (7%), Turismo (5,2%), Servicios comunitarios y sociales (2,8%), Electricidad, gas y agua (2,2%), Pesca (1,8%) y Ense\u00f1anza (1,3%).<\/p>\n<p>Los sectores en recuperaci\u00f3n son Salud y Transporte, con mejoras en relaci\u00f3n con julio de 2020 (3,6% y 1,2%, respectivamente), pero por debajo de febrero de ese a\u00f1o (-1,3% y -1,2%), en tanto Agricultura y Finanzas a\u00fan muestran niveles inferiores en comparaci\u00f3n con el piso de la pandemia (-2,3% y -2,9%, respectivamente) y a la situaci\u00f3n previa a ese fen\u00f3meno (-4,1% y -4,4%).<\/p>\n<p>\u00abPara los meses siguientes es posible que parte de las heterogeneidades que ve\u00edamos hace un tiempo retornen producto de una actividad general que comienza a ceder, donde sectores como la construcci\u00f3n o turismo puedan desacelerarse y la industria recupere su posici\u00f3n de conductora del crecimiento\u00bb, pronostic\u00f3 CEPA.<\/p>\n<h6>Fuente: MDZ<\/h6>\n","protected":false},"excerpt":{"rendered":"<p>Seg\u00fan un informe publicado este martes, Mendoza se encuentra s\u00f3lo por encima de Tucum\u00e1n en cuanto al crecimiento del empleo privado respecto a los niveles prepandemia.<\/p>\n","protected":false},"author":2,"featured_media":137160,"comment_status":"closed","ping_status":"closed","sticky":false,"template":"","format":"standard","meta":{"footnotes":""},"categories":[65],"tags":[31],"class_list":["post-137159","post","type-post","status-publish","format-standard","has-post-thumbnail","hentry","category-provincias","tag-mendoza"],"_links":{"self":[{"href":"http:\/\/argentinamunicipal.com.ar\/argentina\/wp-json\/wp\/v2\/posts\/137159","targetHints":{"allow":["GET"]}}],"collection":[{"href":"http:\/\/argentinamunicipal.com.ar\/argentina\/wp-json\/wp\/v2\/posts"}],"about":[{"href":"http:\/\/argentinamunicipal.com.ar\/argentina\/wp-json\/wp\/v2\/types\/post"}],"author":[{"embeddable":true,"href":"http:\/\/argentinamunicipal.com.ar\/argentina\/wp-json\/wp\/v2\/users\/2"}],"replies":[{"embeddable":true,"href":"http:\/\/argentinamunicipal.com.ar\/argentina\/wp-json\/wp\/v2\/comments?post=137159"}],"version-history":[{"count":0,"href":"http:\/\/argentinamunicipal.com.ar\/argentina\/wp-json\/wp\/v2\/posts\/137159\/revisions"}],"wp:featuredmedia":[{"embeddable":true,"href":"http:\/\/argentinamunicipal.com.ar\/argentina\/wp-json\/wp\/v2\/media\/137160"}],"wp:attachment":[{"href":"http:\/\/argentinamunicipal.com.ar\/argentina\/wp-json\/wp\/v2\/media?parent=137159"}],"wp:term":[{"taxonomy":"category","embeddable":true,"href":"http:\/\/argentinamunicipal.com.ar\/argentina\/wp-json\/wp\/v2\/categories?post=137159"},{"taxonomy":"post_tag","embeddable":true,"href":"http:\/\/argentinamunicipal.com.ar\/argentina\/wp-json\/wp\/v2\/tags?post=137159"}],"curies":[{"name":"wp","href":"https:\/\/api.w.org\/{rel}","templated":true}]}}