{"id":137223,"date":"2023-06-16T06:05:36","date_gmt":"2023-06-16T09:05:36","guid":{"rendered":"http:\/\/argentinamunicipal.com.ar\/argentina\/?p=137223"},"modified":"2023-06-16T06:27:34","modified_gmt":"2023-06-16T09:27:34","slug":"frente-frio-la-dura-situacion-de-los-vendedores-callejeros-en-mendoza","status":"publish","type":"post","link":"http:\/\/argentinamunicipal.com.ar\/argentina\/frente-frio-la-dura-situacion-de-los-vendedores-callejeros-en-mendoza\/","title":{"rendered":"Frente fr\u00edo: la dura situaci\u00f3n de los vendedores callejeros en Mendoza"},"content":{"rendered":"<p>En una semana muy dura debido a las bajas temperaturas, los comerciantes de la calle le ponen el pecho a la situaci\u00f3n y salen a trabajar, a pesar del fr\u00edo que est\u00e1 haciendo en la provincia.<\/p>\n<p>La llegada de junio vino de la mano con las bajas temperaturas, y la ola polar est\u00e1 pegando fuerte en Mendoza. Ante este escenario, la sociedad se empieza a preparar para el invierno, que promete ser muy crudo en la provincia. Sin embargo, hay un grupo de trabajadores de Mendoza que no pueden hacer la vista gorda a las bajas temperaturas, y deben salir a enfrentar el fr\u00edo, que va en aumento d\u00eda a d\u00eda: los vendedores de la calle.<\/p>\n<p>Estas valientes personas no saben de climas, y son conscientes de que, en su caso, deben salir a batallar a la intemperie a diario para llevar la comida al hogar. Por ese motivo,\u00a0MDZ\u00a0decidi\u00f3 salir a la calle para charlar con estos comerciantes y conocer esas historias de lucha que tanto inspiran.<\/p>\n<p>Uno de los que conoce bien lo que es sufrir fr\u00edo en invierno mientras se trabaja es Carlos, un lustrabotas que se encuentra en una de las esquinas de San Mart\u00edn y Garibaldi, uno de los corazones del centro de Mendoza, al servicio de todos los clientes que deseen que sus zapatos luzcan como nuevos: \u201cLlevo 15 a\u00f1os en esta esquina, y tengo 36, as\u00ed que pr\u00e1cticamente he estado ac\u00e1 la mitad de mi vida\u201d, sentenci\u00f3.<\/p>\n<p>El lustrabotas cuenta que el negocio va bien, y que afortunadamente trabaja bastante a pesar del fr\u00edo de Mendoza. Carlos comienza su trabajo a las 9 de la ma\u00f1ana, y confiesa que en esta \u00e9poca de invierno hay que aguantar, abrigarse y esperar a que vengan clientes para \u201ccalentarse un poquito y entrar en calor\u201d.<\/p>\n<p>\u201cYo tengo una discapacidad, me falta una pierna y tengo una pr\u00f3tesis, as\u00ed que trabajo hasta el mediod\u00eda, ya que tambi\u00e9n necesito descansar\u201d, relat\u00f3 Carlos cuando se le consult\u00f3 por los horarios en los que se lo encuentra en actividad. Adem\u00e1s, se lo nota alegre al comentar que tiene una buena clientela, que actualmente debe pagar un valor de 500 pesos por la lustrada.<\/p>\n<p>Otra de las historias que vale la pena contar es la de Catalina, que trabaja en la calle vendiendo flores desde que tiene 12 a\u00f1os, y afirma que lo importante en esta \u00e9poca es abrigarse bien, y no olvidarse de ponerse un gorro o boina de lana.<\/p>\n<p>Respecto al negocio, explica lo siguiente: \u201cLa verdad es que viene decayendo, pero hay que salir a lucharla\u201d, expresa con tristeza. La florista asegura que incluso se ha llegado a levantar a las 5 de la ma\u00f1ana parta cumplir con su actividad, la cual realiza en la intersecci\u00f3n de San Juan y Catamarca, lugar al que llega en colectivo. En esa esquina, se la puede encontrar hasta las 20 horas, aproximadamente.<\/p>\n<p>Si lo que se busca es comprar golosinas, hay que recurrir a Javier, vendedor ubicado en la calle San Mart\u00edn, que hace dos semanas que trabaja en el carrito de dulces como empleado, pero que sabe bien lo que es trabajar con el\u00a0fr\u00edo, ya que no solo madruga muy temprano, sino que tambi\u00e9n tiene otro trabajo en el turno noche: \u201cayer\u00a0hizo much\u00edsimo\u00a0fr\u00edo, pero hay que trabajar\u201d, comenta el comerciante.<\/p>\n<p>El centro de Mendoza est\u00e1 colmado de vendedores callejeros, que ofrecen productos o servicios para todos los gustos; y que tienen el objetivo de seducir al peat\u00f3n con sus emprendimientos, que son los que le dan de comer a cada uno de ellos d\u00eda a d\u00eda. El esfuerzo que hacen para combatir el fr\u00edo es muy grande, pero ellos est\u00e1n dispuestos a hacerle frente a las bajas temperaturas para salir adelante.<\/p>\n<h6>Fuente: MDZ<\/h6>\n","protected":false},"excerpt":{"rendered":"<p>En una semana muy dura debido a las bajas temperaturas, los comerciantes de la calle le ponen el pecho a la situaci\u00f3n y salen a trabajar, a pesar del fr\u00edo que est\u00e1 haciendo en la provincia.<\/p>\n","protected":false},"author":2,"featured_media":137224,"comment_status":"closed","ping_status":"closed","sticky":false,"template":"","format":"standard","meta":{"footnotes":""},"categories":[2],"tags":[31],"class_list":["post-137223","post","type-post","status-publish","format-standard","has-post-thumbnail","hentry","category-informe-municipal","tag-mendoza"],"_links":{"self":[{"href":"http:\/\/argentinamunicipal.com.ar\/argentina\/wp-json\/wp\/v2\/posts\/137223","targetHints":{"allow":["GET"]}}],"collection":[{"href":"http:\/\/argentinamunicipal.com.ar\/argentina\/wp-json\/wp\/v2\/posts"}],"about":[{"href":"http:\/\/argentinamunicipal.com.ar\/argentina\/wp-json\/wp\/v2\/types\/post"}],"author":[{"embeddable":true,"href":"http:\/\/argentinamunicipal.com.ar\/argentina\/wp-json\/wp\/v2\/users\/2"}],"replies":[{"embeddable":true,"href":"http:\/\/argentinamunicipal.com.ar\/argentina\/wp-json\/wp\/v2\/comments?post=137223"}],"version-history":[{"count":0,"href":"http:\/\/argentinamunicipal.com.ar\/argentina\/wp-json\/wp\/v2\/posts\/137223\/revisions"}],"wp:featuredmedia":[{"embeddable":true,"href":"http:\/\/argentinamunicipal.com.ar\/argentina\/wp-json\/wp\/v2\/media\/137224"}],"wp:attachment":[{"href":"http:\/\/argentinamunicipal.com.ar\/argentina\/wp-json\/wp\/v2\/media?parent=137223"}],"wp:term":[{"taxonomy":"category","embeddable":true,"href":"http:\/\/argentinamunicipal.com.ar\/argentina\/wp-json\/wp\/v2\/categories?post=137223"},{"taxonomy":"post_tag","embeddable":true,"href":"http:\/\/argentinamunicipal.com.ar\/argentina\/wp-json\/wp\/v2\/tags?post=137223"}],"curies":[{"name":"wp","href":"https:\/\/api.w.org\/{rel}","templated":true}]}}