{"id":137273,"date":"2023-06-21T17:33:17","date_gmt":"2023-06-21T20:33:17","guid":{"rendered":"http:\/\/argentinamunicipal.com.ar\/argentina\/?p=137273"},"modified":"2023-06-21T17:33:17","modified_gmt":"2023-06-21T20:33:17","slug":"fernandez-anuncio-que-el-ministerio-de-justicia-analizara-la-reforma-en-jujuy","status":"publish","type":"post","link":"http:\/\/argentinamunicipal.com.ar\/argentina\/fernandez-anuncio-que-el-ministerio-de-justicia-analizara-la-reforma-en-jujuy\/","title":{"rendered":"Fern\u00e1ndez anunci\u00f3 que el Ministerio de Justicia analizar\u00e1 la reforma en Jujuy"},"content":{"rendered":"<p>Adem\u00e1s, el presidente inst\u00f3 a Gerardo Morales a \u00abcumplir con los est\u00e1ndares internacionales en materia de derechos humanos\u00bb.<\/p>\n<p>El presidente Alberto Fern\u00e1ndez le pidi\u00f3 al gobernador de Jujuy, Gerardo Morales, que \u00abno utilice al pueblo\u00bb de esa provincia como \u00abbanco de prueba de represi\u00f3n y saqueo que determinados sectores pol\u00edticos pretenden llevar adelante\u00bb, a la vez que anunci\u00f3 que instruy\u00f3 al Ministerio de Justicia para que \u00abanalice y eventualmente promueva las acciones de inconstitucionalidad de los art\u00edculos de la reforma\u00bb de la Carta Magna en el distrito norte\u00f1o.<\/p>\n<p>Adem\u00e1s, lo inst\u00f3 \u00abde forma definitiva\u00bb a \u00abcumplir con los est\u00e1ndares internacionales en materia de derechos humanos\u00bb, al advertir que \u00abes nuestro pueblo y es el mundo los que le exigen que se termine la violencia estatal\u00bb en esa provincia.<\/p>\n<p>Desde la Sala de Conferencias de Casa Rosada, Fern\u00e1ndez anunci\u00f3 que dio instrucciones al Ministerio de Justicia para que \u00abanalice y eventualmente promueva las acciones de inconstitucionalidad de los art\u00edculos de la reforma\u00bb de la Carta Magna de Jujuy que \u00abviolan la Constituci\u00f3n Nacional y los tratados internacionales\u00bb.<\/p>\n<p>Tambi\u00e9n\u00a0pidi\u00f3 a Morales que \u00abno utilice al pueblo\u00bb de esa provincia\u00a0como \u00abbanco de prueba de represi\u00f3n y saqueo que determinados sectores pol\u00edticos pretenden llevar adelante\u00bb, y afirm\u00f3 que esa administraci\u00f3n contar\u00e1 con el \u00abapoyo\u00bb del Gobierno nacional si se decide a promover un di\u00e1logo.<\/p>\n<p>Fern\u00e1ndez reiter\u00f3 el pedido para que el mandatario juje\u00f1o \u00abconvoque a las comunidades ind\u00edgenas y a todos los actores sociales a encontrar caminos de di\u00e1logo para superar el conflicto que ha provocado con acciones antidemocr\u00e1ticas\u00bb.<\/p>\n<p>\u00abCuenta conmigo personalmente y con apoyo del Gobierno nacional\u00bb, subray\u00f3. Remarc\u00f3 que\u00a0\u00ablos hechos de represi\u00f3n y violencia estatal sucedidos en Jujuy son inadmisibles en nuestra vida democr\u00e1tica\u00bb,\u00a0a tal punto que \u00abha provocado la alerta y la condena de los organismos internacionales defensores de los derechos humanos.<\/p>\n<p>En ese sentido, cit\u00f3 a la Comisi\u00f3n Interamericana de Derechos Humanos, la Oficina Regional para Am\u00e9rica del Sur de las Naciones Unidas para los Derechos Humanos (ACNUDH), Amnist\u00eda Internacional y Human Rights Watch, que \u00abse han pronunciado de forma clara y contundente llamando de manera inmediata al cese de la violencia estatal y a garantizar la vigencia de los derechos humanos en la provincia de Jujuy\u00bb.<\/p>\n<p>\u00abRespetamos el federalismo y la autonom\u00eda de las provincias, pero de no cesar los hechos de represi\u00f3n iniciar\u00e9 las acciones judiciales y legislativas necesarias para garantizar los derechos humanos en la provincia de Jujuy\u00bb, alert\u00f3.<\/p>\n<p>\u00abHemos enviado a Jujuy funcionarios de la secretar\u00eda de DDHH, la Agencia de Asuntos Ind\u00edgenas y la Agencia Nacional de Discapacidad\u00bb, inform\u00f3.<\/p>\n<p>Y refiri\u00f3 que el secretario de Derechos Humanos de la Naci\u00f3n, Horacio Pietragalla Corti, \u00abestuvo en Jujuy desde el primer, volvi\u00f3 a Buenos Aires a informarme sobre la cr\u00edtica situaci\u00f3n y por mi instrucci\u00f3n ya ha regresado a la provincia para acompa\u00f1ar a las comunidades y conocer de cerca el acontecer de los hechos\u00bb.<\/p>\n<h6>Fuente: La NUeva Ma\u00f1ana<\/h6>\n","protected":false},"excerpt":{"rendered":"<p>Adem\u00e1s, el presidente inst\u00f3 a Gerardo Morales a \u00abcumplir con los est\u00e1ndares internacionales en materia de derechos humanos\u00bb.<\/p>\n","protected":false},"author":2,"featured_media":137274,"comment_status":"closed","ping_status":"closed","sticky":false,"template":"","format":"standard","meta":{"footnotes":""},"categories":[8],"tags":[21],"class_list":["post-137273","post","type-post","status-publish","format-standard","has-post-thumbnail","hentry","category-informe-nacional","tag-argentina"],"_links":{"self":[{"href":"http:\/\/argentinamunicipal.com.ar\/argentina\/wp-json\/wp\/v2\/posts\/137273","targetHints":{"allow":["GET"]}}],"collection":[{"href":"http:\/\/argentinamunicipal.com.ar\/argentina\/wp-json\/wp\/v2\/posts"}],"about":[{"href":"http:\/\/argentinamunicipal.com.ar\/argentina\/wp-json\/wp\/v2\/types\/post"}],"author":[{"embeddable":true,"href":"http:\/\/argentinamunicipal.com.ar\/argentina\/wp-json\/wp\/v2\/users\/2"}],"replies":[{"embeddable":true,"href":"http:\/\/argentinamunicipal.com.ar\/argentina\/wp-json\/wp\/v2\/comments?post=137273"}],"version-history":[{"count":0,"href":"http:\/\/argentinamunicipal.com.ar\/argentina\/wp-json\/wp\/v2\/posts\/137273\/revisions"}],"wp:featuredmedia":[{"embeddable":true,"href":"http:\/\/argentinamunicipal.com.ar\/argentina\/wp-json\/wp\/v2\/media\/137274"}],"wp:attachment":[{"href":"http:\/\/argentinamunicipal.com.ar\/argentina\/wp-json\/wp\/v2\/media?parent=137273"}],"wp:term":[{"taxonomy":"category","embeddable":true,"href":"http:\/\/argentinamunicipal.com.ar\/argentina\/wp-json\/wp\/v2\/categories?post=137273"},{"taxonomy":"post_tag","embeddable":true,"href":"http:\/\/argentinamunicipal.com.ar\/argentina\/wp-json\/wp\/v2\/tags?post=137273"}],"curies":[{"name":"wp","href":"https:\/\/api.w.org\/{rel}","templated":true}]}}