{"id":137384,"date":"2023-06-26T17:40:53","date_gmt":"2023-06-26T20:40:53","guid":{"rendered":"http:\/\/argentinamunicipal.com.ar\/argentina\/?p=137384"},"modified":"2023-06-26T17:40:53","modified_gmt":"2023-06-26T20:40:53","slug":"simoca-recibira-a-miles-de-visitantes-con-tradicion-y-folclore-durante-julio","status":"publish","type":"post","link":"http:\/\/argentinamunicipal.com.ar\/argentina\/simoca-recibira-a-miles-de-visitantes-con-tradicion-y-folclore-durante-julio\/","title":{"rendered":"Simoca recibir\u00e1 a miles de visitantes con tradici\u00f3n y folclore durante julio"},"content":{"rendered":"<p>Este s\u00e1bado 24 inicia una nueva edici\u00f3n de la Fiesta Nacional de la Feria de Simoca, que se extender\u00e1 durante todos los fines de semana de julio. Entrada libre y gratuita.<\/p>\n<p>Simoca prepara sus sulkys y sus ranchos para recibir a cientos de turistas en la 43\u00b0 edici\u00f3n de la Fiesta Nacional de la Feria, que iniciar\u00e1 este s\u00e1bado 24 de junio y se extender\u00e1 durante todos los s\u00e1bados de julio en el predio Mercedes Sosa, con entrada libre y gratuita.<\/p>\n<p>La Capital Nacional del Sulky se colmar\u00e1 del talento de los artistas y m\u00fasicos m\u00e1s grandes del pa\u00eds, de la alegr\u00eda y destreza de las academias de danzas folcl\u00f3ricas y de nuestros sabores m\u00e1s distintivos en los ranchos que ofrecer\u00e1n delicias tradicionales como el pastel de novia, plato estrella de Simoca. Por supuesto, no faltar\u00e1 otra marca identitaria de esta ciudad: los paseos en sulky.<\/p>\n<p>\u201cEsta fiesta habla de la trascendencia que tiene este producto tur\u00edstico para una comunidad que potencia su identidad a trav\u00e9s de lo que la hace sentirse orgullosa. La feria y el sulky son los baluartes en Simoca\u201d, expres\u00f3 la vicepresidenta del Ente Tucum\u00e1n Turismo, Elena Colombres Garmendia, durante la presentaci\u00f3n que encabez\u00f3 junto al intendente Marcelo Herrera y al ministro del Interior, Miguel Acevedo. \u201cDesde el Ente celebramos ese empuje e instamos a todas las comunas y municipios a trabajar de manera tur\u00edstica porque as\u00ed nos beneficiamos todos los tucumanos\u201d, agreg\u00f3.<\/p>\n<p>Sobre el evento, Herrera remarc\u00f3 que se trata de \u201cla fiesta m\u00e1s grande, m\u00e1s t\u00edpica y m\u00e1s tradicional del pa\u00eds\u201d. \u201cEs la fiesta m\u00e1s larga porque iniciamos al mediod\u00eda con el izamiento de la bandera y cantando nuestro Himno y luego se larga la m\u00fasica y la danza en el escenario hasta la medianoche\u201d, detall\u00f3 el jefe municipal y se\u00f1al\u00f3 que el precio de los platos t\u00edpicos en los ranchos ser\u00e1 accesible \u201cporque desde la Municipalidad no le cobramos el piso a nuestros feriantes\u201d.<\/p>\n<p>El intendente agreg\u00f3 que con el paso del tiempo la fiesta sum\u00f3 fechas y, en esta oportunidad, ser\u00e1n siete los s\u00e1bados de celebraci\u00f3n y folclore. \u201cOfrecemos una yapa el primer s\u00e1bado de agosto para incluir a todos los g\u00e9neros como m\u00fasica del recuerdo, cumbia, cuarteto, guaracha y rock\u201d, enumer\u00f3 Herrera.<\/p>\n<p>Por su parte, el ministro Acevedo resalt\u00f3 la importancia de la fiesta para los tucumanos, en especial para los simoque\u00f1os, \u201cya que tiene trascendencia a nivel nacional. Esta edici\u00f3n seguramente brillar\u00e1 y espero el acompa\u00f1amiento de toda la provincia. Esta fiesta representa nuestra tradici\u00f3n, tanto la m\u00fasica como la gastronom\u00eda porque el pastel de novia no se come en otra parte de Tucum\u00e1n y mucho menos del pa\u00eds\u201d, concluy\u00f3 el funcionario.<\/p>\n<p>Entre los artistas que conforman la cartelera de la fiesta se pueden mencionar a Las Voces del Boquer\u00f3n, Los Nombradores del Alba, Los 4 de Tucum\u00e1n, Los Palmare\u00f1os, Resonantes y Dalmiro Cuellar, entre otros.<\/p>\n<h6>Fuente: tucum\u00e1n hoy<\/h6>\n","protected":false},"excerpt":{"rendered":"<p>Este s\u00e1bado 24 inicia una nueva edici\u00f3n de la Fiesta Nacional de la Feria de Simoca, que se extender\u00e1 durante todos los fines de semana de julio. Entrada libre y gratuita.<\/p>\n","protected":false},"author":2,"featured_media":137385,"comment_status":"closed","ping_status":"closed","sticky":false,"template":"","format":"standard","meta":{"footnotes":""},"categories":[47],"tags":[33],"class_list":["post-137384","post","type-post","status-publish","format-standard","has-post-thumbnail","hentry","category-fiestas","tag-tucuman"],"_links":{"self":[{"href":"http:\/\/argentinamunicipal.com.ar\/argentina\/wp-json\/wp\/v2\/posts\/137384","targetHints":{"allow":["GET"]}}],"collection":[{"href":"http:\/\/argentinamunicipal.com.ar\/argentina\/wp-json\/wp\/v2\/posts"}],"about":[{"href":"http:\/\/argentinamunicipal.com.ar\/argentina\/wp-json\/wp\/v2\/types\/post"}],"author":[{"embeddable":true,"href":"http:\/\/argentinamunicipal.com.ar\/argentina\/wp-json\/wp\/v2\/users\/2"}],"replies":[{"embeddable":true,"href":"http:\/\/argentinamunicipal.com.ar\/argentina\/wp-json\/wp\/v2\/comments?post=137384"}],"version-history":[{"count":0,"href":"http:\/\/argentinamunicipal.com.ar\/argentina\/wp-json\/wp\/v2\/posts\/137384\/revisions"}],"wp:featuredmedia":[{"embeddable":true,"href":"http:\/\/argentinamunicipal.com.ar\/argentina\/wp-json\/wp\/v2\/media\/137385"}],"wp:attachment":[{"href":"http:\/\/argentinamunicipal.com.ar\/argentina\/wp-json\/wp\/v2\/media?parent=137384"}],"wp:term":[{"taxonomy":"category","embeddable":true,"href":"http:\/\/argentinamunicipal.com.ar\/argentina\/wp-json\/wp\/v2\/categories?post=137384"},{"taxonomy":"post_tag","embeddable":true,"href":"http:\/\/argentinamunicipal.com.ar\/argentina\/wp-json\/wp\/v2\/tags?post=137384"}],"curies":[{"name":"wp","href":"https:\/\/api.w.org\/{rel}","templated":true}]}}